{"id":5236,"date":"2021-10-07T05:35:13","date_gmt":"2021-10-07T03:35:13","guid":{"rendered":"http:\/\/www.infokuryr.cz\/n\/?p=5236"},"modified":"2021-10-07T05:35:13","modified_gmt":"2021-10-07T03:35:13","slug":"dejte-nam-normalnim-lidem-pokoj-s-tim-svym-debilnim-green-dealem","status":"publish","type":"post","link":"https:\/\/www.infokuryr.cz\/n\/2021\/10\/07\/dejte-nam-normalnim-lidem-pokoj-s-tim-svym-debilnim-green-dealem\/","title":{"rendered":"Dejte n\u00e1m norm\u00e1ln\u00edm lidem pokoj s t\u00edm sv\u00fdm debiln\u00edm Green Dealem!"},"content":{"rendered":"<div id=\"fb-root\"><\/div>\n<p>Jsem stokr\u00e1t zelen\u011bj\u0161\u00ed ne\u017e ti nejzelen\u011bj\u0161\u00ed zelen\u00ed. A v\u017edycky to tak bylo. M\u016fj \u017eivot byl extr\u00e9mn\u011b (neboj\u00edm se toho slova) ovlivn\u011bn ekologick\u00fdmi ohledy.<\/p>\n<p>Nikdy v \u017eivot\u011b m\u011b nikdo nedostal a nedostane do letadla. Nikdy m\u011b ani ve snu nenapadlo si ud\u011blat \u0159idi\u010d\u00e1k a koupit si auto. P\u0159es dvacet let bylo m\u00fdm jedin\u00fdm dopravn\u00edm prost\u0159edkem pro pohyb po Praze j\u00edzdn\u00ed kolo. Zbytek absolvov\u00e1n p\u011b\u0161ky, teprve v posledn\u00ed dob\u011b za\u010d\u00edn\u00e1m pou\u017e\u00edvat MHD.<\/p>\n<p>V ekvivalentu spot\u0159eby paliva to u\u0161et\u0159ilo zhruba 700 litr\u016f benz\u00ednu ro\u010dn\u011b. Na dovolen\u00e9 v zahrani\u010d\u00ed (u mo\u0159e) jsme byli s rodinou naposled p\u0159ed 19 lety.<\/p>\n<div class=\"-wm-o9v6fnle -wm-cxmmr5t8 -wm-oygrvhab -wm-hcukyx3x -wm-c1et5uql -wm-ii04i59q\">\n<div dir=\"auto\">Bydl\u00edm v 70 a\u017e 100 let star\u00e9m n\u00e1bytku, kter\u00fd si m\u016fj otec p\u0159ed v\u00edce ne\u017e pades\u00e1ti lety po\u0159izoval v bazaru. Ve sv\u00e9m byt\u011b udr\u017euju p\u0159es zimu teplotu pod 20\u00b0C, ve sv\u00e9 pracovn\u011b dokonce jen lehce nad 15\u00b0C.<\/div>\n<div><\/div>\n<\/div>\n<div class=\"-wm-o9v6fnle -wm-cxmmr5t8 -wm-oygrvhab -wm-hcukyx3x -wm-c1et5uql -wm-ii04i59q\">\n<div dir=\"auto\">Ve\u0161ker\u00e9 spot\u0159ebn\u00ed zbo\u017e\u00ed (elektroniku, za\u0159\u00edzen\u00ed bytu, od\u011bvy, obuv, n\u00e1dob\u00ed a dokonce i to kolo) u\u017e\u00edv\u00e1m a\u017e na samou hranici tot\u00e1ln\u00edho opot\u0159eben\u00ed a fyzick\u00e9 \u017eivotnosti. St\u00e1\u0159\u00ed m\u00e9ho po\u010d\u00edta\u010de, mobiln\u00edho telefonu i v podstat\u011b nepou\u017e\u00edvan\u00e9 televize se po\u010d\u00edt\u00e1 na des\u00edtky let.<\/div>\n<\/div>\n<div class=\"-wm-o9v6fnle -wm-cxmmr5t8 -wm-oygrvhab -wm-hcukyx3x -wm-c1et5uql -wm-ii04i59q\">\n<div><\/div>\n<div dir=\"auto\">A te\u010f mus\u00edm poslouchat, jak lidstvo (pota\u017emo j\u00e1) \u017eije neekologicky, neudr\u017eiteln\u011b a jak je pot\u0159eba p\u0159estat j\u00edst maso, p\u0159estat topit v bytech fosiln\u00edmi palivy \u010di dokonce d\u0159evem atd. J\u00e1 toti\u017e na rozd\u00edl od t\u011bch ekologick\u00fdch tlachal\u016f svou uhl\u00edkovou stopu u\u017e nem\u00e1m kam sni\u017eovat.<\/div>\n<\/div>\n<div class=\"-wm-o9v6fnle -wm-cxmmr5t8 -wm-oygrvhab -wm-hcukyx3x -wm-c1et5uql -wm-ii04i59q\">\n<div><\/div>\n<div dir=\"auto\">A ani u\u017e nechci, kdy\u017e vid\u00edm, KDO m\u011b k tomu chce nutit. A\u017e v\u0161ichni ti pan\u00e1ci, kte\u0159\u00ed se tv\u00e1\u0159\u00ed jako zachr\u00e1nci sv\u011bta t\u00edm, \u017ee v\u0161em ostatn\u00edm krom\u011b sebe zak\u00e1\u017eou j\u00eddlo a teplo (vzduch u\u017e n\u00e1m d\u00e1vkuj\u00ed p\u0159es respir\u00e1tory), se by\u0165 jen \u0159\u00e1dov\u011b p\u0159ibl\u00ed\u017e\u00ed m\u00e9 uhl\u00edkov\u00e9 stop\u011b, za\u010dnu ty jejich varovn\u00e9 v\u00fdk\u0159iky (mo\u017en\u00e1) vn\u00edmat.<\/div>\n<\/div>\n<div class=\"-wm-o9v6fnle -wm-cxmmr5t8 -wm-oygrvhab -wm-hcukyx3x -wm-c1et5uql -wm-ii04i59q\">\n<div><\/div>\n<div dir=\"auto\">Budou m\u011b pou\u010dovat lid\u00e9, kte\u0159\u00ed ka\u017edoro\u010dn\u011b l\u00e9taj\u00ed letadlem tis\u00edce nebo i desetitis\u00edce kilometr\u016f na exotick\u00e9 dovolen\u00e9 nebo za byznysem, zat\u00edmco moje rodina nikdy nikam nelet\u011bla? Budou m\u011b pou\u010dovat a omezovat lid\u00e9, kte\u0159\u00ed ka\u017edodenn\u011b pou\u017e\u00edvaj\u00ed auto pro j\u00edzdu do pr\u00e1ce \u010di za z\u00e1bavou, plus samoz\u0159ejm\u011b pro rekrea\u010dn\u00ed \u00fa\u010dely o v\u00edkendech? Moje rodina nikdy \u017e\u00e1dn\u00e9 auto nem\u011bla \u2013 v\u0161echny sv\u00e9 dopravn\u00ed pot\u0159eby pokr\u00fdv\u00e1me p\u011b\u0161ky, na kole nebo hromadnou dopravou. A pokud n\u011bkdy n\u011bkam jedeme autem, je v\u017edy pln\u011b obsazen\u00e9.<\/div>\n<\/div>\n<div class=\"-wm-o9v6fnle -wm-cxmmr5t8 -wm-oygrvhab -wm-hcukyx3x -wm-c1et5uql -wm-ii04i59q\">\n<div><\/div>\n<div dir=\"auto\">Ani na\u0161e spot\u0159eba energi\u00ed v dom\u00e1cnosti nedosahuje \u017e\u00e1dn\u00fdch z\u00e1vratn\u00fdch hodnot. M\u00e1m polovi\u010dn\u00ed spot\u0159ebu vody oproti celost\u00e1tn\u00edmu pr\u016fm\u011bru, elekt\u0159inou a plynem \u0161et\u0159\u00edm tak, \u017ee u\u017e mi za to rodina nad\u00e1v\u00e1. No pova\u017ete: Je spot\u0159eba zhruba 18 GJ (plyn plus elekt\u0159ina) a 20 kubick\u00fdch metr\u016f vody na osobu a rok \u201eneudr\u017eiteln\u00e1\u201c? A to vyt\u00e1p\u00edm obestav\u011bn\u00fd prostor 400 kubick\u00fdch metr\u016f.<\/div>\n<\/div>\n<div class=\"-wm-o9v6fnle -wm-cxmmr5t8 -wm-oygrvhab -wm-hcukyx3x -wm-c1et5uql -wm-ii04i59q\">\n<div><\/div>\n<div dir=\"auto\">Kdy\u017e se na probl\u00e9m pod\u00edv\u00e1m trochu m\u00e9n\u011b osobn\u011b a s odstupem: Omezovat by se m\u011bli za\u010d\u00edt ti, kte\u0159\u00ed maj\u00ed vysok\u00e9 p\u0159\u00edjmy, velk\u00e9 majetky a hlavn\u011b vysokou spot\u0159ebu jak zbo\u017e\u00ed, tak samoz\u0159ejm\u011b paliv a energi\u00ed.<\/div>\n<\/div>\n<div class=\"-wm-o9v6fnle -wm-cxmmr5t8 -wm-oygrvhab -wm-hcukyx3x -wm-c1et5uql -wm-ii04i59q\">\n<div><\/div>\n<div dir=\"auto\">Vy v\u0161ichni sv\u011btov\u00ed zbohatl\u00edci a nabobov\u00e9! Za\u010dn\u011bte u sebe a dejte n\u00e1m norm\u00e1ln\u00edm lidem pokoj s t\u00edm sv\u00fdm debiln\u00edm Green Dealem! Za\u010dn\u011bte se chovat jako j\u00e1 a planeta bude bez jak\u00fdchkoli ekologick\u00fdch probl\u00e9m\u016f.<\/div>\n<\/div>\n<div dir=\"auto\"><\/div>\n<div dir=\"auto\">Bo\u017eena Weitingerov\u00e1<\/div>\n<div dir=\"auto\"><\/div>\n<p>&nbsp;<\/p>\n","protected":false},"excerpt":{"rendered":"<p>Jsem stokr\u00e1t zelen\u011bj\u0161\u00ed ne\u017e ti nejzelen\u011bj\u0161\u00ed zelen\u00ed. A v\u017edycky to tak bylo. M\u016fj \u017eivot byl&#8230;<\/p>\n","protected":false},"author":2,"featured_media":5237,"comment_status":"closed","ping_status":"closed","sticky":false,"template":"","format":"standard","meta":[],"categories":[6],"tags":[67,29],"_links":{"self":[{"href":"https:\/\/www.infokuryr.cz\/n\/wp-json\/wp\/v2\/posts\/5236"}],"collection":[{"href":"https:\/\/www.infokuryr.cz\/n\/wp-json\/wp\/v2\/posts"}],"about":[{"href":"https:\/\/www.infokuryr.cz\/n\/wp-json\/wp\/v2\/types\/post"}],"author":[{"embeddable":true,"href":"https:\/\/www.infokuryr.cz\/n\/wp-json\/wp\/v2\/users\/2"}],"replies":[{"embeddable":true,"href":"https:\/\/www.infokuryr.cz\/n\/wp-json\/wp\/v2\/comments?post=5236"}],"version-history":[{"count":0,"href":"https:\/\/www.infokuryr.cz\/n\/wp-json\/wp\/v2\/posts\/5236\/revisions"}],"wp:featuredmedia":[{"embeddable":true,"href":"https:\/\/www.infokuryr.cz\/n\/wp-json\/wp\/v2\/media\/5237"}],"wp:attachment":[{"href":"https:\/\/www.infokuryr.cz\/n\/wp-json\/wp\/v2\/media?parent=5236"}],"wp:term":[{"taxonomy":"category","embeddable":true,"href":"https:\/\/www.infokuryr.cz\/n\/wp-json\/wp\/v2\/categories?post=5236"},{"taxonomy":"post_tag","embeddable":true,"href":"https:\/\/www.infokuryr.cz\/n\/wp-json\/wp\/v2\/tags?post=5236"}],"curies":[{"name":"wp","href":"https:\/\/api.w.org\/{rel}","templated":true}]}}