{"id":5233,"date":"2021-10-07T04:55:53","date_gmt":"2021-10-07T02:55:53","guid":{"rendered":"http:\/\/www.infokuryr.cz\/n\/?p=5233"},"modified":"2021-10-07T04:55:53","modified_gmt":"2021-10-07T02:55:53","slug":"to-vam-piratostan-a-top-09-o-euru-nereknou-premier-babis-vysvetlil-proc-rostou-ceny-a-inflace","status":"publish","type":"post","link":"https:\/\/www.infokuryr.cz\/n\/2021\/10\/07\/to-vam-piratostan-a-top-09-o-euru-nereknou-premier-babis-vysvetlil-proc-rostou-ceny-a-inflace\/","title":{"rendered":"\u201eTo v\u00e1m Pir\u00e1tostan a TOP 09 o euru ne\u0159eknou,\u201d premi\u00e9r Babi\u0161 vysv\u011btlil, pro\u010d rostou ceny a inflace"},"content":{"rendered":"<div id=\"fb-root\"><\/div>\n<p><strong>Minul\u00fd p\u00e1tek statistick\u00fd \u00fa\u0159ad Evropsk\u00e9 unie (Eurostat) uvedl, \u017ee inflace v euroz\u00f3n\u011b vzrostla ze srpnov\u00fdch 3,0 % na 3,4 % v d\u016fsledku prudk\u00e9ho r\u016fstu cen energetick\u00fdch komodit, v\u010detn\u011b ropy a zemn\u00edho plynu. Podle premi\u00e9ra Andreje Babi\u0161e je na tom \u010cesk\u00e1 republika, co se t\u00fd\u010de inflace, ve srovn\u00e1n\u00ed s ostatn\u00edmi zem\u011bmi Evropsk\u00e9 unie st\u00e1le je\u0161t\u011b dob\u0159e.<\/strong><\/p>\n<p>\u201eNa\u0161e inflace je st\u00e1le pod pr\u016fm\u011brem\u00a0Evropsk\u00e9 unie. A kdybychom m\u011bli euro, byla by ur\u010dit\u011b vy\u0161\u0161\u00ed,\u201c p\u00ed\u0161e Babi\u0161 na sv\u00e9 facebookov\u00e9 str\u00e1nce s t\u00edm, \u017ee v sousedn\u00edm N\u011bmecku pr\u00fd za\u017e\u00edvaj\u00ed nejvy\u0161\u0161\u00ed inflaci od po\u010d\u00e1tku devades\u00e1t\u00fdch let.<\/p>\n<p>Podle n\u011bj Pir\u00e1ti a\u00a0koalice SPOLU\u00a0zaml\u010duj\u00ed m\u00edru inflace v jin\u00fdch zem\u00edch Evropy, proto\u017ee cht\u011bj\u00ed zav\u00e9st euro.<\/p>\n<p>\u201eTo v\u00e1m Pir\u00e1tost\u00e1n a TOP 09, kte\u0159\u00ed cht\u011bj\u00ed euro, samoz\u0159ejm\u011b ne\u0159eknou,\u201c r\u00fdpl si je\u0161t\u011b p\u0159edseda vl\u00e1dy do sv\u00fdch nejv\u011bt\u0161\u00edch volebn\u00edch konkurent\u016f.<\/p>\n<p>D\u0159\u00edve v z\u00e1\u0159\u00ed premi\u00e9r ve Sn\u011bmovn\u011b vysv\u011btloval r\u016fst cen\u00a0rostouc\u00edmi cenami\u00a0ropy a plynu a ohradil se proti pir\u00e1tsk\u00e9mu poslanci Jakubu Mich\u00e1lkovi, \u017ee se podle n\u011bj sna\u017e\u00ed Mich\u00e1lek lidem namluvit, \u017ee inflaci zp\u016fsobila vl\u00e1da.<\/p>\n<p>\u201eInflace je v\u0161ude v Americe i v Evrop\u011b,\u201c podotkl.<\/p>\n<p>P\u0159ipome\u0148me, \u017ee ji\u017e v \u010dervnu si Babi\u0161 r\u00fdpl do Pir\u00e1t\u016f a ozna\u010dil poslance Mich\u00e1lka za ekonomick\u00e9ho diletanta.<\/p>\n<p>\u201eVy jste pr\u00e1vn\u00edk. U\u017e se chod\u00edte do kancel\u00e1\u0159e Bene\u0161ov\u00e9 d\u00edvat, kde budete sed\u011bt jako ministr spravedlnosti. Pro\u010d tady v\u016fbec vystupujete o v\u011bcech, o kter\u00fdch v\u016fbec nev\u00edte? Jste ekonomick\u00fd diletant stejn\u011b jako v\u00e1\u0161 Ferjen\u010d\u00edk a cel\u00e1 ta va\u0161e parta,\u201c \u00fato\u010dil d\u00e1le Babi\u0161 na\u00a0Pir\u00e1ty.<\/p>\n<p><strong>Inflace v euroz\u00f3n\u011b<\/strong><\/p>\n<p>Ve sv\u00e9m prvn\u00edm odhadu z\u00e1\u0159ijov\u00e9 inflace v 19 zem\u00edch Evropsk\u00e9 m\u011bnov\u00e9 unie Eurostat\u00a0uvedl, \u017ee ceny energi\u00ed vzrostly o v\u00edce ne\u017e 17 % ve srovn\u00e1n\u00ed se z\u00e1\u0159\u00edm 2020. Srpnov\u00e9 ceny energi\u00ed zaznamenaly meziro\u010dn\u00ed n\u00e1r\u016fst o 15,4 %.<\/p>\n<p>Eurostat d\u0159\u00edve uvedl, \u017ee ceny pr\u016fmyslov\u00fdch v\u00fdrobc\u016f za \u010dervenec, co\u017e jsou posledn\u00ed dostupn\u00e9 \u00fadaje, vzrostly o v\u00edce ne\u017e 2 %, ceny v\u00fdrobc\u016f chemick\u00fdch l\u00e1tek se zv\u00fd\u0161ily o 1 %.<\/p>\n<p>Prudk\u00fd n\u00e1r\u016fst cen energi\u00ed se prom\u00edtl i do ekonomiky a v souladu s r\u016fstem cen potravin, alkoholu a tab\u00e1ku se zv\u00fd\u0161ily i\u00a0<strong>ceny nepr\u016fmyslov\u00e9ho zbo\u017e\u00ed<\/strong>, a to o v\u00edce ne\u017e 2 %. Slu\u017eby byly podle klasifikace Eurostatu jedin\u00fdm subsektorem, kde se n\u00e1r\u016fst cen dr\u017eel pod 2% hranic\u00ed.<\/p>\n<p><em>Evropsk\u00e1 centr\u00e1ln\u00ed banka (ECB)<\/em>\u00a0v euroz\u00f3n\u011b usiluje o udr\u017een\u00ed inflace kolem 2 %. J\u00e1drov\u00e1 inflace, tedy ta, kter\u00e1 nezahrnuje volatiln\u011bj\u0161\u00ed ceny energi\u00ed, v z\u00e1\u0159\u00ed \u010dinila 1,9 %, co\u017e je n\u00e1r\u016fst oproti srpnov\u00fdm 1,7 %.<\/p>\n<p>V\u0161echny v\u00fdznamn\u00e9 ekonomiky v r\u00e1mci euroz\u00f3ny vyk\u00e1zaly\u00a0m\u00edru inflace\u00a0vy\u0161\u0161\u00ed ne\u017e 2 %. N\u011bmecko, nejv\u011bt\u0161\u00ed ekonomika euroz\u00f3ny, zaznamenala inflaci ve v\u00fd\u0161i 4,1 %.<\/p>\n<p>Analytici ING Bank uvedli, \u017ee prudk\u00fd n\u00e1r\u016fst hlavn\u00ed m\u00edry inflace byl zp\u016fsoben p\u0159edev\u0161\u00edm do\u010dasn\u00fdmi faktory, jako jsou ceny energie a p\u0159ir\u00e1\u017eky k cen\u00e1m v oblasti voln\u00e9ho \u010dasu a pohostinstv\u00ed po lockdownu.<\/p>\n<p>\u201eVy\u0161\u0161\u00ed inflace se v\u0161ak \u0161\u00ed\u0159\u00ed nap\u0159\u00ed\u010d celou ekonomikou, p\u0159i\u010dem\u017e t\u00e9m\u011b\u0159 polovina ze 100 hlavn\u00edch slo\u017eek spot\u0159ebn\u00edho ko\u0161e vykazuje m\u00edru inflace vy\u0161\u0161\u00ed ne\u017e 2 %,\u201c dodali analytici.<\/p>\n<p><a href=\"https:\/\/cz.sputniknews.com\/20211006\/to-vam-piratostan-a-top-09-o-euru-nereknou-premier-babis-vysvetlil-proc-rostou-ceny-a-inflace-16073443.html\">ZDROJ<\/a><\/p>\n<p>&nbsp;<\/p>\n","protected":false},"excerpt":{"rendered":"<p>Minul\u00fd p\u00e1tek statistick\u00fd \u00fa\u0159ad Evropsk\u00e9 unie (Eurostat) uvedl, \u017ee inflace v euroz\u00f3n\u011b vzrostla ze srpnov\u00fdch&#8230;<\/p>\n","protected":false},"author":2,"featured_media":2701,"comment_status":"closed","ping_status":"closed","sticky":false,"template":"","format":"standard","meta":[],"categories":[6],"tags":[41,683,192,137,1085,424],"_links":{"self":[{"href":"https:\/\/www.infokuryr.cz\/n\/wp-json\/wp\/v2\/posts\/5233"}],"collection":[{"href":"https:\/\/www.infokuryr.cz\/n\/wp-json\/wp\/v2\/posts"}],"about":[{"href":"https:\/\/www.infokuryr.cz\/n\/wp-json\/wp\/v2\/types\/post"}],"author":[{"embeddable":true,"href":"https:\/\/www.infokuryr.cz\/n\/wp-json\/wp\/v2\/users\/2"}],"replies":[{"embeddable":true,"href":"https:\/\/www.infokuryr.cz\/n\/wp-json\/wp\/v2\/comments?post=5233"}],"version-history":[{"count":0,"href":"https:\/\/www.infokuryr.cz\/n\/wp-json\/wp\/v2\/posts\/5233\/revisions"}],"wp:featuredmedia":[{"embeddable":true,"href":"https:\/\/www.infokuryr.cz\/n\/wp-json\/wp\/v2\/media\/2701"}],"wp:attachment":[{"href":"https:\/\/www.infokuryr.cz\/n\/wp-json\/wp\/v2\/media?parent=5233"}],"wp:term":[{"taxonomy":"category","embeddable":true,"href":"https:\/\/www.infokuryr.cz\/n\/wp-json\/wp\/v2\/categories?post=5233"},{"taxonomy":"post_tag","embeddable":true,"href":"https:\/\/www.infokuryr.cz\/n\/wp-json\/wp\/v2\/tags?post=5233"}],"curies":[{"name":"wp","href":"https:\/\/api.w.org\/{rel}","templated":true}]}}