{"id":52297,"date":"2024-04-24T00:51:27","date_gmt":"2024-04-23T22:51:27","guid":{"rendered":"https:\/\/www.infokuryr.cz\/n\/?p=52297"},"modified":"2024-04-24T07:10:49","modified_gmt":"2024-04-24T05:10:49","slug":"konecne-prvni-odsouzeny-z-petikoalice-feri-top09-kdy-a-kdo-bude-dalsi","status":"publish","type":"post","link":"https:\/\/www.infokuryr.cz\/n\/2024\/04\/24\/konecne-prvni-odsouzeny-z-petikoalice-feri-top09-kdy-a-kdo-bude-dalsi\/","title":{"rendered":"Kone\u010dn\u011b prvn\u00ed odsouzen\u00fd z P\u011btikoalice (Feri TOP09). Kdy a kdo bude dal\u0161\u00ed?"},"content":{"rendered":"<div id=\"fb-root\"><\/div>\n<div class=\"introtext\">\n<p><strong>To co se d\u011bje v \u010cesk\u00e9 republice neza\u017eili ani ti nejstar\u0161\u00ed z n\u00e1s. Nefunguje u\u017e nic, pen\u00edze miz\u00ed do nezn\u00e1ma, \u0161\u00edlen\u00e9 zadlu\u017eovan\u00ed a 108 n\u00e1s dr\u017e\u00ed jako rukojm\u00ed.<\/strong><\/p>\n<\/div>\n<div class=\"fulltext\">\n<h1 class=\"fs-42-53 font-weight-semibold r-i-articles-header__title\"><strong>\u201eNad\u011bje Evropy\u201c Dominik Feri. Presti\u017en\u00ed magaz\u00edn ho za\u0159adil mezi politiky, kte\u0159\u00ed zachr\u00e1n\u00ed EU<\/strong><\/h1>\n<p>Presti\u017en\u00ed n\u011bmeck\u00fd magaz\u00edn Die Welt ocenil teplick\u00e9ho radn\u00edho Dominika Feriho (TOP09). Mlad\u00e9ho \u010desk\u00e9ho politika za\u0159adil mezi jeden\u00e1ctku evropsk\u00fdch p\u0159edstavitel\u016f, kte\u0159\u00ed mohou Evropsk\u00e9 unii pomoci p\u0159ekonat krizi, v\u00a0n\u00ed\u017e se nach\u00e1z\u00ed. Feri se \u00a0v\u00a0\u017eeb\u0159\u00ed\u010dku ocitl na p\u00e1t\u00e9m m\u00edst\u011b.<\/p>\n<h2 class=\"article-listed-chapter__title\">\u017den\u00ed\u0161ek: Je to frajer<\/h2>\n<p>Klobouk dol\u016f, dr\u017e\u00edm palce a v\u011b\u0159\u00edm, \u017ee se do sn\u011bmovny jednou vr\u00e1t\u00ed!\u201c napsal tehdy \u017den\u00ed\u0161ek na Twitter.<\/p>\n<h2 class=\"article-listed-chapter__title\">Czernin: Zvl\u00e1\u0161tn\u00ed, \u017ee to p\u0159i\u0161lo p\u0159ed volbami<\/h2>\n<p>Zn\u00e1m ho n\u011bkolik let a je to velice pracovit\u00fd \u010dlov\u011bk a je mi to l\u00edto,\u201c \u0159ekl.<\/p>\n<h2 class=\"article-listed-chapter__title\">Schwarzenberg: M\u016f\u017eou za to Pir\u00e1ti<\/h2>\n<p>\u201eJe mi ho l\u00edto. \u017d\u00e1dn\u00e1 justice nen\u00ed podle m\u00e9 zku\u0161enosti zcela nez\u00e1visl\u00e1,\u201c \u0159ekl kr\u00e1tce po vyhl\u00e1\u0161en\u00ed Feriho rozsudku pro CNN Prima News.<\/p>\n<h2 class=\"article-listed-chapter__title\">Pekarov\u00e1 Adamov\u00e1: Je to m\u016fj p\u0159\u00edtel<\/h2>\n<p>\u201eDominika pova\u017euji za sv\u00e9ho p\u0159\u00edtele a v\u011b\u0159\u00edm, \u017ee o\u010dist\u00ed sv\u00e9 jm\u00e9no.<\/p>\n<p><a href=\"https:\/\/stranapro.cz\/\"><img decoding=\"async\" loading=\"lazy\" class=\"wp-image-40285 aligncenter\" src=\"http:\/\/www.infokuryr.cz\/n\/wp-content\/uploads\/2023\/11\/11pro-300x79.png\" alt=\"\" width=\"809\" height=\"213\" srcset=\"https:\/\/www.infokuryr.cz\/n\/wp-content\/uploads\/2023\/11\/11pro-300x79.png 300w, https:\/\/www.infokuryr.cz\/n\/wp-content\/uploads\/2023\/11\/11pro.png 363w\" sizes=\"(max-width: 809px) 100vw, 809px\" \/><\/a><\/p>\n<h2>Do libereck\u00e9 knihovny p\u0159ijede na besedu nad\u011bje Evropy Dominik Feri<\/h2>\n<div>\n<p>Do Liberce ho na besedu pozval Parlament mlad\u00fdch. A proto\u017ee se bude besedovat v knihovn\u011b, jist\u011b p\u0159ijde \u0159e\u010d i na jeho knihu Tak jsme lajkovali: Kterak p\u0159ilo\u017eit prst na tep doby. \u201eSv\u00e9 \u010dten\u00e1\u0159e se ve sv\u00e9 knize sna\u017e\u00ed prov\u00e9st nep\u0159ehledn\u00fdm sv\u011btem soci\u00e1ln\u00edch s\u00edt\u00ed,\u201c \u0159ekla mluv\u010d\u00ed knihovny Michaela Valterov\u00e1.<\/p>\n<h2 class=\"svelte-1h31mrd\">Dominik Feri: Jsem barevnej a\u00a0um\u00edm to\u00a0prodat<\/h2>\n<p>Teplick\u00fd politik v klipu TOP 09 a \u017d\u00edt Brno poslou\u017eil jako kompars. Byl pot\u0159eba n\u011bkdo se \u201e\u0161pinavou\u201c k\u016f\u017e\u00ed a Feri tu svou dodal.\u00a0 \u201eVad\u00ed v\u00e1m \u0161p\u00edna v politice? Poj\u010fme se t\u00e9 \u0161p\u00edny zbavit\u201c Na\u010de\u017e Feriho vydrhnout, tak\u017ee v\u00fdsledkem je prom\u011bna jeho \u201e\u0161pinav\u00e9\u201c tmav\u00e9 pleti na \u201e\u010distou\u201c b\u00edlou, co\u017e je pointa.<\/p>\n<p>Jeho \u00fa\u010dast ve volebn\u00edm klipu s Mat\u011bjem Hollanem a jedni\u010dkou zdej\u0161\u00ed kandid\u00e1tky TOP 09 s podporou starost\u016f a \u201e\u017d\u00edt Brno\u201c Janem Vitulou je pro Feriho dosavadn\u00ed politickou kari\u00e9ru do ur\u010dit\u00e9 m\u00edry symptomatick\u00e1. Ot\u00e1zku, co d\u011bl\u00e1 radn\u00ed kandiduj\u00edc\u00ed v jednom kraji ve volebn\u00edm spotu politik\u016f z jin\u00e9ho kraje, lze zahnat poukazem na to, \u017ee je cht\u011bl podpo\u0159it.<\/p>\n<p><span style=\"font-size: 18pt;\"><strong>A z\u00e1v\u011bre\u010dn\u00fd slogan: \u201eVyprali jsme Feriho, vyperem i Ha\u0161ka\u201c!<\/strong><\/span><\/p>\n<h2>A pak spadla klec<\/h2>\n<\/div>\n<p><strong>Zat\u00edmco na Ha\u0161ka se nic krimin\u00e1ln\u00edho nena\u0161lo<\/strong>, a byla to brn\u011bnsk\u00e1 \u0161p\u00edna, \u00fa\u017easn\u00fd talent Evropsk\u00e9 unie Dominik Feri svou pou\u0165 politika jako prvn\u00ed z P\u011btidestrukce razantn\u011b ukon\u010dil.<\/p>\n<div>\n<h3 class=\"article-title\">Dominik Feri je vinen. Soud ho pravomocn\u011b poslal na t\u0159i roky do v\u011bzen\u00ed<\/h3>\n<p>Odvolac\u00ed soud potvrdil p\u016fvodn\u00ed rozsudek a uznal b\u00fdval\u00e9ho poslance za TOP 09 Dominika Feriho vinn\u00fdm ze dvou zn\u00e1siln\u011bn\u00ed a jednoho pokusu o n\u011bj a odsoudil ho tak ke t\u0159em letem ve v\u011bzen\u00ed, z\u00e1rove\u0148 mu zv\u00fd\u0161il pen\u011b\u017eit\u00fd trest.<\/p>\n<p>A to je te\u010dka za bruselskou hv\u011bzdou. Najednou Pekarov\u00e1 Feriho nezn\u00e1, pt\u00e1 se, o koho se jedn\u00e1 a odm\u00edt\u00e1 odstoupit, neb jej\u00ed plat je tak \u00fa\u017easn\u00fd, \u017ee se pro n\u011bj ob\u011btuje. Kdo bude z P\u011btikoalice dal\u0161\u00ed, se zat\u00edm nev\u00ed,<strong>\u00a0ale ot\u00e1\u010den\u00ed sta miliard \u010cernochovou a Fialou mimo \u010ceskou republiku u\u017e zved\u00e1 v\u011bt\u0161inu n\u00e1roda ze \u017eidl\u00ed.<\/strong><\/p>\n<p><a href=\"https:\/\/www.skrytapravda.cz\/z-domova\/1858-konecne-prvni-odsouzeny-z-petikoalice-top09-kdy-a-kdo-bude-dalsi\">Petr Pokorn\u00fd<\/a><\/p>\n<p>&nbsp;<\/p>\n<\/div>\n<\/div>\n","protected":false},"excerpt":{"rendered":"<p>To co se d\u011bje v \u010cesk\u00e9 republice neza\u017eili ani ti nejstar\u0161\u00ed z n\u00e1s. Nefunguje u\u017e&#8230;<\/p>\n","protected":false},"author":2,"featured_media":52298,"comment_status":"closed","ping_status":"closed","sticky":false,"template":"","format":"standard","meta":[],"categories":[6],"tags":[427,1503,2585,520],"_links":{"self":[{"href":"https:\/\/www.infokuryr.cz\/n\/wp-json\/wp\/v2\/posts\/52297"}],"collection":[{"href":"https:\/\/www.infokuryr.cz\/n\/wp-json\/wp\/v2\/posts"}],"about":[{"href":"https:\/\/www.infokuryr.cz\/n\/wp-json\/wp\/v2\/types\/post"}],"author":[{"embeddable":true,"href":"https:\/\/www.infokuryr.cz\/n\/wp-json\/wp\/v2\/users\/2"}],"replies":[{"embeddable":true,"href":"https:\/\/www.infokuryr.cz\/n\/wp-json\/wp\/v2\/comments?post=52297"}],"version-history":[{"count":0,"href":"https:\/\/www.infokuryr.cz\/n\/wp-json\/wp\/v2\/posts\/52297\/revisions"}],"wp:featuredmedia":[{"embeddable":true,"href":"https:\/\/www.infokuryr.cz\/n\/wp-json\/wp\/v2\/media\/52298"}],"wp:attachment":[{"href":"https:\/\/www.infokuryr.cz\/n\/wp-json\/wp\/v2\/media?parent=52297"}],"wp:term":[{"taxonomy":"category","embeddable":true,"href":"https:\/\/www.infokuryr.cz\/n\/wp-json\/wp\/v2\/categories?post=52297"},{"taxonomy":"post_tag","embeddable":true,"href":"https:\/\/www.infokuryr.cz\/n\/wp-json\/wp\/v2\/tags?post=52297"}],"curies":[{"name":"wp","href":"https:\/\/api.w.org\/{rel}","templated":true}]}}