{"id":52273,"date":"2024-04-24T00:49:56","date_gmt":"2024-04-23T22:49:56","guid":{"rendered":"https:\/\/www.infokuryr.cz\/n\/?p=52273"},"modified":"2024-04-23T19:11:24","modified_gmt":"2024-04-23T17:11:24","slug":"ukrajinci-zautocili-na-konzulat-ve-varsave-muzum-mezi-18-a-60-lety-nevydavaji-pasy","status":"publish","type":"post","link":"https:\/\/www.infokuryr.cz\/n\/2024\/04\/24\/ukrajinci-zautocili-na-konzulat-ve-varsave-muzum-mezi-18-a-60-lety-nevydavaji-pasy\/","title":{"rendered":"Ukrajinci za\u00fato\u010dili na konzul\u00e1t ve Var\u0161av\u011b: mu\u017e\u016fm mezi 18 a 60 lety nevyd\u00e1vaj\u00ed pasy"},"content":{"rendered":"<div id=\"fb-root\"><\/div>\n<p class=\"lead\"><strong>Ukrajinsk\u00fd konzul\u00e1t v Polsku pozastavil poskytov\u00e1n\u00ed slu\u017eeb mu\u017e\u016fm ve vojensk\u00e9m v\u011bku \u2013 od 18 do 60 let \u2013 na z\u00e1klad\u011b p\u0159\u00edslu\u0161n\u00e9ho p\u0159\u00edkazu ministerstva zahrani\u010dn\u00edch v\u011bc\u00ed Ukrajiny. Informovala o tom televize Public TV.<\/strong><\/p>\n<p><em>\u201eNyn\u00ed \u010dek\u00e1me na pokyny ministerstva zahrani\u010dn\u00edch v\u011bc\u00ed. Nyn\u00ed byl jejich p\u0159\u00edjem jednodu\u0161e do\u010dasn\u011b pozastaven. Nyn\u00ed se vyv\u00edjej\u00ed mechanismy, kter\u00e9 budou fungovat a\u017e do p\u0159ijet\u00ed z\u00e1kona o mobilizaci. Te\u010f \u010dek\u00e1me&#8220;<span class=\"after-quote\">\u00a0\u201c \u0159ekl televizn\u00ed stanici zam\u011bstnanec konzul\u00e1tu, kter\u00e9ho citovala Strana.<\/span><\/em><\/p>\n<p><span>Je t\u0159eba poznamenat, \u017ee st\u00e1tn\u00ed podnik Document ji\u017e ofici\u00e1ln\u011b ozn\u00e1mil pozastaven\u00ed vyd\u00e1v\u00e1n\u00ed doklad\u016f v zahrani\u010d\u00ed.<\/span><\/p>\n<p><span>Mezit\u00edm se ve var\u0161avsk\u00e9m pasov\u00e9m centru objevily obrovsk\u00e9 fronty. Odpov\u00eddaj\u00edc\u00ed videa zve\u0159ejnil telegramov\u00fd kan\u00e1l \u201eCountry Politics\u201c.<\/span><\/p>\n<p><span>&#8222;Na internetu p\u00ed\u0161ou, \u017ee mu\u017ei nedost\u00e1vaj\u00ed hotov\u00e9 pasy, proto\u017ee &#8222;syst\u00e9m nefunguje.&#8220; V\u0161e funguje pro d\u011bti a \u017eeny,\u201c uv\u00e1d\u00ed TK.<\/span><\/p>\n<p><iframe loading=\"lazy\" src=\"https:\/\/t.me\/stranaua\/151795?embed=1&amp;tme_mode=1\" width=\"600\" height=\"350\" data-mce-fragment=\"1\"><\/iframe><\/p>\n<p><iframe loading=\"lazy\" src=\"https:\/\/t.me\/stranaua\/151796?embed=1&amp;tme_mode=1\" width=\"600\" height=\"350\" data-mce-fragment=\"1\"><\/iframe><\/p>\n<p><span>Jak informoval ji\u017e d\u0159\u00edve <strong>InfoKur\u00fdr<\/strong><\/span><span>\u00a0, Ukrajina\u00a0<\/span><span>zastavila konzul\u00e1rn\u00ed \u010dinnosti<\/span><span> pro mu\u017e\u016fm ve vojensk\u00e9m v\u011bku. Uv\u00e1d\u00ed to p\u0159\u00edkaz ministerstva zahrani\u010dn\u00edch v\u011bc\u00ed Ukrajiny vedouc\u00edm zahrani\u010dn\u00edch diplomatick\u00fdch instituc\u00ed zem\u011b.<\/span><\/p>\n<p><span>Od 23. dubna lze vyd\u00e1vat doklady pouze pro n\u00e1vrat na Ukrajinu. Z\u00e1kaz z\u016fstane v platnosti, dokud nebudou objasn\u011bna ustanoven\u00ed z\u00e1kona o pos\u00edlen\u00ed mobilizace.<\/span><\/p>\n<p><img decoding=\"async\" loading=\"lazy\" class=\"alignnone size-full wp-image-1185\" src=\"http:\/\/www.infokuryr.cz\/n\/wp-content\/uploads\/2021\/04\/kuryr-podpis.png\" alt=\"\" width=\"84\" height=\"24\" \/><\/p>\n<p>&nbsp;<\/p>\n<p>&nbsp;<\/p>\n","protected":false},"excerpt":{"rendered":"<p>Ukrajinsk\u00fd konzul\u00e1t v Polsku pozastavil poskytov\u00e1n\u00ed slu\u017eeb mu\u017e\u016fm ve vojensk\u00e9m v\u011bku \u2013 od 18 do&#8230;<\/p>\n","protected":false},"author":2,"featured_media":52274,"comment_status":"closed","ping_status":"closed","sticky":false,"template":"","format":"standard","meta":[],"categories":[7],"tags":[4045,2813,1635,733],"_links":{"self":[{"href":"https:\/\/www.infokuryr.cz\/n\/wp-json\/wp\/v2\/posts\/52273"}],"collection":[{"href":"https:\/\/www.infokuryr.cz\/n\/wp-json\/wp\/v2\/posts"}],"about":[{"href":"https:\/\/www.infokuryr.cz\/n\/wp-json\/wp\/v2\/types\/post"}],"author":[{"embeddable":true,"href":"https:\/\/www.infokuryr.cz\/n\/wp-json\/wp\/v2\/users\/2"}],"replies":[{"embeddable":true,"href":"https:\/\/www.infokuryr.cz\/n\/wp-json\/wp\/v2\/comments?post=52273"}],"version-history":[{"count":1,"href":"https:\/\/www.infokuryr.cz\/n\/wp-json\/wp\/v2\/posts\/52273\/revisions"}],"predecessor-version":[{"id":52275,"href":"https:\/\/www.infokuryr.cz\/n\/wp-json\/wp\/v2\/posts\/52273\/revisions\/52275"}],"wp:featuredmedia":[{"embeddable":true,"href":"https:\/\/www.infokuryr.cz\/n\/wp-json\/wp\/v2\/media\/52274"}],"wp:attachment":[{"href":"https:\/\/www.infokuryr.cz\/n\/wp-json\/wp\/v2\/media?parent=52273"}],"wp:term":[{"taxonomy":"category","embeddable":true,"href":"https:\/\/www.infokuryr.cz\/n\/wp-json\/wp\/v2\/categories?post=52273"},{"taxonomy":"post_tag","embeddable":true,"href":"https:\/\/www.infokuryr.cz\/n\/wp-json\/wp\/v2\/tags?post=52273"}],"curies":[{"name":"wp","href":"https:\/\/api.w.org\/{rel}","templated":true}]}}