{"id":52271,"date":"2024-04-24T00:48:12","date_gmt":"2024-04-23T22:48:12","guid":{"rendered":"https:\/\/www.infokuryr.cz\/n\/?p=52271"},"modified":"2024-04-23T19:03:04","modified_gmt":"2024-04-23T17:03:04","slug":"usa-popiraji-ze-by-pakt-o-ponorkach-vyvolal-zavody-ve-zbrojeni","status":"publish","type":"post","link":"https:\/\/www.infokuryr.cz\/n\/2024\/04\/24\/usa-popiraji-ze-by-pakt-o-ponorkach-vyvolal-zavody-ve-zbrojeni\/","title":{"rendered":"USA pop\u00edraj\u00ed, \u017ee by pakt o ponork\u00e1ch vyvolal z\u00e1vody ve zbrojen\u00ed"},"content":{"rendered":"<div id=\"fb-root\"><\/div>\n<p><span style=\"font-size: 18pt;\"><strong>Dohoda AUKUS nevytv\u00e1\u0159\u00ed \u017e\u00e1dn\u00e9 nov\u00e9 jadern\u00e9 st\u00e1ty, \u0159ekla vysok\u00e1 americk\u00e1 diplomatka<\/strong><\/span><\/p>\n<p><span>Dohoda o sd\u00edlen\u00ed technologi\u00ed mezi USA, Velkou Brit\u00e1ni\u00ed a Austr\u00e1li\u00ed, kter\u00e1 Austr\u00e1lii poskytne ponorky s jadern\u00fdm pohonem, nep\u0159edstavuje \u017e\u00e1dnou hrozbu region\u00e1ln\u00edch z\u00e1vod\u016f ve zbrojen\u00ed, prohl\u00e1sil vysok\u00fd americk\u00fd p\u0159edstavitel.<\/span><\/p>\n<p><span>Bonnie Jenkinsov\u00e1, n\u00e1m\u011bstkyn\u011b ministra zahrani\u010d\u00ed pro kontrolu zbrojen\u00ed a mezin\u00e1rodn\u00ed bezpe\u010dnost, se pokusila rozpt\u00fdlit obavy z trilater\u00e1ln\u00edho sch\u00e9matu AUKUS, kter\u00e9 vyj\u00e1d\u0159ily n\u011bkter\u00e9 tichomo\u0159sk\u00e9 zem\u011b b\u011bhem \u00fatern\u00edho br\u00edfinku. Ot\u00e1zka o mo\u017en\u00fdch z\u00e1vodech ve zbrojen\u00ed p\u0159i\u0161la od kambod\u017esk\u00e9ho novin\u00e1\u0159e, kter\u00fd \u0159ekl, \u017ee jeho n\u00e1rod, bl\u00edzk\u00fd spojenec \u010c\u00edny, nen\u00ed nad\u0161en\u00fd z mo\u017en\u00e9 destabilizace v regionu.<\/span><\/p>\n<p><span>Jenkins odpov\u011bd\u011bl, \u017ee Washington chce ujistit ostatn\u00ed n\u00e1rody, \u017ee pakt, uzav\u0159en\u00fd v roce 2021, nebyl ur\u010den\u00a0<\/span><em><span>k \u201evytvo\u0159en\u00ed jak\u00e9hokoli druhu z\u00e1vod\u016f ve zbrojen\u00ed\u201c.<\/span><\/em><\/p>\n<p><em><span>&#8222;Austr\u00e1lie se nestane st\u00e1tem s jadern\u00fdmi zbran\u011bmi a tak\u00e9 nebudou moci pou\u017e\u00edvat ponorky s jadern\u00fdm pohonem k v\u00fdvoji jadern\u00e9 zbran\u011b, proto\u017ee kdyby se o to pokusili, cel\u00e1 ponorka by u\u017e nefungovala.&#8220; \u201c<\/span><\/em><span>\u00a0vysv\u011btlila.<\/span><\/p>\n<p><span>Obavy z dohody AUKUS vyj\u00e1d\u0159en\u00e9 jin\u00fdmi zem\u011bmi se neomezovaly pouze na to, zda by Austr\u00e1lie mohla vyu\u017e\u00edt technologie k v\u00fdrob\u011b jadern\u00fdch zbran\u00ed.<\/span><\/p>\n<p><span>Kritici dohody, v\u010detn\u011b Ruska, nazna\u010duj\u00ed, \u017ee jde o zp\u016fsob, jak mohou USA prom\u00edtnout do Tichomo\u0159\u00ed dal\u0161\u00ed vojenskou s\u00edlu.<\/span><\/p>\n<p><span>Minul\u00fd t\u00fdden rusk\u00fd ministr zahrani\u010d\u00ed Sergej Lavrov \u0159ekl, \u017ee Moskva je\u00a0<\/span><em><span>\u201ehluboce znepokojena\u201c<\/span><\/em><span>\u00a0t\u00edm, \u017ee uspo\u0159\u00e1d\u00e1n\u00ed AUKUS st\u00e1le v\u00edce z\u00edsk\u00e1v\u00e1\u00a0<\/span><em><span>\u201evlastnosti vojensk\u00e9ho bloku\u201c.<\/span><\/em><\/p>\n<p><span>V nar\u00e1\u017ece na ukrajinsk\u00fd konflikt\u00a0obvinil z\u00e1padn\u00ed n\u00e1rody z pohrani\u010dn\u00edho chov\u00e1n\u00ed, kter\u00e9 vedlo k tomu, \u017ee sv\u011bt\u00a0\u00a0<\/span><em><span>\u201ebalancuje na pokraji p\u0159\u00edm\u00e9ho st\u0159etu mezi jadern\u00fdmi st\u00e1ty\u201c <\/span><\/em><\/p>\n<p><span>Peking v pond\u011bl\u00ed tak\u00e9 zopakoval sv\u00e9 vlastn\u00ed n\u00e1mitky, p\u0159i\u010dem\u017e mluv\u010d\u00ed ministerstva zahrani\u010d\u00ed Wang Wenbin \u0159ekl, \u017ee Washington prost\u0159ednictv\u00edm AUKUS poru\u0161\u00ed\u00a0<\/span><em><span>\u201e\u00fa\u010dely Smlouvy o bezjadern\u00e9 z\u00f3n\u011b v ji\u017en\u00edm Tichomo\u0159\u00ed a vytvo\u0159\u00ed v\u00e1\u017en\u00e1 rizika \u0161\u00ed\u0159en\u00ed jadern\u00fdch zbran\u00ed\u201c.<\/span><\/em><\/p>\n<p><span>Ministr zahrani\u010d\u00ed Wang Yi u\u010dinil podobn\u00e9 tvrzen\u00ed minul\u00fd t\u00fdden b\u011bhem n\u00e1v\u0161t\u011bvy Papuy-Nov\u00e9 Guineje s t\u00edm, \u017ee region\u00a0<\/span><em><span>\u201eby nem\u011bl b\u00fdt h\u0159i\u0161t\u011bm pro velk\u00e9 mocnosti\u201c.<\/span><\/em><\/p>\n<p><img decoding=\"async\" loading=\"lazy\" class=\"alignnone size-full wp-image-1185\" src=\"http:\/\/www.infokuryr.cz\/n\/wp-content\/uploads\/2021\/04\/kuryr-podpis.png\" alt=\"\" width=\"84\" height=\"24\" \/><\/p>\n<p>&nbsp;<\/p>\n<p>&nbsp;<\/p>\n","protected":false},"excerpt":{"rendered":"<p>Dohoda AUKUS nevytv\u00e1\u0159\u00ed \u017e\u00e1dn\u00e9 nov\u00e9 jadern\u00e9 st\u00e1ty, \u0159ekla vysok\u00e1 americk\u00e1 diplomatka Dohoda o sd\u00edlen\u00ed technologi\u00ed&#8230;<\/p>\n","protected":false},"author":2,"featured_media":52272,"comment_status":"closed","ping_status":"closed","sticky":false,"template":"","format":"standard","meta":[],"categories":[7],"tags":[1222,434,7181,37],"_links":{"self":[{"href":"https:\/\/www.infokuryr.cz\/n\/wp-json\/wp\/v2\/posts\/52271"}],"collection":[{"href":"https:\/\/www.infokuryr.cz\/n\/wp-json\/wp\/v2\/posts"}],"about":[{"href":"https:\/\/www.infokuryr.cz\/n\/wp-json\/wp\/v2\/types\/post"}],"author":[{"embeddable":true,"href":"https:\/\/www.infokuryr.cz\/n\/wp-json\/wp\/v2\/users\/2"}],"replies":[{"embeddable":true,"href":"https:\/\/www.infokuryr.cz\/n\/wp-json\/wp\/v2\/comments?post=52271"}],"version-history":[{"count":0,"href":"https:\/\/www.infokuryr.cz\/n\/wp-json\/wp\/v2\/posts\/52271\/revisions"}],"wp:featuredmedia":[{"embeddable":true,"href":"https:\/\/www.infokuryr.cz\/n\/wp-json\/wp\/v2\/media\/52272"}],"wp:attachment":[{"href":"https:\/\/www.infokuryr.cz\/n\/wp-json\/wp\/v2\/media?parent=52271"}],"wp:term":[{"taxonomy":"category","embeddable":true,"href":"https:\/\/www.infokuryr.cz\/n\/wp-json\/wp\/v2\/categories?post=52271"},{"taxonomy":"post_tag","embeddable":true,"href":"https:\/\/www.infokuryr.cz\/n\/wp-json\/wp\/v2\/tags?post=52271"}],"curies":[{"name":"wp","href":"https:\/\/api.w.org\/{rel}","templated":true}]}}