{"id":52269,"date":"2024-04-24T00:47:21","date_gmt":"2024-04-23T22:47:21","guid":{"rendered":"https:\/\/www.infokuryr.cz\/n\/?p=52269"},"modified":"2024-04-23T18:59:22","modified_gmt":"2024-04-23T16:59:22","slug":"sef-osn-pro-lidska-prava-je-zdesen-zpravami-o-masovych-hrobech-v-nemocnicich-v-gaze","status":"publish","type":"post","link":"https:\/\/www.infokuryr.cz\/n\/2024\/04\/24\/sef-osn-pro-lidska-prava-je-zdesen-zpravami-o-masovych-hrobech-v-nemocnicich-v-gaze\/","title":{"rendered":"\u0160\u00e9f OSN pro lidsk\u00e1 pr\u00e1va je \u201ezd\u011b\u0161en\u201c zpr\u00e1vami o masov\u00fdch hrobech v nemocnic\u00edch v Gaze"},"content":{"rendered":"<div id=\"fb-root\"><\/div>\n<p><span style=\"font-size: 18pt;\"><strong>Stovky t\u011bl, v\u010detn\u011b \u017een a star\u0161\u00edch lid\u00ed, byly \u00fadajn\u011b nalezeny po izraelsk\u00e9m n\u00e1letu<\/strong><\/span><\/p>\n<p><span>\u0160\u00e9f OSN pro pr\u00e1va Volker Turk v \u00fater\u00fd \u0159ekl, \u017ee je\u00a0<\/span><em><span>\u201ezd\u011b\u0161en\u201c<\/span><\/em><span>\u00a0zni\u010den\u00edm zdravotnick\u00fdch za\u0159\u00edzen\u00ed N\u00e1sir a Al-Shifa v Gaze izraelsk\u00fdmi voj\u00e1ky a zpr\u00e1vami o tamn\u00edch masov\u00fdch hrobech.<\/span><\/p>\n<p><span>Palestinsk\u00e9 \u00fa\u0159ady ozn\u00e1mily, \u017ee tento t\u00fdden na\u0161ly des\u00edtky t\u011bl v masov\u00fdch hrobech v nemocnici N\u00e1sir v Khan Younis pot\u00e9, co ji opustily IDF. Na m\u00edst\u011b Al-Shifa byla tak\u00e9 hl\u00e1\u0161ena t\u011bla po operaci izraelsk\u00fdch speci\u00e1ln\u00edch sil.<\/span><\/p>\n<p><span>Podle civiln\u00ed pohotovostn\u00ed slu\u017eby veden\u00e9 Hamasem v Gaze, citovan\u00e9 agenturou Reuters, bylo dosud nalezeno celkem 310 t\u011bl v jednom hromadn\u00e9m hrob\u011b v nemocnici N\u00e1sir, hlavn\u00edm zdravotnick\u00e9m za\u0159\u00edzen\u00ed v ji\u017en\u00ed Gaze. Dva dal\u0161\u00ed masov\u00e9 hroby byly \u00fadajn\u011b identifikov\u00e1ny, ale dosud nebyly vykop\u00e1ny.<\/span><\/p>\n<p><em><span>&#8222;C\u00edt\u00edme pot\u0159ebu vyhl\u00e1sit poplach, proto\u017ee zjevn\u011b bylo objeveno n\u011bkolik t\u011bl,&#8220;<\/span><\/em><span>\u00a0\u0159ekl Turk na briefingu OSN prost\u0159ednictv\u00edm mluv\u010d\u00edho.<\/span><\/p>\n<p><em><span>&#8222;N\u011bkte\u0159\u00ed z nich m\u011bli sv\u00e1zan\u00e9 ruce, co\u017e samoz\u0159ejm\u011b ukazuje na v\u00e1\u017en\u00e1 poru\u0161en\u00ed mezin\u00e1rodn\u00edho pr\u00e1va v oblasti lidsk\u00fdch pr\u00e1v a mezin\u00e1rodn\u00edho humanit\u00e1rn\u00edho pr\u00e1va, a toto mus\u00ed b\u00fdt podrobeno dal\u0161\u00edmu vy\u0161et\u0159ov\u00e1n\u00ed,&#8220;<\/span><\/em><span>\u00a0uvedl \u0161\u00e9f OSN pro lidsk\u00e1 pr\u00e1va.<\/span><\/p>\n<p><span>\u00da\u0159ad OSN pro lidsk\u00e1 pr\u00e1va uvedl, \u017ee pracuje na potvrzen\u00ed zpr\u00e1v palestinsk\u00fdch \u00fa\u0159edn\u00edk\u016f a tvrd\u00ed, \u017ee n\u011bkter\u00e1 t\u011bla byla poh\u0159bena pod hromadami odpadu a zahrnovala \u017eeny a star\u0161\u00ed lidi.<\/span><\/p>\n<p><span>Izrael tvrd\u00ed, \u017ee byl nucen bojovat uvnit\u0159 nemocnic, proto\u017ee ozbrojenci Ham\u00e1su vyu\u017e\u00edvaj\u00ed za\u0159\u00edzen\u00ed jako z\u00e1kladny, co\u017e je tvrzen\u00ed, kter\u00e9 l\u00e9ka\u0159sk\u00fd person\u00e1l i samotn\u00e1 militantn\u00ed skupina pop\u00edraj\u00ed. Z\u00e1padn\u00ed Jeruzal\u00e9m ozn\u00e1mil, \u017ee jeho s\u00edly zabily kolem 200 militant\u016f u Al-Shifa a vyhnuly se zran\u011bn\u00ed civilist\u016f.<\/span><\/p>\n<p><span>Turk tak\u00e9 kritizoval izraelsk\u00e9 \u00fatoky na Gazu v posledn\u00edch dnech, kter\u00e9 podle n\u011bj zabily p\u0159ev\u00e1\u017en\u011b \u017eeny a d\u011bti.<\/span><\/p>\n<p><span>\u0160\u00e9f OSN pro pr\u00e1va znovu varoval Izrael p\u0159ed rozs\u00e1hlou invaz\u00ed do m\u011bsta Rafah na jihu Gazy, kde od za\u010d\u00e1tku konfliktu mezi Hamasem a Izraelem hledalo \u00fato\u010di\u0161t\u011b asi 1,4 milionu vys\u00eddlen\u00fdch Palestinc\u016f. Ofenz\u00edva by mohla v\u00e9st k\u00a0<\/span><em><span>\u201edal\u0161\u00edm krut\u00fdm zlo\u010din\u016fm\u201c,<\/span><\/em><span>\u00a0varoval Turk.<\/span><\/p>\n<p><span>Izraelsk\u00fd premi\u00e9r Benjamin Netanjahu tvrd\u00ed, \u017ee Izrael nem\u016f\u017ee dos\u00e1hnout sv\u00e9ho c\u00edle\u00a0<\/span><em><span>\u201etot\u00e1ln\u00edho v\u00edt\u011bzstv\u00ed\u201c<\/span><\/em><span>\u00a0, ani\u017e by zah\u00e1jil ofenz\u00edvu na Rafah.<\/span><\/p>\n<p><span>Pokra\u010duj\u00edc\u00ed nep\u0159\u00e1telstv\u00ed v Gaze bylo vyvol\u00e1no \u0159\u00edjnovou invaz\u00ed Hamasu do ji\u017en\u00edho Izraele, p\u0159i n\u00ed\u017e bylo zabito asi 1200 lid\u00ed a stovky zajaty jako rukojm\u00ed.<\/span><\/p>\n<p><span>B\u011bhem izraelsk\u00e9ho trestn\u00e9ho \u010dinu v reakci na to bylo podle m\u00edstn\u00edch zdravotnick\u00fdch \u00fa\u0159ad\u016f zabito nejm\u00e9n\u011b 34 183 Palestinc\u016f a 77 143 zran\u011bno, v\u011bt\u0161inou \u017een a d\u011bt\u00ed. M\u00edstn\u00ed \u00fa\u0159ady se domn\u00edvaj\u00ed, \u017ee tis\u00edce dal\u0161\u00edch t\u011bl pravd\u011bpodobn\u011b z\u016fstanou nespo\u010d\u00edtan\u00e9 pod troskami po zdevastovan\u00e9 enkl\u00e1v\u011b.<\/span><\/p>\n<p><img decoding=\"async\" loading=\"lazy\" class=\"alignnone size-full wp-image-1185\" src=\"http:\/\/www.infokuryr.cz\/n\/wp-content\/uploads\/2021\/04\/kuryr-podpis.png\" alt=\"\" width=\"84\" height=\"24\" \/><\/p>\n<p>&nbsp;<\/p>\n","protected":false},"excerpt":{"rendered":"<p>Stovky t\u011bl, v\u010detn\u011b \u017een a star\u0161\u00edch lid\u00ed, byly \u00fadajn\u011b nalezeny po izraelsk\u00e9m n\u00e1letu \u0160\u00e9f OSN&#8230;<\/p>\n","protected":false},"author":2,"featured_media":52270,"comment_status":"closed","ping_status":"closed","sticky":false,"template":"","format":"standard","meta":[],"categories":[7],"tags":[348,6814,1083,186],"_links":{"self":[{"href":"https:\/\/www.infokuryr.cz\/n\/wp-json\/wp\/v2\/posts\/52269"}],"collection":[{"href":"https:\/\/www.infokuryr.cz\/n\/wp-json\/wp\/v2\/posts"}],"about":[{"href":"https:\/\/www.infokuryr.cz\/n\/wp-json\/wp\/v2\/types\/post"}],"author":[{"embeddable":true,"href":"https:\/\/www.infokuryr.cz\/n\/wp-json\/wp\/v2\/users\/2"}],"replies":[{"embeddable":true,"href":"https:\/\/www.infokuryr.cz\/n\/wp-json\/wp\/v2\/comments?post=52269"}],"version-history":[{"count":0,"href":"https:\/\/www.infokuryr.cz\/n\/wp-json\/wp\/v2\/posts\/52269\/revisions"}],"wp:featuredmedia":[{"embeddable":true,"href":"https:\/\/www.infokuryr.cz\/n\/wp-json\/wp\/v2\/media\/52270"}],"wp:attachment":[{"href":"https:\/\/www.infokuryr.cz\/n\/wp-json\/wp\/v2\/media?parent=52269"}],"wp:term":[{"taxonomy":"category","embeddable":true,"href":"https:\/\/www.infokuryr.cz\/n\/wp-json\/wp\/v2\/categories?post=52269"},{"taxonomy":"post_tag","embeddable":true,"href":"https:\/\/www.infokuryr.cz\/n\/wp-json\/wp\/v2\/tags?post=52269"}],"curies":[{"name":"wp","href":"https:\/\/api.w.org\/{rel}","templated":true}]}}