{"id":52245,"date":"2024-04-24T00:37:56","date_gmt":"2024-04-23T22:37:56","guid":{"rendered":"https:\/\/www.infokuryr.cz\/n\/?p=52245"},"modified":"2024-04-23T17:56:46","modified_gmt":"2024-04-23T15:56:46","slug":"ruska-ekonomika-poroste-rychleji-nez-vsechny-zapadni-zeme-g7-ktere-uvalily-sankce-na-moskvu-predpovida-mmf","status":"publish","type":"post","link":"https:\/\/www.infokuryr.cz\/n\/2024\/04\/24\/ruska-ekonomika-poroste-rychleji-nez-vsechny-zapadni-zeme-g7-ktere-uvalily-sankce-na-moskvu-predpovida-mmf\/","title":{"rendered":"Rusk\u00e1 ekonomika poroste rychleji ne\u017e v\u0161echny z\u00e1padn\u00ed zem\u011b G7, kter\u00e9 uvalily sankce na Moskvu, p\u0159edpov\u00edd\u00e1 MMF"},"content":{"rendered":"<div id=\"fb-root\"><\/div>\n<h2 class=\"s-tagline fw-tagline\"><span>P\u0159es ekonomick\u00e9 sankce uvalen\u00e9 Z\u00e1padem rusk\u00e1 ekonomika poroste o o\u010dek\u00e1van\u00fdch 3,3 procenta<\/span><\/h2>\n<p><span>Rusk\u00e1 ekonomika letos poroste rychleji ne\u017e t\u00e9m\u011b\u0159 v\u0161echny vysp\u011bl\u00e9 ekonomiky o 3,2 procenta, vypl\u00fdv\u00e1 z nejnov\u011bj\u0161\u00ed progn\u00f3zy Mezin\u00e1rodn\u00edho m\u011bnov\u00e9ho fondu (MMF).<\/span><\/p>\n<p><span>Jej\u00ed posledn\u00ed zpr\u00e1va je ranou pro Evropskou komisi, kter\u00e1 setrv\u00e1vala ve sv\u00e9 touze uvalit sankce na Moskvu, \u010dasto k jej\u00ed vlastn\u00ed \u0161kod\u011b.<\/span><\/p>\n<p><span>O\u010dek\u00e1v\u00e1 se, \u017ee rusk\u00fd ekonomick\u00fd r\u016fst p\u0159edstihne 2,7 procenta p\u0159edpov\u00eddan\u00e9ho pro Spojen\u00e9 st\u00e1ty, p\u0159edpov\u011bd\u00ed 0,5 procenta pro Brit\u00e1nii, a pokud jde o Evropskou unii, dv\u011b velk\u00e9 evropsk\u00e9 ekonomiky, N\u011bmecko a Francie, zvl\u00e1dnou pouze 0,2 a 0,7 procenta. procenta resp.<\/span><\/p>\n<p><span>Zd\u00e1 se, \u017ee d\u00edky z\u00e1padn\u00edm sankc\u00edm bylo Rusko mnohem odoln\u011bj\u0161\u00ed ne\u017e p\u0159ed v\u00e1lkou. Dom\u00e1c\u00ed spot\u0159eba se zat\u00edm dr\u017eela stabiln\u00ed bez probl\u00e9m\u016f a dom\u00e1c\u00ed investice pomohly kritick\u00fdm odv\u011btv\u00edm p\u0159ekonat po\u010d\u00e1te\u010dn\u00ed ot\u0159esy zp\u016fsoben\u00e9 represivn\u00edmi opat\u0159en\u00edmi.<\/span><\/p>\n<p><span>Role soukrom\u00e9ho sektoru byla p\u0159i \u0159e\u0161en\u00ed probl\u00e9mu neoceniteln\u00e1 a pokud jde o v\u00fdvoz energie, hlavn\u00ed zdroj p\u0159\u00edjm\u016f zem\u011b, Indie, \u010c\u00edna a n\u011bkolik zem\u00ed glob\u00e1ln\u00edho jihu, otev\u0159ely sv\u00e9 dve\u0159e Moskv\u011b; tak\u00e9 do\u0161lo k selh\u00e1n\u00ed stropu cen ropy G7.<\/span><\/p>\n<p><span>Byl to \u00fasp\u011bch vojensk\u00e9ho pr\u016fmyslu, kter\u00fd dal rusk\u00e9 ekonomice po\u010d\u00e1te\u010dn\u00ed vzpruhu, ze kter\u00e9 mohla b\u011bhem dvou a p\u016fl let ozbrojen\u00e9ho konfliktu t\u011b\u017eit ve v\u0161ech ostatn\u00edch sektorech.<\/span><\/p>\n<p><span>Nelze o\u010dek\u00e1vat, \u017ee rusk\u00fd ekonomick\u00fd r\u016fst bude pokra\u010dovat do nekone\u010dna se sv\u00fdmi sou\u010dasn\u00fdmi omezen\u00edmi a snahou o v\u00e1le\u010dnou ekonomiku, ale zd\u00e1 se, \u017ee kr\u00e1tkodob\u00e1 perspektiva nen\u00ed pro Moskvu starost. Odhad pro p\u0159\u00ed\u0161t\u00ed rok byl rovn\u011b\u017e upraven na p\u0159edpokl\u00e1dan\u00fd r\u016fst o 1,8 procenta.<\/span><\/p>\n<p><img decoding=\"async\" loading=\"lazy\" class=\"alignnone size-full wp-image-1185\" src=\"http:\/\/www.infokuryr.cz\/n\/wp-content\/uploads\/2021\/04\/kuryr-podpis.png\" alt=\"\" width=\"84\" height=\"24\" \/><\/p>\n<p>&nbsp;<\/p>\n<p>&nbsp;<\/p>\n","protected":false},"excerpt":{"rendered":"<p>P\u0159es ekonomick\u00e9 sankce uvalen\u00e9 Z\u00e1padem rusk\u00e1 ekonomika poroste o o\u010dek\u00e1van\u00fdch 3,3 procenta Rusk\u00e1 ekonomika letos&#8230;<\/p>\n","protected":false},"author":2,"featured_media":38054,"comment_status":"closed","ping_status":"closed","sticky":false,"template":"","format":"standard","meta":[],"categories":[7],"tags":[7178,2145,323,1504,22],"_links":{"self":[{"href":"https:\/\/www.infokuryr.cz\/n\/wp-json\/wp\/v2\/posts\/52245"}],"collection":[{"href":"https:\/\/www.infokuryr.cz\/n\/wp-json\/wp\/v2\/posts"}],"about":[{"href":"https:\/\/www.infokuryr.cz\/n\/wp-json\/wp\/v2\/types\/post"}],"author":[{"embeddable":true,"href":"https:\/\/www.infokuryr.cz\/n\/wp-json\/wp\/v2\/users\/2"}],"replies":[{"embeddable":true,"href":"https:\/\/www.infokuryr.cz\/n\/wp-json\/wp\/v2\/comments?post=52245"}],"version-history":[{"count":1,"href":"https:\/\/www.infokuryr.cz\/n\/wp-json\/wp\/v2\/posts\/52245\/revisions"}],"predecessor-version":[{"id":52246,"href":"https:\/\/www.infokuryr.cz\/n\/wp-json\/wp\/v2\/posts\/52245\/revisions\/52246"}],"wp:featuredmedia":[{"embeddable":true,"href":"https:\/\/www.infokuryr.cz\/n\/wp-json\/wp\/v2\/media\/38054"}],"wp:attachment":[{"href":"https:\/\/www.infokuryr.cz\/n\/wp-json\/wp\/v2\/media?parent=52245"}],"wp:term":[{"taxonomy":"category","embeddable":true,"href":"https:\/\/www.infokuryr.cz\/n\/wp-json\/wp\/v2\/categories?post=52245"},{"taxonomy":"post_tag","embeddable":true,"href":"https:\/\/www.infokuryr.cz\/n\/wp-json\/wp\/v2\/tags?post=52245"}],"curies":[{"name":"wp","href":"https:\/\/api.w.org\/{rel}","templated":true}]}}