{"id":522,"date":"2021-04-07T08:28:33","date_gmt":"2021-04-07T06:28:33","guid":{"rendered":"http:\/\/www.infokuryr.cz\/n\/?p=522"},"modified":"2021-04-07T08:28:33","modified_gmt":"2021-04-07T06:28:33","slug":"ode-dneska-musite-ve-spanelsku-nosit-rousku-i-pri-koupani-v-bazenu-a-v-mori-ne-to-neni-zert","status":"publish","type":"post","link":"https:\/\/www.infokuryr.cz\/n\/2021\/04\/07\/ode-dneska-musite-ve-spanelsku-nosit-rousku-i-pri-koupani-v-bazenu-a-v-mori-ne-to-neni-zert\/","title":{"rendered":"Ode dne\u0161ka mus\u00edte ve \u0160pan\u011blsku nosit rou\u0161ku i p\u0159i koup\u00e1n\u00ed v baz\u00e9nu a v mo\u0159i! Ne, to nen\u00ed \u017eert!"},"content":{"rendered":"<div id=\"fb-root\"><\/div>\n<p>Dne\u0161n\u00edm dnem za\u010d\u00edn\u00e1 platit ve \u0160pan\u011blsku nov\u00e1 legislativa. Ta<a href=\"https:\/\/www.standard.co.uk\/news\/world\/spain-holidays-mask-covid-19-beach-public-spaces-b927256.html\">\u00a0<\/a><strong><a href=\"https:\/\/www.standard.co.uk\/news\/world\/spain-holidays-mask-covid-19-beach-public-spaces-b927256.html\">na\u0159izuje no\u0161en\u00ed rou\u0161k<\/a>y ve v\u0161ech venkovn\u00edch prostor\u00e1ch a to v\u010detn\u011b plav\u00e1n\u00ed v baz\u00e9nu, nebo v mo\u0159i a p\u0159i opalov\u00e1n\u00ed na pl\u00e1\u017e<\/strong>i. \u017ee se jedn\u00e1 o buzera\u010dn\u00ed pitomost, je asi ka\u017ed\u00e9mu jasn\u00e9, ale p\u0159esto byla zavedena. Co asi je c\u00edlem t\u00e9hle buzerace?<\/p>\n<p><strong>Snaha posm\u00edvat se b\u00edl\u00fdm \u0160pan\u011bl\u016fm?! To m\u00e1 jist\u00e1 mafie ve zvyku, bu\u010f knour\u00e1, jak j\u00ed v\u0161ichni ubli\u017euj\u00ed, nebo je arogantn\u00ed.<\/strong><\/p>\n<p>Nebo jde o snahu o\u00a0<strong>dehumanizaci m\u00edstn\u00edch ne\u017e budou nahrazeni \u201cuprchl\u00edky<\/strong>\u201c?<\/p>\n<p>Jist\u00e9 je, \u017ee koronavirov\u00e1 totalita nastupuje v Evrop\u011b plnou parou.<\/p>\n<p><em>S\u00e1ra Stein, NYC, USA<\/em><\/p>\n<p><a href=\"https:\/\/ceskavec.com\/2021\/04\/ode-dneska-musite-ve-spanelsku-nosit-rousku-i-pri-koupani-v-bazenu-a-v-mori-ne-to-neni-zert\">\u010cesk\u00e1 v\u011bc<\/a><\/p>\n","protected":false},"excerpt":{"rendered":"<p>Dne\u0161n\u00edm dnem za\u010d\u00edn\u00e1 platit ve \u0160pan\u011blsku nov\u00e1 legislativa. Ta\u00a0na\u0159izuje no\u0161en\u00ed rou\u0161ky ve v\u0161ech venkovn\u00edch prostor\u00e1ch&#8230;<\/p>\n","protected":false},"author":2,"featured_media":523,"comment_status":"closed","ping_status":"closed","sticky":false,"template":"","format":"standard","meta":[],"categories":[7],"tags":[23],"_links":{"self":[{"href":"https:\/\/www.infokuryr.cz\/n\/wp-json\/wp\/v2\/posts\/522"}],"collection":[{"href":"https:\/\/www.infokuryr.cz\/n\/wp-json\/wp\/v2\/posts"}],"about":[{"href":"https:\/\/www.infokuryr.cz\/n\/wp-json\/wp\/v2\/types\/post"}],"author":[{"embeddable":true,"href":"https:\/\/www.infokuryr.cz\/n\/wp-json\/wp\/v2\/users\/2"}],"replies":[{"embeddable":true,"href":"https:\/\/www.infokuryr.cz\/n\/wp-json\/wp\/v2\/comments?post=522"}],"version-history":[{"count":0,"href":"https:\/\/www.infokuryr.cz\/n\/wp-json\/wp\/v2\/posts\/522\/revisions"}],"wp:featuredmedia":[{"embeddable":true,"href":"https:\/\/www.infokuryr.cz\/n\/wp-json\/wp\/v2\/media\/523"}],"wp:attachment":[{"href":"https:\/\/www.infokuryr.cz\/n\/wp-json\/wp\/v2\/media?parent=522"}],"wp:term":[{"taxonomy":"category","embeddable":true,"href":"https:\/\/www.infokuryr.cz\/n\/wp-json\/wp\/v2\/categories?post=522"},{"taxonomy":"post_tag","embeddable":true,"href":"https:\/\/www.infokuryr.cz\/n\/wp-json\/wp\/v2\/tags?post=522"}],"curies":[{"name":"wp","href":"https:\/\/api.w.org\/{rel}","templated":true}]}}