{"id":52194,"date":"2024-04-23T00:43:43","date_gmt":"2024-04-22T22:43:43","guid":{"rendered":"https:\/\/www.infokuryr.cz\/n\/?p=52194"},"modified":"2024-04-22T17:48:48","modified_gmt":"2024-04-22T15:48:48","slug":"ondrej-prokop-dalsi-privatizace-fiala-chce-rozprodavat-statni-majetek-rakusan-a-jeho-lzi","status":"publish","type":"post","link":"https:\/\/www.infokuryr.cz\/n\/2024\/04\/23\/ondrej-prokop-dalsi-privatizace-fiala-chce-rozprodavat-statni-majetek-rakusan-a-jeho-lzi\/","title":{"rendered":"Ond\u0159ej Prokop: Dal\u0161\u00ed privatizace? Fiala chce rozprod\u00e1vat st\u00e1tn\u00ed majetek. Raku\u0161an a jeho l\u017ei"},"content":{"rendered":"<div id=\"fb-root\"><\/div>\n<p><span style=\"font-size: 18pt;\"><strong>ODS chce zase rozprod\u00e1vat st\u00e1tn\u00ed majetek. Privatizace a n\u00e1vrat do devades\u00e1tek? Po kauze s kampeli\u010dkou a ztracen\u00fdmi miliardami u\u017e to tak vypad\u00e1<\/strong><\/span><\/p>\n<p>\ud83d\udc49 Des\u00edtky tis\u00edc z v\u00e1s podepsalo na\u0161e petice proti migra\u010dn\u00edmu paktu, p\u0159ijet\u00ed eura nebo ztr\u00e1t\u011b pr\u00e1va veto v Evropsk\u00e9 unii. Stra\u0161n\u011b moc v\u00e1m d\u011bkujeme za podporu! Budeme bojovat za to, abychom t\u011bmto nesmysl\u016fm zabr\u00e1nili.<\/p>\n<p>\ud83d\udc49 Raku\u0161an neust\u00e1le tvrd\u00ed, \u017ee m\u00e1 \u010cesko v r\u00e1mci migra\u010dn\u00edho paktu v\u00fdjimku. Bohu\u017eel dal\u0161\u00ed le\u017e, jeliko\u017e \u010cesko v paktu nijak zm\u00edn\u011bno nen\u00ed. P\u011btikoalice tak v\u011bdom\u011b schv\u00e1lila bezpe\u010dnostn\u00ed hrozbu pro vlastn\u00ed zemi a celou Evropu.<\/p>\n<p>\ud83d\udc49 Asoci\u00e1ln\u00ed vl\u00e1da Petra Fialy chce protla\u010dit okam\u017eit\u00e9 v\u00fdpov\u011bdi ze zam\u011bstn\u00e1n\u00ed bez ud\u00e1n\u00ed d\u016fvodu. To pobou\u0159ilo dokonce u\u017e i lidovce. Hnut\u00ed ANO s t\u00edm Fialovi rozhodn\u011b pom\u00e1hat nebude.<\/p>\n<p>\ud83d\udc49 Pir\u00e1t H\u0159ib chce za 1,25 miliardy K\u010d odstranit z V\u00e1clav\u00e1ku zele\u0148 a postavit tam tramvajovou tra\u0165. Krom\u011b toho Praha mo\u017en\u00e1 bude muset zaplatit 1,3 miliardy K\u010d jako pokutu za zru\u0161en\u00ed projektu Nov\u00fdch Hole\u0161ovic. Pen\u00edze se pod Pir\u00e1ty a H\u0159ibem vyhazuj\u00ed z okna, \u0159e\u0161\u00ed se nesmysly a Praze d\u00e1l vl\u00e1dne dopravn\u00ed chaos.<\/p>\n<p>\ud83d\udc49 Ani p\u0159i stavb\u011b metra D se H\u0159ibovi neda\u0159\u00ed. Policie \u0159e\u0161\u00ed dal\u0161\u00ed trestn\u00ed ozn\u00e1men\u00ed, \u00fadajn\u011b m\u011blo doj\u00edt k vyd\u00edr\u00e1n\u00ed hodnot\u00edc\u00ed komise. Je v\u016fbec n\u011bco, co se Pir\u00e1t\u016fm v Praze povedlo zvl\u00e1dnout?<\/p>\n<p>\ud83d\udc49 Kl\u00ed\u010dov\u00e9 projekty v Praze se rozpadaj\u00ed, ale hlavn\u011b, \u017ee se zav\u00e1d\u00ed naprost\u00e9 hlouposti. V\u00edte, \u017ee v\u0161echny zast\u00e1vky MHD maj\u00ed b\u00fdt podle Pir\u00e1t\u016f na znamen\u00ed? No\u010dn\u00ed m\u016fra senior\u016f a lid\u00ed se zdravotn\u00edm omezen\u00edm. Proti tomuhle rozhodn\u011b budu bojovat.<\/p>\n<p>To v\u0161e a mnohem v\u00edc se dozv\u00edte v 80. d\u00edlu m\u00e9ho politick\u00e9ho podcastu. D\u011bkuji v\u00e1m p\u0159edem za zhl\u00e9dnut\u00ed a pros\u00edm o dal\u0161\u00ed sd\u00edlen\u00ed, a\u0165 se pravdu dozv\u00ed co nejv\u00edc lid\u00ed! T\u011b\u0161\u00edm se na dotazy i koment\u00e1\u0159e!<\/p>\n<p><iframe loading=\"lazy\" title=\"Dal\u0161\u00ed privatizace? Fiala chce rozprod\u00e1vat st\u00e1tn\u00ed majetek. Raku\u0161an a jeho l\u017ei. | \u010cau Praho! #80\" width=\"640\" height=\"360\" src=\"https:\/\/www.youtube.com\/embed\/b1CjVL-hKnw?feature=oembed\" frameborder=\"0\" allow=\"accelerometer; autoplay; clipboard-write; encrypted-media; gyroscope; picture-in-picture; web-share\" referrerpolicy=\"strict-origin-when-cross-origin\" allowfullscreen><\/iframe><\/p>\n<p><span style=\"font-size: 14pt;\"><strong>Ing. Ond\u0159ej Prokop, p\u0159edseda hnut\u00ed ANO v Praze<\/p>\n<p>___________________________________<\/strong><\/span><\/p>\n<p>&nbsp;<\/p>\n<p><a href=\"https:\/\/stranapro.cz\/\"><img decoding=\"async\" loading=\"lazy\" class=\"wp-image-40286 aligncenter\" src=\"http:\/\/www.infokuryr.cz\/n\/wp-content\/uploads\/2023\/11\/12pro-300x87.png\" alt=\"\" width=\"876\" height=\"254\" srcset=\"https:\/\/www.infokuryr.cz\/n\/wp-content\/uploads\/2023\/11\/12pro-300x87.png 300w, https:\/\/www.infokuryr.cz\/n\/wp-content\/uploads\/2023\/11\/12pro.png 366w\" sizes=\"(max-width: 876px) 100vw, 876px\" \/><\/a><\/p>\n<p>&nbsp;<\/p>\n<p>&nbsp;<\/p>\n","protected":false},"excerpt":{"rendered":"<p>ODS chce zase rozprod\u00e1vat st\u00e1tn\u00ed majetek. Privatizace a n\u00e1vrat do devades\u00e1tek? Po kauze s kampeli\u010dkou&#8230;<\/p>\n","protected":false},"author":2,"featured_media":39290,"comment_status":"closed","ping_status":"closed","sticky":false,"template":"","format":"standard","meta":[],"categories":[6],"tags":[1503,192,6313,122,889],"_links":{"self":[{"href":"https:\/\/www.infokuryr.cz\/n\/wp-json\/wp\/v2\/posts\/52194"}],"collection":[{"href":"https:\/\/www.infokuryr.cz\/n\/wp-json\/wp\/v2\/posts"}],"about":[{"href":"https:\/\/www.infokuryr.cz\/n\/wp-json\/wp\/v2\/types\/post"}],"author":[{"embeddable":true,"href":"https:\/\/www.infokuryr.cz\/n\/wp-json\/wp\/v2\/users\/2"}],"replies":[{"embeddable":true,"href":"https:\/\/www.infokuryr.cz\/n\/wp-json\/wp\/v2\/comments?post=52194"}],"version-history":[{"count":1,"href":"https:\/\/www.infokuryr.cz\/n\/wp-json\/wp\/v2\/posts\/52194\/revisions"}],"predecessor-version":[{"id":52195,"href":"https:\/\/www.infokuryr.cz\/n\/wp-json\/wp\/v2\/posts\/52194\/revisions\/52195"}],"wp:featuredmedia":[{"embeddable":true,"href":"https:\/\/www.infokuryr.cz\/n\/wp-json\/wp\/v2\/media\/39290"}],"wp:attachment":[{"href":"https:\/\/www.infokuryr.cz\/n\/wp-json\/wp\/v2\/media?parent=52194"}],"wp:term":[{"taxonomy":"category","embeddable":true,"href":"https:\/\/www.infokuryr.cz\/n\/wp-json\/wp\/v2\/categories?post=52194"},{"taxonomy":"post_tag","embeddable":true,"href":"https:\/\/www.infokuryr.cz\/n\/wp-json\/wp\/v2\/tags?post=52194"}],"curies":[{"name":"wp","href":"https:\/\/api.w.org\/{rel}","templated":true}]}}