{"id":52176,"date":"2024-04-23T00:50:39","date_gmt":"2024-04-22T22:50:39","guid":{"rendered":"https:\/\/www.infokuryr.cz\/n\/?p=52176"},"modified":"2024-04-22T17:59:51","modified_gmt":"2024-04-22T15:59:51","slug":"nejvyssi-izraelsky-vojensky-spion-odstoupil-kvuli-selhani-zpravodajskych-sluzeb-hamasu","status":"publish","type":"post","link":"https:\/\/www.infokuryr.cz\/n\/2024\/04\/23\/nejvyssi-izraelsky-vojensky-spion-odstoupil-kvuli-selhani-zpravodajskych-sluzeb-hamasu\/","title":{"rendered":"Nejvy\u0161\u0161\u00ed izraelsk\u00fd vojensk\u00fd \u0161pi\u00f3n odstoupil kv\u016fli selh\u00e1n\u00ed zpravodajsk\u00fdch slu\u017eeb Hamasu"},"content":{"rendered":"<div id=\"fb-root\"><\/div>\n<p><span style=\"font-size: 18pt;\"><strong>O\u010dek\u00e1v\u00e1 se, \u017ee rezignace gener\u00e1la Aharona Halivy bude prvn\u00ed z mnoha nejvy\u0161\u0161\u00edch bezpe\u010dnostn\u00edch slo\u017eek \u017eidovsk\u00e9ho st\u00e1tu po \u00fatoku Ham\u00e1su<\/strong><\/span><\/p>\n<p>\u0160\u00e9f izraelsk\u00e9 vojensk\u00e9 zpravodajsk\u00e9 slu\u017eby, gener\u00e1lmajor Aharon Haliva, odstoupil kv\u016fli tomu, \u017ee jeho odd\u011blen\u00ed nedok\u00e1zalo zabr\u00e1nit \u00fatoku Hamasu ze 7. \u0159\u00edjna, ozn\u00e1mila v pond\u011bl\u00ed arm\u00e1da \u017eidovsk\u00e9ho st\u00e1tu.<\/p>\n<p>O\u010dek\u00e1v\u00e1 se, \u017ee Halivova rezignace bude prvn\u00ed z mnoha mezi nejvy\u0161\u0161\u00edmi izraelsk\u00fdmi vojensk\u00fdmi p\u0159edstaviteli po smrteln\u00e9m \u00fatoku v lo\u0148sk\u00e9m roce, p\u0159i kter\u00e9m palestin\u0161t\u00ed militanti prolomili obranu hranic v Gaze, zabili p\u0159es 1100 lid\u00ed na izraelsk\u00e9m \u00fazem\u00ed a zajali asi 250 rukojm\u00edch. \u017didovsk\u00fd st\u00e1t od t\u00e9 doby zah\u00e1jil nel\u00edtostn\u00fd \u00fatok na Gazu a p\u0159\u00edsahal, \u017ee odstran\u00ed Ham\u00e1s.<\/p>\n<p><em>\u201e\u0158editelstv\u00ed zpravodajsk\u00e9 slu\u017eby pod m\u00fdm velen\u00edm nesplnilo \u00fakol, kter\u00fd n\u00e1m byl sv\u011b\u0159en. Od t\u00e9 doby si ten \u010dern\u00fd den nos\u00edm s sebou, den co den, noc co noc. Stra\u0161nou bolest v\u00e1lky si ponesu nav\u017edy s sebou,\u201c<\/em>\u00a0napsal Haliva ve sv\u00e9m rezigna\u010dn\u00edm dopise.<\/p>\n<p>Po \u00fatoku ze 7. \u0159\u00edjna Haliva opakovan\u011b uznal svou vinu za to, \u017ee nedok\u00e1zal zabr\u00e1nit \u00fatoku, stejn\u011b jako \u0159ada dal\u0161\u00edch nejvy\u0161\u0161\u00edch p\u0159edstavitel\u016f izraelsk\u00e9 arm\u00e1dy.<\/p>\n<p>Jeho rezignace se setkala se souhlasem izraelsk\u00e9ho opozi\u010dn\u00edho v\u016fdce Yaira Lapida, kter\u00fd ji ozna\u010dil za\u00a0<em>\u201eopr\u00e1vn\u011bnou a d\u016fstojnou\u201c.<\/em>\u00a0D\u00e1le tvrdil, \u017ee by bylo\u00a0<em>\u201evhodn\u00e9\u201c<\/em>\u00a0, aby premi\u00e9r Benjamin Netanjahu podobn\u011b odstoupil.<\/p>\n<p>Izraelsk\u00fd v\u016fdce zat\u00edm odm\u00edtl p\u0159ijmout p\u0159\u00edmou odpov\u011bdnost za umo\u017en\u011bn\u00ed \u00fatoku a nenazna\u010dil \u017e\u00e1dn\u00fd \u00famysl kv\u016fli ne\u00fasp\u011bchu dobrovoln\u011b rezignovat. Trval na tom, \u017ee v\u0161echna vy\u0161et\u0159ov\u00e1n\u00ed odpov\u011bdnosti by m\u011bla b\u00fdt uchov\u00e1na pro p\u0159\u00edpad, \u017ee v\u00e1lka s Ham\u00e1sem skon\u010d\u00ed.<\/p>\n<p><em>\u201eTento debakl bude vy\u0161et\u0159en. V\u0161ichni budou muset odpov\u011bd\u011bt, v\u010detn\u011b m\u011b,\u201c<\/em>\u00a0\u0159ekl Netanjahu po \u00fatoku.\u00a0<em>\u201eJedin\u00e1 v\u011bc, kterou hodl\u00e1m rezignovat, je Ham\u00e1s. Rezignujeme je na smeti\u0161t\u011b d\u011bjin.\u201c<\/em><\/p>\n<p>Zdravotn\u00ed \u00fa\u0159ady v Gaze zat\u00edm odhaduj\u00ed, \u017ee b\u011bhem izraelsk\u00e9ho obl\u00e9h\u00e1n\u00ed enkl\u00e1vy, kter\u00e9 zahrnovalo rozs\u00e1hl\u00e9 bombardov\u00e1n\u00ed i pozemn\u00ed invazi, bylo zabito v\u00edce ne\u017e 34 000 Palestinc\u016f.<\/p>\n<p>Navzdory mezin\u00e1rodn\u00ed kritice izraelsk\u00e9 reakce Netanjahu o v\u00edkendu sl\u00edbil, \u017ee zes\u00edl\u00ed vojensk\u00fd a diplomatick\u00fd tlak na Ham\u00e1s, aby osvobodil zb\u00fdvaj\u00edc\u00ed rukojm\u00ed, a z\u00e1rove\u0148 pohrozil\u00a0<em>\u201edal\u0161\u00edmi a bolestiv\u00fdmi \u00fadery\u201c<\/em>\u00a0proti palestinsk\u00fdm ozbrojenc\u016fm.<\/p>\n<p><img decoding=\"async\" loading=\"lazy\" class=\"alignnone size-full wp-image-1185\" src=\"http:\/\/www.infokuryr.cz\/n\/wp-content\/uploads\/2021\/04\/kuryr-podpis.png\" alt=\"\" width=\"84\" height=\"24\" \/><\/p>\n<p>&nbsp;<\/p>\n<p>&nbsp;<\/p>\n","protected":false},"excerpt":{"rendered":"<p>O\u010dek\u00e1v\u00e1 se, \u017ee rezignace gener\u00e1la Aharona Halivy bude prvn\u00ed z mnoha nejvy\u0161\u0161\u00edch bezpe\u010dnostn\u00edch slo\u017eek \u017eidovsk\u00e9ho&#8230;<\/p>\n","protected":false},"author":2,"featured_media":52177,"comment_status":"closed","ping_status":"closed","sticky":false,"template":"","format":"standard","meta":[],"categories":[7],"tags":[107,1081,1104,2945],"_links":{"self":[{"href":"https:\/\/www.infokuryr.cz\/n\/wp-json\/wp\/v2\/posts\/52176"}],"collection":[{"href":"https:\/\/www.infokuryr.cz\/n\/wp-json\/wp\/v2\/posts"}],"about":[{"href":"https:\/\/www.infokuryr.cz\/n\/wp-json\/wp\/v2\/types\/post"}],"author":[{"embeddable":true,"href":"https:\/\/www.infokuryr.cz\/n\/wp-json\/wp\/v2\/users\/2"}],"replies":[{"embeddable":true,"href":"https:\/\/www.infokuryr.cz\/n\/wp-json\/wp\/v2\/comments?post=52176"}],"version-history":[{"count":0,"href":"https:\/\/www.infokuryr.cz\/n\/wp-json\/wp\/v2\/posts\/52176\/revisions"}],"wp:featuredmedia":[{"embeddable":true,"href":"https:\/\/www.infokuryr.cz\/n\/wp-json\/wp\/v2\/media\/52177"}],"wp:attachment":[{"href":"https:\/\/www.infokuryr.cz\/n\/wp-json\/wp\/v2\/media?parent=52176"}],"wp:term":[{"taxonomy":"category","embeddable":true,"href":"https:\/\/www.infokuryr.cz\/n\/wp-json\/wp\/v2\/categories?post=52176"},{"taxonomy":"post_tag","embeddable":true,"href":"https:\/\/www.infokuryr.cz\/n\/wp-json\/wp\/v2\/tags?post=52176"}],"curies":[{"name":"wp","href":"https:\/\/api.w.org\/{rel}","templated":true}]}}