{"id":5216,"date":"2021-10-06T07:20:26","date_gmt":"2021-10-06T05:20:26","guid":{"rendered":"http:\/\/www.infokuryr.cz\/n\/?p=5216"},"modified":"2021-10-06T07:20:26","modified_gmt":"2021-10-06T05:20:26","slug":"skandalni-zaznam-je-venku-anthony-fauci-jiz-v-roce-2019-na-vakcinacni-konferenci-navrhl-obejit-klinicke-testy-vakcin-mrna","status":"publish","type":"post","link":"https:\/\/www.infokuryr.cz\/n\/2021\/10\/06\/skandalni-zaznam-je-venku-anthony-fauci-jiz-v-roce-2019-na-vakcinacni-konferenci-navrhl-obejit-klinicke-testy-vakcin-mrna\/","title":{"rendered":"Skand\u00e1ln\u00ed z\u00e1znam je venku! Anthony Fauci ji\u017e v roce 2019 na vakcina\u010dn\u00ed konferenci navrhl obej\u00edt klinick\u00e9 testy vakc\u00edn mRNA"},"content":{"rendered":"<div id=\"fb-root\"><\/div>\n<h4>VIDEO: Skand\u00e1ln\u00ed z\u00e1znam je venku! Anthony Fauci ji\u017e v roce 2019 na vakcina\u010dn\u00ed konferenci navrhl obej\u00edt klinick\u00e9 testy vakc\u00edn mRNA a pomoc\u00ed zorchestrovan\u00e9 pandemick\u00e9 krize je uv\u00e9st na trh bez nutnosti desetilet\u00e9ho testov\u00e1n\u00ed! Fauci popsal, kdy\u017e se vytvo\u0159\u00ed rozruch s n\u011bjak\u00fdm virem ve spole\u010dnosti, dozorov\u00e9 org\u00e1ny odstran\u00ed byrokratick\u00e9 podm\u00ednky pro desetilet\u00e9 klinick\u00e9 testy a pust\u00ed mRNA vakc\u00edny do lid\u00ed naplno a bez otestov\u00e1n\u00ed! \u0160okuj\u00edc\u00ed v\u00fdroky Fauciho ji\u017e prov\u011b\u0159uje americk\u00e1 FBI na podn\u011bt novin\u00e1\u0159\u016f, video by rozhodn\u011b nem\u011bli vid\u011bt o\u010dkovan\u00e9 osoby! Nao\u010dkovan\u00ed lid\u00e9 se stali ob\u011btmi vivisekce a pokus\u016f na \u017eiv\u00fdch subjektech! Fauciho kolega dokonce navrhoval vakcina\u010dn\u00ed n\u00e1plasti!<\/h4>\n<p>Americk\u00e1 alternativa pr\u00e1v\u011b v t\u011bchto hodin\u00e1ch \u017eije nejv\u011bt\u0161\u00edm skand\u00e1lem, kter\u00fd dosud vypukl okolo koronaviru. Na ve\u0159ejnost uniklo video z vakcina\u010dn\u00ed konference Milken Institute o v\u00fdvoji nov\u00fdch mRNA vakc\u00edn proti ch\u0159ipce, kde byl hlavn\u00edm hostem Anthony Fauci, \u0161\u00e9f americk\u00e9ho institutu infek\u010dn\u00edch chorob (NIAID). Konference se odehr\u00e1la 29. \u0159\u00edjna 2019 a Anthony Fauci na n\u00ed vysv\u011btloval, \u017ee dosud se vakc\u00edny vyr\u00e1b\u00ed z vaj\u00ed\u010dek, ale k dispozici je nov\u00e1 a p\u0159evratn\u00e1 mRNA metoda. Jen\u017ee, zav\u00e1d\u011bn\u00ed nov\u00fdch mRNA vakc\u00edn podl\u00e9h\u00e1 byrokratick\u00fdm regulac\u00edm a mnoha f\u00e1z\u00edm klinick\u00fdch zkou\u0161ek, kter\u00e9 trvaj\u00ed minim\u00e1ln\u011b 10 let.<\/p>\n<p>A hned pot\u00e9 to p\u0159i\u0161lo.\u00a0<strong>Anthony Fauci za\u010dal vysv\u011btlovat, \u017ee pokud se zorchestruje a p\u0159iprav\u00ed rozruch ve spole\u010dnosti s n\u011bjak\u00fdm virem, n\u011bjakou konkr\u00e9tn\u00ed n\u00e1kazou, kter\u00e1 opravdu bude v\u00fdjime\u010dn\u00e1, americk\u00e9 org\u00e1ny pod obrovsk\u00fdm tlakem ve\u0159ejnosti couvnou a p\u0159estanou po farmaceutick\u00fdch firm\u00e1ch po\u017eadovat 10-let\u00e9 d\u016fkladn\u00e9 testov\u00e1n\u00ed nov\u00e9 mRNA vakc\u00edny.<\/strong>\u00a0Kv\u016fli vyvolan\u00e9 krizi a tlaku tak americk\u00e1 FDA ustoup\u00ed a umo\u017en\u00ed uveden\u00ed mRNA vakc\u00edn na \u0161irok\u00e9 trhy bez jak\u00e9hokoliv testov\u00e1n\u00ed. Naprosto bez \u010dehokoliv.<\/p>\n<p>&nbsp;<\/p>\n<div id=\"rumble_vkqwzz\">\n<div id=\"vid_vkqwzz\" class=\"rumble_vkqwzz-Rumble-cls\">\n<div class=\"bigPlayUI ctp\">\n<div class=\"bigPlayUIInner ctp\"><div class='videoWrapper'>\r\n\t            <iframe src='https:\/\/rumble.com\/embed\/pj.vkqwzz\/' frameborder='0' allowfullscreen><\/iframe>\r\n\t        <\/div><\/div>\n<\/div>\n<\/div>\n<\/div>\n<p>&nbsp;<\/p>\n<p>Jeho profesn\u00ed kolega nav\u00edc navrhoval, \u017ee kdyby se v \u010c\u00edn\u011b objevila nov\u00e1 varianta pta\u010d\u00ed ch\u0159ipky, tak by sta\u010dilo jenom naskenovat RNA, odeslat data do laborato\u0159\u00ed po cel\u00e9m sv\u011bt\u011b a vakc\u00edny by se mohly vyr\u00e1b\u011bt okam\u017eit\u011b, dokonce i doma na 3D tisk\u00e1rn\u011b s p\u0159\u00edslu\u0161n\u00fdm za\u0159\u00edzen\u00edm a lid\u00e9 by se o\u010dkovali vakcina\u010dn\u00ed n\u00e1plast\u00ed, tedy pomoci nano-robotick\u00fdch jehli\u010dek, kter\u00e9 se zavrtaj\u00ed pod k\u016f\u017ei. Technologie je zat\u00edm ve st\u00e1diu experiment\u00e1ln\u00edch pokus\u016f.<\/p>\n<p><strong>Anthony Fauci tak p\u0159\u00edmo na konferenci navrhoval, jak obej\u00edt schvalovac\u00ed procesy FDA a evropsk\u00e9 EMA, jak donutit tyto regul\u00e1tory, aby pod n\u00e1tlakem a hysteri\u00ed ustoupili z pravidel na zaru\u010den\u00ed bezpe\u010dnosti vakc\u00edn.<\/strong>\u00a0Video ji\u017e m\u00e1 v ruce americk\u00e1 FBI, Alex Jones odvys\u00edlal\u00a0k tomuto skand\u00e1lu cel\u00fd po\u0159ad a j\u00e1 jsem video opat\u0159il \u010desk\u00fdmi titulky. Postupn\u011b se ukazuje a odhaluje, \u017ee v\u0161echny ty podivnosti okolo vakc\u00edn, okolo jejich rychl\u00e9ho schvalov\u00e1n\u00ed, byly provedeny p\u0159esn\u011b podle n\u00e1vodu, kter\u00fd na konferenci p\u0159edest\u0159el Anthony Fauci.<\/p>\n<h6><span style=\"font-size: 14pt;\">Ve Vermontu maj\u00ed nejv\u00edce nao\u010dkovan\u00fdch a p\u0159itom nejv\u00edce hospitalizovan\u00fdch<\/span><\/h6>\n<p>Te\u010f si vezm\u011bte, kolik lid\u00ed se u\u017e nechalo o\u010dkovat, a ne jednou, ale dvakr\u00e1t, a dokonce t\u0159ikr\u00e1t. Roztoky v\u0161ak nemaj\u00ed \u017e\u00e1dn\u00e9 klinick\u00e9 testy, prost\u011b nic, jsou to l\u00e1tky, kter\u00e9 Pfizer a dal\u0161\u00ed farmaceutick\u00e9 firmy v pokusech na stamilionech \u017eiv\u00fdch subjekt\u016f vyzkou\u0161\u00ed a t\u00edm se obejde 10-let\u00e1 klinick\u00e1 f\u00e1ze. A kdy\u017e se v\u00e1m n\u011bco stane po vakc\u00edn\u011b, nedostanete \u017e\u00e1dn\u00e9 od\u0161kodn\u011bn\u00ed od st\u00e1tu, nem\u00e1te n\u00e1rok. Jen\u017ee, to nen\u00ed nic, co se d\u011bje v americk\u00e9m st\u00e1t\u011b Vermont, kter\u00fd se chlub\u00ed nejvy\u0161\u0161\u00ed vakcinac\u00ed populace.\u00a0<strong>Ve st\u00e1t\u011b je o\u010dkov\u00e1no t\u00e9m\u011b\u0159 100% senior\u016f a mlad\u0161\u00ed populace je o\u010dkov\u00e1na z 89% a p\u0159itom ve st\u00e1t\u011b raketov\u00e9 nar\u016fstaj\u00ed v nemocnic\u00edch pacienti, tedy o\u010dkovan\u00ed.<\/strong>\u00a0Vakc\u00edny prost\u011b jakoby nefungovaly.<\/p>\n<div class=\"twitter-tweet twitter-tweet-rendered\"><iframe id=\"twitter-widget-0\" class=\"\" title=\"Twitter Tweet\" src=\"https:\/\/platform.twitter.com\/embed\/Tweet.html?dnt=true&amp;embedId=twitter-widget-0&amp;features=eyJ0ZndfZXhwZXJpbWVudHNfY29va2llX2V4cGlyYXRpb24iOnsiYnVja2V0IjoxMjA5NjAwLCJ2ZXJzaW9uIjpudWxsfSwidGZ3X2hvcml6b25fdHdlZXRfZW1iZWRfOTU1NSI6eyJidWNrZXQiOiJodGUiLCJ2ZXJzaW9uIjpudWxsfSwidGZ3X3NwYWNlX2NhcmQiOnsiYnVja2V0Ijoib2ZmIiwidmVyc2lvbiI6bnVsbH19&amp;frame=false&amp;hideCard=false&amp;hideThread=false&amp;id=1443272185901027330&amp;lang=cs&amp;origin=https%3A%2F%2Faeronet.cz%2Fnews%2Fvideo-skandalni-zaznam-je-venku-anthony-fauci-jiz-v-roce-2019-na-vakcinacni-konferenci-navrhl-obejit-klinicke-testy-vakcin-mrna-a-pomoci-zorchestrovane-pandemicke-krize-je-uvest-na-trh-bez-nutnosti%2F&amp;sessionId=702f6057343a61144bf169ed8a1a29c99019cf12&amp;theme=light&amp;widgetsVersion=fcb1942%3A1632982954711&amp;width=550px\" frameborder=\"0\" scrolling=\"no\" allowfullscreen=\"allowfullscreen\" data-tweet-id=\"1443272185901027330\" data-mce-fragment=\"1\"><\/iframe><\/div>\n<p>&nbsp;<\/p>\n<p>Podle CDC [<a href=\"https:\/\/href.li\/?https:\/\/healthdata.gov\/Community\/COVID-19-State-Profile-Report-Vermont\/caha-cjqa\" target=\"_blank\" rel=\"nofollow noopener\">1<\/a>] bylo k 24. z\u00e1\u0159\u00ed proti COVID-19 pln\u011b o\u010dkov\u00e1no v\u00edce ne\u017e 69% produktivn\u00ed vermontsk\u00e9 populace, co\u017e je mnohem v\u00edce ne\u017e 56 % celost\u00e1tn\u00edho pod\u00edlu. St\u00e1t zaznamenal 30. z\u00e1\u0159\u00ed nejvy\u0161\u0161\u00ed po\u010det hospitalizac\u00ed na 100 000 obyvatel, \u010d\u00edm\u017e p\u0159ekonal rekord z 31. ledna lo\u0148sk\u00e9ho roku. Dne 13. z\u00e1\u0159\u00ed zem\u0159elo ve Vermontu na virus CCP osm lid\u00ed, co\u017e je nejvy\u0161\u0161\u00ed po\u010det zaznamenan\u00fd od vypuknut\u00ed epidemie tohoto viru. Podle dopisu podepsan\u00e9ho 90 zam\u011bstnanci vermontsk\u00e9ho ministerstva zdravotnictv\u00ed, v\u010detn\u011b st\u00e1tn\u00ed epidemiolo\u017eky Patsy Kelsov\u00e9,\u00a0<strong>byly koncem srpna \u010dty\u0159i z deseti p\u0159\u00edpad\u016f onemocn\u011bn\u00ed virem COVID-19 ve Vermontu mezi o\u010dkovan\u00fdmi osobami.<\/strong><\/p>\n<h6><span style=\"font-size: 14pt;\">Nemocnice p\u0159ij\u00edmaj\u00ed a\u017e 20x v\u00edce pacient\u016f\u2026 v drtiv\u00e9 v\u011bt\u0161in\u011b nao\u010dkovan\u00fdch<\/span><\/h6>\n<p>Guvern\u00e9r Phil Scott (R) zru\u0161il v\u00fdjime\u010dn\u00fd stav ve Vermontu v \u010dervnu, kdy 80 procent obyvatel dostalo alespo\u0148 jednu vakc\u00ednu. Od t\u00e9 doby nazna\u010dil, \u017ee se ob\u00e1v\u00e1 op\u011btovn\u00e9ho zaveden\u00ed v\u00fdjime\u010dn\u00e9ho stavu. \u201c<em>Nem\u016f\u017eeme b\u00fdt v neust\u00e1l\u00e9m stavu nouze<\/em>,\u201d \u0159ekl Scott tento t\u00fdden. \u010cty\u0159i st\u00e1ty, kter\u00e9 n\u00e1sleduj\u00ed po Vermontu, pokud jde o nejvy\u0161\u0161\u00ed m\u00edru proo\u010dkovanosti v zemi, tak\u00e9 zaznamen\u00e1vaj\u00ed alarmuj\u00edc\u00ed p\u0159\u00edznaky. \u0160\u00e9f UMass Memorial Health, nejv\u011bt\u0161\u00edho zdravotnick\u00e9ho syst\u00e9mu v centr\u00e1ln\u00edm Massachusetts, ned\u00e1vno uvedl, \u017ee region\u00e1ln\u00ed nemocnice p\u0159ij\u00edmaj\u00ed t\u00e9m\u011b\u0159 dvacetkr\u00e1t v\u00edce pacient\u016f s COVID-19 ne\u017e v \u010dervnu a nen\u00ed voln\u00e9 l\u016f\u017eko na jednotce intenzivn\u00ed p\u00e9\u010de. Massachusetts m\u00e1 p\u00e1tou nejvy\u0161\u0161\u00ed proo\u010dkovanost v zemi.<\/p>\n<div class=\"twitter-tweet twitter-tweet-rendered\"><iframe id=\"twitter-widget-1\" class=\"\" title=\"Twitter Tweet\" src=\"https:\/\/platform.twitter.com\/embed\/Tweet.html?dnt=true&amp;embedId=twitter-widget-1&amp;features=eyJ0ZndfZXhwZXJpbWVudHNfY29va2llX2V4cGlyYXRpb24iOnsiYnVja2V0IjoxMjA5NjAwLCJ2ZXJzaW9uIjpudWxsfSwidGZ3X2hvcml6b25fdHdlZXRfZW1iZWRfOTU1NSI6eyJidWNrZXQiOiJodGUiLCJ2ZXJzaW9uIjpudWxsfSwidGZ3X3NwYWNlX2NhcmQiOnsiYnVja2V0Ijoib2ZmIiwidmVyc2lvbiI6bnVsbH19&amp;frame=false&amp;hideCard=false&amp;hideThread=false&amp;id=1444002637158838272&amp;lang=cs&amp;origin=https%3A%2F%2Faeronet.cz%2Fnews%2Fvideo-skandalni-zaznam-je-venku-anthony-fauci-jiz-v-roce-2019-na-vakcinacni-konferenci-navrhl-obejit-klinicke-testy-vakcin-mrna-a-pomoci-zorchestrovane-pandemicke-krize-je-uvest-na-trh-bez-nutnosti%2F&amp;sessionId=702f6057343a61144bf169ed8a1a29c99019cf12&amp;theme=light&amp;widgetsVersion=fcb1942%3A1632982954711&amp;width=550px\" frameborder=\"0\" scrolling=\"no\" allowfullscreen=\"allowfullscreen\" data-tweet-id=\"1444002637158838272\" data-mce-fragment=\"1\"><\/iframe><\/div>\n<p>&nbsp;<\/p>\n<p>V Connecticutu, druh\u00e9m nejv\u00edce proo\u010dkovan\u00e9m st\u00e1t\u011b v USA, z\u00e1konod\u00e1rci ned\u00e1vno roz\u0161\u00ed\u0159ili guvern\u00e9rovy pravomoci pro p\u0159\u00edpad nouze, aby se sn\u00e1ze vyrovnali s posledn\u00ed vlnou pandemie. Ve st\u00e1t\u011b Maine, t\u0159et\u00edm nejv\u00edce proo\u010dkovan\u00e9m st\u00e1t\u011b USA, bylo 22. z\u00e1\u0159\u00ed na jednotk\u00e1ch intenzivn\u00ed p\u00e9\u010de t\u00e9m\u011b\u0159 90 lid\u00ed, co\u017e je pro tento st\u00e1t vrchol pandemie. Ato zdaleka nen\u00ed v\u0161echno.\u00a0<strong>Skand\u00e1l okolo neziskovky EcoHealth Alliance, o kter\u00e9m jsme psali [<a href=\"https:\/\/aeronet.cz\/news\/video-skandal-sars-cov-2-vede-k-americke-armade-a-k-vojenskemu-vyzkumu-biologickych-zbrani-odhalily-nove-dokumenty-smycka-okolo-dr-anthony-fauciho-se-utahuje-podle-vseho-vedel-o-vojenskem-vyzkumu\/\">1<\/a>], u\u017e m\u00e1 prvn\u00ed ob\u011b\u0165.<\/strong><\/p>\n<h6><span style=\"font-size: 14pt;\">Skand\u00e1l s americk\u00fdm financov\u00e1n\u00edm v\u00fdzkumu vir\u016f ve Wuhanu je jen \u0161pi\u010dka ledovce<\/span><\/h6>\n<p>\u0158editel N\u00e1rodn\u00edho \u00fastavu zdrav\u00ed (NIH)\u00a0<strong>Dr. Francis Collins v \u00fater\u00fd ozn\u00e1mil [<a href=\"https:\/\/href.li\/?https:\/\/nypost.com\/2021\/10\/05\/nih-director-francis-collins-to-step-down-by-end-of-year\/\" target=\"_blank\" rel=\"nofollow noopener\">2<\/a>], \u017ee na svou funkci rezignuje koncem roku. Collins, kter\u00fd je nejd\u00e9le slou\u017e\u00edc\u00edm \u0159editelem NIH v historii USA, p\u016fsobil za Obamova, Trumpova i Bidenova prezidentstv\u00ed.<\/strong>\u00a0\u201c<em>Jsem hrd\u00fd na v\u0161e, \u010deho jsme dos\u00e1hli. Jsem v\u0161ak z\u00e1sadn\u011b p\u0159esv\u011bd\u010den, \u017ee \u017e\u00e1dn\u00e1 osoba by nem\u011bla ve funkci p\u016fsobit p\u0159\u00edli\u0161 dlouho a \u017ee je \u010das p\u0159iv\u00e9st nov\u00e9ho v\u011bdce, kter\u00fd povede NIH do budoucnosti,<\/em>\u201d uvedl Collins v prohl\u00e1\u0161en\u00ed p\u0159i ozn\u00e1men\u00ed sv\u00e9ho odchodu do d\u016fchodu. \u201c<em>Jsem velmi vd\u011b\u010dn\u00fd a hrd\u00fd na zam\u011bstnance NIH a v\u011bdeckou komunitu, jejich\u017e mimo\u0159\u00e1dn\u00e9 nasazen\u00ed v oblasti v\u00fdzkumu zachra\u0148uj\u00edc\u00edho \u017eivoty p\u0159in\u00e1\u0161\u00ed ka\u017ed\u00fd den nad\u011bji americk\u00e9mu lidu i cel\u00e9mu sv\u011btu.<\/em>\u201c<\/p>\n<figure id=\"attachment_45369\" class=\"wp-caption aligncenter\"><a href=\"https:\/\/aeronet.cz\/news\/wp-content\/uploads\/GatesCollinsFauci1024.jpg\"><img decoding=\"async\" loading=\"lazy\" class=\"wp-image-45369 size-large\" src=\"https:\/\/aeronet.cz\/news\/wp-content\/uploads\/GatesCollinsFauci1024-1024x673.jpg\" sizes=\"(max-width: 700px) 100vw, 700px\" srcset=\"https:\/\/aeronet.cz\/news\/wp-content\/uploads\/GatesCollinsFauci1024.jpg 1024w, https:\/\/aeronet.cz\/news\/wp-content\/uploads\/GatesCollinsFauci1024-300x197.jpg 300w, https:\/\/aeronet.cz\/news\/wp-content\/uploads\/GatesCollinsFauci1024-768x505.jpg 768w, https:\/\/aeronet.cz\/news\/wp-content\/uploads\/GatesCollinsFauci1024-700x460.jpg 700w, https:\/\/aeronet.cz\/news\/wp-content\/uploads\/GatesCollinsFauci1024-100x65.jpg 100w, https:\/\/aeronet.cz\/news\/wp-content\/uploads\/GatesCollinsFauci1024-543x357.jpg 543w, https:\/\/aeronet.cz\/news\/wp-content\/uploads\/GatesCollinsFauci1024-735x483.jpg 735w\" alt=\"\" width=\"700\" height=\"460\" \/><\/a><figcaption class=\"wp-caption-text\">Dr. Francis Collins uprost\u0159ed. Vlevo Bill Gates, vpravo Anthony Fauci<\/figcaption><\/figure>\n<p>\u201c<em>A\u017e se vr\u00e1t\u00ed do sv\u00e9 laborato\u0159e v N\u00e1rodn\u00edm \u00fastavu pro v\u00fdzkum lidsk\u00e9ho genomu, t\u011b\u0161\u00edme se na jeho nep\u0159ekonatelnou schopnost odkr\u00fdvat mo\u017enosti, kter\u00e9 jsou v na\u0161em dosahu a kter\u00e9 definuj\u00ed to nejlep\u0161\u00ed, \u010d\u00edm jako Ameri\u010dan\u00e9 jsme<\/em>,\u201d napsal prezident Biden v \u00fatern\u00edm prohl\u00e1\u0161en\u00ed [<a href=\"https:\/\/href.li\/?https:\/\/www.whitehouse.gov\/briefing-room\/statements-releases\/2021\/10\/05\/statement-by-president-joe-biden-on-dr-francis-collins-stepping-down-as-director-of-the-national-institutes-of-health\/\" target=\"_blank\" rel=\"nofollow noopener\">3<\/a>], v n\u011bm\u017e Collinse pochv\u00e1lil. B\u011bhem pandemie Collins prosazoval, aby lid\u00e9 nosili masky ve vlastn\u00edch domovech, zaveden\u00ed o\u010dkovac\u00edch pas\u016f a dokonce i posilovac\u00ed o\u010dkov\u00e1n\u00ed, p\u0159esto\u017ee poradci FDA hlasovali proti. Mo\u017en\u00e1 je podivn\u00e9, \u017ee\u00a0<strong>\u0159editel NIH odch\u00e1z\u00ed uprost\u0159ed glob\u00e1ln\u00ed pandemie, kv\u016fli kter\u00e9 neust\u00e1le nah\u00e1n\u00ed strach, proto\u017ee ned\u00e1vno zve\u0159ejn\u011bn\u00e9 dokumenty ukazuj\u00ed, \u017ee u\u010dinil nepravdiv\u00e1 prohl\u00e1\u0161en\u00ed ohledn\u011b financov\u00e1n\u00ed Wuhansk\u00e9ho virologick\u00e9ho institutu (WIV) feder\u00e1ln\u00ed vl\u00e1dou<\/strong>.<\/p>\n<h6><span style=\"font-size: 14pt;\">Politici bez mrknut\u00ed oka ud\u011blali z ob\u010dan\u016f pokusn\u00e9 subjekty pro plo\u0161n\u00e9 vakcinace<\/span><\/h6>\n<p>Jak poznamenal profesor chemie Richard H. Ebright, \u010dlen spr\u00e1vn\u00ed rady Rutgersovy univerzity: \u201c<em>Z dokument\u016f jasn\u011b vypl\u00fdv\u00e1, \u017ee tvrzen\u00ed \u0159editele NIH Francise Collinse a \u0159editele NIAID Anthonyho Fauciho o tom, \u017ee NIH nepodporoval v\u00fdzkum z\u00edsk\u00e1v\u00e1n\u00ed funkc\u00ed nebo potenci\u00e1ln\u00ed vylep\u0161ov\u00e1n\u00ed pandemick\u00fdch patogen\u016f ve WIV, jsou nepravdiv\u00e1.<\/em>\u201d\u00a0<strong>V podstat\u011b 900 stran d\u0159\u00edve nezve\u0159ejn\u011bn\u00fdch dokument\u016f NIH [<a href=\"https:\/\/href.li\/?https:\/\/theintercept.com\/2021\/09\/06\/new-details-emerge-about-coronavirus-research-at-chinese-lab\/\" target=\"_blank\" rel=\"nofollow noopener\">4<\/a>], kter\u00e9 v z\u00e1\u0159\u00ed z\u00edskal Intercept, uk\u00e1zalo, \u017ee granty NIH z let 2014 a 2019 pro EcoHealth Alliance Petera Daszaka.<\/strong><\/p>\n<p>Ty byly subdod\u00e1vkou pro komunistickou laborato\u0159 ve Wuhanu, financovaly v\u00fdzkum s c\u00edlem zes\u00edlen\u00ed funkce vir\u016f, jak je definov\u00e1no ve feder\u00e1ln\u00edch politik\u00e1ch. Mezit\u00edm se v ofici\u00e1ln\u00edm prohl\u00e1\u0161en\u00ed [<a href=\"https:\/\/href.li\/?https:\/\/www.nih.gov\/about-nih\/who-we-are\/nih-director\/statements\/statement-misinformation-about-nih-support-specific-gain-function-research\" target=\"_blank\" rel=\"nofollow noopener\">5<\/a>] NIH, kter\u00e9 je v sou\u010dasn\u00e9 dob\u011b zve\u0159ejn\u011bno na internetov\u00fdch str\u00e1nk\u00e1ch agentury a jeho\u017e autorem je s\u00e1m Collins, uv\u00e1d\u00ed: \u201c<em>NIH ani NIAID nikdy neschv\u00e1lily \u017e\u00e1dn\u00fd grant, kter\u00fd by podporoval \u2018gain-of-function\u2019 v\u00fdzkum koronavir\u016f, kter\u00fd by zv\u00fd\u0161il jejich p\u0159enosnost nebo smrtelnost pro \u010dlov\u011bka<\/em>.\u201d Prost\u011b klasick\u00fd damage control.<\/p>\n<figure id=\"attachment_47027\" class=\"wp-caption aligncenter\"><a href=\"https:\/\/aeronet.cz\/news\/wp-content\/uploads\/PeterDaszak.jpg\"><img decoding=\"async\" loading=\"lazy\" class=\"wp-image-47027 size-large\" src=\"https:\/\/aeronet.cz\/news\/wp-content\/uploads\/PeterDaszak-1024x585.jpg\" sizes=\"(max-width: 700px) 100vw, 700px\" srcset=\"https:\/\/aeronet.cz\/news\/wp-content\/uploads\/PeterDaszak-1024x585.jpg 1024w, https:\/\/aeronet.cz\/news\/wp-content\/uploads\/PeterDaszak-300x171.jpg 300w, https:\/\/aeronet.cz\/news\/wp-content\/uploads\/PeterDaszak-768x439.jpg 768w, https:\/\/aeronet.cz\/news\/wp-content\/uploads\/PeterDaszak-700x400.jpg 700w, https:\/\/aeronet.cz\/news\/wp-content\/uploads\/PeterDaszak-625x357.jpg 625w, https:\/\/aeronet.cz\/news\/wp-content\/uploads\/PeterDaszak-845x483.jpg 845w, https:\/\/aeronet.cz\/news\/wp-content\/uploads\/PeterDaszak.jpg 1120w\" alt=\"\" width=\"700\" height=\"400\" \/><\/a><figcaption class=\"wp-caption-text\">Peter Daszak, \u0159editel EcoHealth Alliance<\/figcaption><\/figure>\n<p>Ov\u0161em video zachycuj\u00edc\u00ed Anthony Fauciho, jak vysv\u011btluje obej\u00edt FDA a vynutit si trikem a rozruchem odpu\u0161t\u011bn\u00ed 10 let klinick\u00fdch test\u016f nov\u00e9 mRNA vakc\u00edny, to je \u00fapln\u011b jin\u00e1 liga.\u00a0<strong>V\u0161ichni politici s vakc\u00ednami souhlasili, p\u0159esto\u017ee v\u011bd\u011bli, \u017ee jim chyb\u00ed 10-let\u00e9 klinick\u00e9 testy. Klidn\u011b je napustili do ob\u010dan\u016f a nikdo te\u010f nev\u00ed, co ty vakc\u00edny ud\u011blaj\u00ed za 5 nebo 10 let s ledvinami, s j\u00e1try, se slinivkou nebo srdcem.<\/strong>\u00a0A proto\u017ee farmaceutick\u00e9 firmy dostaly od Evropsk\u00e9 komise indemnitu, tedy ne\u017ealovatelnost, nenesou za nic zodpov\u011bdnost, zat\u00edmco s jejich vakc\u00ednami se plo\u0161n\u011b o\u010dkuje.<\/p>\n<p>Zodpov\u011bdnost politik\u016f p\u0159estala existovat, je jim \u00fapln\u011b jedno, co se stane s obyvatelstvem. Tohle jsou prost\u011b d\u016fsledky zm\u011bn ve spole\u010dnosti. Politici u\u017e nejsou elity z lidu, ale jsou to kontrolo\u0159i lidu. Kdy\u017e se ale pod\u00edv\u00e1te za sebe, zjist\u00edte, \u017ee ka\u017ed\u00e1 vl\u00e1da je o n\u011bco hor\u0161\u00ed ne\u017e ta p\u0159edchoz\u00ed. A to je objektivn\u00ed proces vy\u010derp\u00e1v\u00e1n\u00ed zdroj\u016f, jak majetkov\u00fdch, tak spole\u010densk\u00fdch i k\u00e1drov\u00fdch. Tak\u017ee pokusy na lidech ji\u017e ofici\u00e1ln\u011b, n\u011bkde dokonce povinn\u011b. Peklo? Ne, jenom Total Control.<\/p>\n<p>-VK- \u0160\u00e9fredaktor AE News<\/p>\n<p><a href=\"https:\/\/aeronet.cz\/news\/video-skandalni-zaznam-je-venku-anthony-fauci-jiz-v-roce-2019-na-vakcinacni-konferenci-navrhl-obejit-klinicke-testy-vakcin-mrna-a-pomoci-zorchestrovane-pandemicke-krize-je-uvest-na-trh-bez-nutnosti\/\">ZDROJ<\/a><\/p>\n<p>&nbsp;<\/p>\n","protected":false},"excerpt":{"rendered":"<p>VIDEO: Skand\u00e1ln\u00ed z\u00e1znam je venku! Anthony Fauci ji\u017e v roce 2019 na vakcina\u010dn\u00ed konferenci navrhl&#8230;<\/p>\n","protected":false},"author":2,"featured_media":2312,"comment_status":"closed","ping_status":"closed","sticky":false,"template":"","format":"standard","meta":[],"categories":[7],"tags":[549,694,1009,46],"_links":{"self":[{"href":"https:\/\/www.infokuryr.cz\/n\/wp-json\/wp\/v2\/posts\/5216"}],"collection":[{"href":"https:\/\/www.infokuryr.cz\/n\/wp-json\/wp\/v2\/posts"}],"about":[{"href":"https:\/\/www.infokuryr.cz\/n\/wp-json\/wp\/v2\/types\/post"}],"author":[{"embeddable":true,"href":"https:\/\/www.infokuryr.cz\/n\/wp-json\/wp\/v2\/users\/2"}],"replies":[{"embeddable":true,"href":"https:\/\/www.infokuryr.cz\/n\/wp-json\/wp\/v2\/comments?post=5216"}],"version-history":[{"count":0,"href":"https:\/\/www.infokuryr.cz\/n\/wp-json\/wp\/v2\/posts\/5216\/revisions"}],"wp:featuredmedia":[{"embeddable":true,"href":"https:\/\/www.infokuryr.cz\/n\/wp-json\/wp\/v2\/media\/2312"}],"wp:attachment":[{"href":"https:\/\/www.infokuryr.cz\/n\/wp-json\/wp\/v2\/media?parent=5216"}],"wp:term":[{"taxonomy":"category","embeddable":true,"href":"https:\/\/www.infokuryr.cz\/n\/wp-json\/wp\/v2\/categories?post=5216"},{"taxonomy":"post_tag","embeddable":true,"href":"https:\/\/www.infokuryr.cz\/n\/wp-json\/wp\/v2\/tags?post=5216"}],"curies":[{"name":"wp","href":"https:\/\/api.w.org\/{rel}","templated":true}]}}