{"id":5215,"date":"2021-10-06T07:16:28","date_gmt":"2021-10-06T05:16:28","guid":{"rendered":"http:\/\/www.infokuryr.cz\/n\/?p=5215"},"modified":"2021-10-06T07:16:28","modified_gmt":"2021-10-06T05:16:28","slug":"polsko-a-madarsko-celi-diktatu-eu","status":"publish","type":"post","link":"https:\/\/www.infokuryr.cz\/n\/2021\/10\/06\/polsko-a-madarsko-celi-diktatu-eu\/","title":{"rendered":"Polsko a Ma\u010farsko \u010del\u00ed dikt\u00e1tu EU"},"content":{"rendered":"<div id=\"fb-root\"><\/div>\n<p class=\"podnadpis\"><span style=\"font-size: 14pt;\"><strong>Ma\u010farsk\u00e1 vl\u00e1da odm\u00edt\u00e1 kompromis v ot\u00e1zce budoucnosti ma\u010farsk\u00fdch d\u011bt\u00ed<\/strong><\/span><\/p>\n<section class=\"perex\">Polsk\u00e9 obce za\u010daly odm\u00edtat status &#8222;z\u00f3ny bez LGBT&#8220;. Takov\u00e9 z\u00f3ny vznikly v Polsku na z\u00e1klad\u011b hlasov\u00e1n\u00ed obc\u00ed v letech 2019-2021. Celkem asi stovka polsk\u00fdch m\u011bst a obc\u00ed hlasovala pro rezoluce odsuzuj\u00edc\u00ed \u00fatoky na tradi\u010dn\u00ed hodnoty a propagaci takzvan\u00e9 LGBT (perverzn\u00ed) ideologie. Odborn\u00edci\u00a0<a href=\"https:\/\/www.dw.com\/ru\/diskriminacija-lgbt-soobshhestva-mozhet-dorogo-obojtis-polshe\/a-59144411\" target=\"_blank\" rel=\"external noopener\">odhaduj\u00ed<\/a>, \u017ee p\u0159ibli\u017en\u011b t\u0159etina polsk\u00e9 populace \u017eije v &#8222;z\u00f3n\u00e1ch bez LGBT&#8220;.<\/p>\n<\/section>\n<section class=\"clanek-obsah\">P\u0159esto\u017ee hlasov\u00e1n\u00ed m\u011blo p\u0159edev\u0161\u00edm demonstrativn\u00ed charakter a rezoluce neobsahovaly konkr\u00e9tn\u00ed mechanismy, jak \u010delit agresi evropsk\u00fdch LGBT lobbist\u016f, vyvolal tento neobvykl\u00fd krok, schv\u00e1len\u00fd polsk\u00fdmi org\u00e1ny, v Bruselu silnou reakci. Dne 15. \u010dervence 2021 zah\u00e1jila Evropsk\u00e1 komise disciplin\u00e1rn\u00ed \u0159\u00edzen\u00ed proti Var\u0161av\u011b za &#8222;LGBT free z\u00f3ny&#8220;. Pol\u00e1ci na tuto hrozbu zpo\u010d\u00e1tku nereagovali. No, uv\u00edd\u00edme. Pak se Brusel uch\u00fdlil k dal\u0161\u00edm p\u0159esv\u011bd\u010dovac\u00edm prost\u0159edk\u016fm.<\/p>\n<div class=\"karta\">\n<figure><img decoding=\"async\" loading=\"lazy\" src=\"http:\/\/www.zvedavec.org\/images\/21\/polsko-a-madarsko-pod-diktaturou-eu-1.jpg\" alt=\"[Foto BBC...]\" width=\"560\" height=\"315\" \/><figcaption>Foto BBC<\/figcaption><\/figure>\n<\/div>\n<p>V z\u00e1\u0159\u00ed za\u010daly obce, kter\u00e9 se vyslovily proti propagand\u011b LGBT, dost\u00e1vat\u00a0<a href=\"https:\/\/www.dw.com\/ru\/diskriminacija-lgbt-soobshhestva-mozhet-dorogo-obojtis-polshe\/a-59144411\" target=\"_blank\" rel=\"external noopener\">dopisy<\/a>\u00a0od veden\u00ed Evropsk\u00e9 unie, v nich\u017e hroz\u00ed, \u017ee jim bude zastaveno financov\u00e1n\u00ed program\u016f hospod\u00e1\u0159sk\u00e9 obnovy (po &#8222;pandemii&#8220;). Financov\u00e1n\u00ed odstra\u0148ov\u00e1n\u00ed \u0161kod zp\u016fsoben\u00fdch covid terorem a takzvan\u00e1 pr\u00e1va LGBT spolu samoz\u0159ejm\u011b nijak nesouvis\u00ed. Brusel v\u0161ak Var\u0161av\u011b vyhro\u017euje odep\u0159en\u00edm pen\u011bz, na co\u017e mnoz\u00ed Pol\u00e1ci sly\u0161\u00ed.<\/p>\n<p>Region\u00e1ln\u00ed rada polsk\u00e9ho Malopolsk\u00e9ho vojvodstv\u00ed sice\u00a0<a href=\"https:\/\/www.eurointegration.com.ua\/rus\/news\/2021\/08\/19\/7126809\/\" target=\"_blank\" rel=\"external noopener\">hlasovala<\/a>\u00a0pro zachov\u00e1n\u00ed &#8222;z\u00f3ny bez LGBT&#8220;, a to i p\u0159es varov\u00e1n\u00ed EU p\u0159ed mo\u017enou ztr\u00e1tou finan\u010dn\u00edch prost\u0159edk\u016f z Bruselu. M\u00edstn\u00ed vl\u00e1dy v jin\u00fdch vojvodstv\u00edch se v\u0161ak uk\u00e1zaly b\u00fdt v\u016f\u010di hrozb\u00e1m Bruselu vst\u0159\u00edcn\u011bj\u0161\u00ed.<\/p>\n<div class=\"karta\">\n<figure><img decoding=\"async\" loading=\"lazy\" src=\"http:\/\/www.zvedavec.org\/images\/21\/polsko-a-madarsko-pod-diktaturou-eu-2.jpg\" alt=\"[Foto DW...]\" width=\"560\" height=\"315\" \/><figcaption>Foto DW<\/figcaption><\/figure>\n<\/div>\n<p>Svatok\u0159\u00ed\u017esk\u00e9 vojvodstv\u00ed se 22. z\u00e1\u0159\u00ed\u00a0<a href=\"https:\/\/www.dw.com\/ru\/polskoe-voevodstvo-otkazalos-ot-statusa-zony-svobodnoj-ot-lgbt\/a-59268575\" target=\"_blank\" rel=\"external noopener\">vzdalo<\/a>\u00a0statusu &#8222;z\u00f3ny bez LGBT&#8220;; p\u0159\u00edslu\u0161n\u00e9 rozhodnut\u00ed p\u0159ijal vojvodsk\u00fd parlament ve m\u011bst\u011b Kielce.\u00a0<a href=\"https:\/\/www.bbc.com\/news\/world-europe-58714658\" target=\"_blank\" rel=\"external noopener\">N\u00e1sledovalo<\/a>\u00a0Podkarpatsk\u00e9 a Lubelsk\u00e9 vojvodstv\u00ed a po nich Malopolsk\u00e9 vojvodstv\u00ed.<\/p>\n<p>&#8222;Poctivost&#8220; polsk\u00fdch politik\u016f st\u00e1la 126 milion\u016f eur, kter\u00e9 evrop\u0161t\u00ed byrokrat\u00e9 sl\u00edbili v bl\u00edzk\u00e9 budoucnosti zmrazit. Dopadlo to jako v tom star\u00e9m vtipu: &#8222;<i>Kdo jste, jsme pochopili, kdy\u017e jste souhlasili, \u017ee to ud\u011bl\u00e1te za pen\u00edze, te\u010f u\u017e zb\u00fdv\u00e1 jen dohodnout se na cen\u011b.<\/i>&#8220;<\/p>\n<p>Ma\u010farsko, kter\u00e9 se rovn\u011b\u017e dostalo pod tlak Bruselu, se v\u0161ak zachovalo jinak. Ma\u010farsk\u00fd ministr zahrani\u010dn\u00edch v\u011bc\u00ed a vn\u011bj\u0161\u00edch ekonomick\u00fdch vztah\u016f P\u00e9ter Szijj\u00e1rt\u00f3\u00a0<a href=\"https:\/\/abcnews.go.com\/US\/wireStory\/ap-interview-hungary-committed-contentious-lgbt-law-80204155\" target=\"_blank\" rel=\"external noopener\">prohl\u00e1sil<\/a>, \u017ee Budape\u0161\u0165 odm\u00edt\u00e1 zm\u011bnit svou politiku v oblasti boje proti propagand\u011b LGBT. Ma\u010farsk\u00e9 org\u00e1ny obvinily Evropskou komisi z hrub\u00e9ho vyd\u00edr\u00e1n\u00ed.<\/p>\n<div class=\"karta-r\">\n<figure><img decoding=\"async\" loading=\"lazy\" src=\"http:\/\/www.zvedavec.org\/images\/21\/polsko-a-madarsko-pod-diktaturou-eu-3.jpg\" alt=\"[P\u00e9ter Szij...]\" width=\"300\" height=\"169\" \/><figcaption>P\u00e9ter Szijj\u00e1rt\u00f3<\/figcaption><\/figure>\n<\/div>\n<p>&#8222;<i>V t\u011bchto ot\u00e1zk\u00e1ch ned\u011bl\u00e1me kompromisy, proto\u017ee jsme suver\u00e9nn\u00ed zem\u011b, suver\u00e9nn\u00ed st\u00e1t. A nikdo, ani Evropsk\u00e1 komise, by n\u00e1s nem\u011bl vyd\u00edrat,<\/i>&#8220; \u0159ekl Szijj\u00e1rt\u00f3. Uvedl, \u017ee c\u00edlem ma\u010farsk\u00fdch pr\u00e1vn\u00edch p\u0159edpis\u016f je chr\u00e1nit nezletil\u00e9 p\u0159ed pedofily a homosexu\u00e1ln\u00ed propagandou.<\/p>\n<p>&#8222;<i>Budoucnost na\u0161ich d\u011bt\u00ed neohroz\u00edme,<\/i>&#8220; zd\u016fraznil Szijj\u00e1rt\u00f3. A dal jasn\u011b najevo, \u017ee k zabr\u00e1n\u011bn\u00ed poklesu populace je t\u0159eba chr\u00e1nit rodinu jako spole\u010denskou instituci, nikoli p\u0159iv\u00e1d\u011bt migranty.<\/p>\n<p>Ministr pouk\u00e1zal na to, \u017ee Ma\u010farsko je v dobr\u00e9 ekonomick\u00e9 kondici a neboj\u00ed se finan\u010dn\u00edch omezen\u00ed ze strany Bruselu kv\u016fli tomu, \u017ee Budape\u0161\u0165 odm\u00edtla p\u0159ijmout z\u00e1kaz propagace LGBT. Ve v\u0161ech kl\u00ed\u010dov\u00fdch ot\u00e1zk\u00e1ch vl\u00e1da vyjad\u0159uje v\u016fli sv\u00e9ho lidu a nehodl\u00e1 ustoupit.<\/p>\n<p>T\u00edm, \u017ee \u0159ekl, \u017ee Evropsk\u00e1 komise &#8222;nesm\u00ed&#8220; vyd\u00edrat Ma\u010farsko, se ov\u0161em diplomat spletl: Brusel m\u00e1 sv\u00e9 vlastn\u00ed p\u0159edstavy o tom, co je spr\u00e1vn\u00e9 a co ne, a t\u00edm p\u0159\u00edb\u011bh nekon\u010d\u00ed.<\/p>\n<p>Szijj\u00e1rt\u00f3 pozd\u011bji v rozhovoru pro ruskou televizi RBC-TV\u00a0<a href=\"https:\/\/www.rbc.ru\/politics\/09\/09\/2021\/613a32ea9a7947039c7cf676\" target=\"_blank\" rel=\"external noopener\">vysv\u011btlil<\/a>\u00a0postoj ma\u010farsk\u00e9 vl\u00e1dy podrobn\u011bji. &#8222;<i>Tento z\u00e1kon ne\u0159\u00edk\u00e1 nic o komunit\u011b LGBT v Ma\u010farsku. Nic o jejich pr\u00e1vech. Z\u00e1kon se jich net\u00fdk\u00e1. Tento z\u00e1kon se t\u00fdk\u00e1 ma\u010farsk\u00fdch d\u011bt\u00ed. \u0158\u00edk\u00e1 se v n\u011bm toto: v\u00fdchovu ma\u010farsk\u00fdch d\u011bt\u00ed do 18 let ohledn\u011b sexu\u00e1ln\u00ed orientace by m\u011bli prov\u00e1d\u011bt v\u00fdhradn\u011b jejich rodi\u010de,<\/i>&#8220; uvedl ministr. Velmi jasn\u00fd postoj.<\/p>\n<p>Jak Szijj\u00e1rt\u00f3 p\u0159iznal, osobn\u011b by se mu nel\u00edbilo, kdyby organizace zalo\u017een\u00e9 nezn\u00e1m\u00fdmi lidmi sl\u00eddily po jeho d\u011btech a sna\u017eily se je &#8222;sexu\u00e1ln\u011b vzd\u011bl\u00e1vat&#8220;.<\/p>\n<p>M\u016f\u017eeme v\u0161ak pouk\u00e1zat na to, \u017ee politick\u00e1 v\u016fle p\u0159edstavitel\u016f obou skupin &#8222;mlad\u00fdch Evropan\u016f&#8220;, polsk\u00fdch a ma\u010farsk\u00fdch v\u016fdc\u016f, se uk\u00e1zala b\u00fdt r\u016fzn\u011b siln\u00e1. Ma\u010fa\u0159i, na rozd\u00edl od Pol\u00e1k\u016f, nejsou ochotni za svou p\u0159\u00edtomnost ve &#8222;sjednocen\u00e9 Evrop\u011b&#8220; platit \u017e\u00e1dnou cenu, a to ani tehdy, kdy\u017e se jim za tuto p\u0159\u00edtomnost plat\u00ed.<\/p>\n<p><strong>Svatoslav Knjazjev<\/strong><\/p>\n<div class=\"podcarou\">\n<p><a href=\"https:\/\/www.fondsk.ru\/news\/2021\/10\/04\/polsha-i-vengria-pered-diktatom-evrosouza-54610.html\" target=\"_blank\" rel=\"external noopener\">\u041f\u043e\u043b\u044c\u0448\u0430 \u0438 \u0412\u0435\u043d\u0433\u0440\u0438\u044f \u043f\u0435\u0440\u0435\u0434 \u0434\u0438\u043a\u0442\u0430\u0442\u043e\u043c \u0415\u0432\u0440\u043e\u0441\u043e\u044e\u0437\u0430<\/a> vy\u0161el 4.10.2021 na fondsk.ru. P\u0159eklad Zv\u011bdavec.<\/p>\n<\/div>\n<h2>Pozn\u00e1mka editora<\/h2>\n<p>A co \u010ce\u0161i a Slov\u00e1ci? Nech\u00e1me si prznit na\u0161e d\u011bti? Bohu\u017eel ano, vypad\u00e1 to tak. Jsme slab\u00e9 \u010dl\u00e1nky Visegradsk\u00e9 \u010dty\u0159ky. Kdyby na\u0161i papal\u00e1\u0161i m\u011bli aspo\u0148 malink\u00e9 koule, mohli jsme my, \u010dty\u0159i zem\u011b, tro\u0161ku znerv\u00f3znit eurohujersk\u00e9 byrokraty. A mo\u017en\u00e1 v\u00edc, ne\u017e znerv\u00f3znit. Ale \u010caputov\u00e1 je pohroma sama o sob\u011b a Babi\u0161 se hlavn\u011b star\u00e1, aby nep\u0159i\u0161el o dotace Agrofertu. Jak uboh\u00e9 a smutn\u00e9&#8230;<\/p>\n<\/section>\n<section class=\"clanek-pri\">\n<div class=\"socials\"><a href=\"http:\/\/www.zvedavec.org\/komentare\/2021\/10\/8872-polsko-a-madarsko-celi-diktatu-eu.htm\">Zvedavec.org<\/a><\/div>\n<\/section>\n<div><\/div>\n<div><\/div>\n","protected":false},"excerpt":{"rendered":"<p>Ma\u010farsk\u00e1 vl\u00e1da odm\u00edt\u00e1 kompromis v ot\u00e1zce budoucnosti ma\u010farsk\u00fdch d\u011bt\u00ed Polsk\u00e9 obce za\u010daly odm\u00edtat status &#8222;z\u00f3ny&#8230;<\/p>\n","protected":false},"author":2,"featured_media":517,"comment_status":"closed","ping_status":"closed","sticky":false,"template":"","format":"standard","meta":[],"categories":[7],"tags":[41,78,31],"_links":{"self":[{"href":"https:\/\/www.infokuryr.cz\/n\/wp-json\/wp\/v2\/posts\/5215"}],"collection":[{"href":"https:\/\/www.infokuryr.cz\/n\/wp-json\/wp\/v2\/posts"}],"about":[{"href":"https:\/\/www.infokuryr.cz\/n\/wp-json\/wp\/v2\/types\/post"}],"author":[{"embeddable":true,"href":"https:\/\/www.infokuryr.cz\/n\/wp-json\/wp\/v2\/users\/2"}],"replies":[{"embeddable":true,"href":"https:\/\/www.infokuryr.cz\/n\/wp-json\/wp\/v2\/comments?post=5215"}],"version-history":[{"count":0,"href":"https:\/\/www.infokuryr.cz\/n\/wp-json\/wp\/v2\/posts\/5215\/revisions"}],"wp:featuredmedia":[{"embeddable":true,"href":"https:\/\/www.infokuryr.cz\/n\/wp-json\/wp\/v2\/media\/517"}],"wp:attachment":[{"href":"https:\/\/www.infokuryr.cz\/n\/wp-json\/wp\/v2\/media?parent=5215"}],"wp:term":[{"taxonomy":"category","embeddable":true,"href":"https:\/\/www.infokuryr.cz\/n\/wp-json\/wp\/v2\/categories?post=5215"},{"taxonomy":"post_tag","embeddable":true,"href":"https:\/\/www.infokuryr.cz\/n\/wp-json\/wp\/v2\/tags?post=5215"}],"curies":[{"name":"wp","href":"https:\/\/api.w.org\/{rel}","templated":true}]}}