{"id":52133,"date":"2024-04-22T06:03:48","date_gmt":"2024-04-22T04:03:48","guid":{"rendered":"https:\/\/www.infokuryr.cz\/n\/?p=52133"},"modified":"2024-04-22T06:03:48","modified_gmt":"2024-04-22T04:03:48","slug":"drama-v-nemeckem-vlaku-uprchlici-si-to-rozdali-na-noze-sudanec-pobodal-irance","status":"publish","type":"post","link":"https:\/\/www.infokuryr.cz\/n\/2024\/04\/22\/drama-v-nemeckem-vlaku-uprchlici-si-to-rozdali-na-noze-sudanec-pobodal-irance\/","title":{"rendered":"Drama v n\u011bmeck\u00e9m vlaku. Uprchl\u00edci si to rozdali na no\u017ee. Sud\u00e1nec pobodal Ir\u00e1nce\u2026"},"content":{"rendered":"<div id=\"fb-root\"><\/div>\n<p>U\u017e je to n\u011bmeck\u00fd evergreen.\u00a0<strong>Uprchl\u00edk vyraz\u00ed n\u011bkam vlakem ozbrojen no\u017een a n\u011bkoho ve vlaku pobod\u00e1. Tentokr\u00e1t se to ud\u00e1lo v<a href=\"https:\/\/jungefreiheit.de\/politik\/deutschland\/2024\/waehrend-zugfahrt-sudanese-attackiert-mitfahrer-mit-messer\/\">\u00a0m\u00edstn\u00ed lok\u00e1lce kousek od Koblence<\/a>\u00a0a uprchl\u00edk ze Sud\u00e1nu pobodal jin\u00e9ho uprchl\u00edka z Ir\u00e1nu. Asi n\u011bjak\u00e1 multikulturn\u00ed v\u00fdm\u011bna, cht\u011blo by se \u0159\u00edct\u2026<\/strong><\/p>\n<p>Z N\u011bmecka se st\u00e1v\u00e1 divok\u00e1 Afrika a Asie. Glob\u00e1ln\u00ed finan\u010dn\u00ed oligarchie se mus\u00ed mnout ruce, jak se j\u00ed destrukce b\u00edl\u00e9 Evropy da\u0159\u00ed.\u00a0<strong>Cht\u011bj\u00ed tohle m\u00edt doma i \u010ce\u0161i? Po\u010det neb\u00edl\u00fdch uprchl\u00edk\u016f v zemi prudce roste a vl\u00e1dn\u00ed migra\u010dn\u00ed pakt to je\u0161t\u011b urychl\u00ed..<\/strong>.<\/p>\n<p><a href=\"https:\/\/ceskavec.com\/2024\/04\/drama-v-nemeckem-vlaku-uprchlici-si-to-rozdali-na-noze-sudacec-pobodal-irance\">A. Fisher<\/a><\/p>\n<p>&nbsp;<\/p>\n<p>&nbsp;<\/p>\n","protected":false},"excerpt":{"rendered":"<p>U\u017e je to n\u011bmeck\u00fd evergreen.\u00a0Uprchl\u00edk vyraz\u00ed n\u011bkam vlakem ozbrojen no\u017een a n\u011bkoho ve vlaku pobod\u00e1&#8230;.<\/p>\n","protected":false},"author":2,"featured_media":52134,"comment_status":"closed","ping_status":"closed","sticky":false,"template":"","format":"standard","meta":[],"categories":[7],"tags":[119,369,84],"_links":{"self":[{"href":"https:\/\/www.infokuryr.cz\/n\/wp-json\/wp\/v2\/posts\/52133"}],"collection":[{"href":"https:\/\/www.infokuryr.cz\/n\/wp-json\/wp\/v2\/posts"}],"about":[{"href":"https:\/\/www.infokuryr.cz\/n\/wp-json\/wp\/v2\/types\/post"}],"author":[{"embeddable":true,"href":"https:\/\/www.infokuryr.cz\/n\/wp-json\/wp\/v2\/users\/2"}],"replies":[{"embeddable":true,"href":"https:\/\/www.infokuryr.cz\/n\/wp-json\/wp\/v2\/comments?post=52133"}],"version-history":[{"count":0,"href":"https:\/\/www.infokuryr.cz\/n\/wp-json\/wp\/v2\/posts\/52133\/revisions"}],"wp:featuredmedia":[{"embeddable":true,"href":"https:\/\/www.infokuryr.cz\/n\/wp-json\/wp\/v2\/media\/52134"}],"wp:attachment":[{"href":"https:\/\/www.infokuryr.cz\/n\/wp-json\/wp\/v2\/media?parent=52133"}],"wp:term":[{"taxonomy":"category","embeddable":true,"href":"https:\/\/www.infokuryr.cz\/n\/wp-json\/wp\/v2\/categories?post=52133"},{"taxonomy":"post_tag","embeddable":true,"href":"https:\/\/www.infokuryr.cz\/n\/wp-json\/wp\/v2\/tags?post=52133"}],"curies":[{"name":"wp","href":"https:\/\/api.w.org\/{rel}","templated":true}]}}