{"id":52131,"date":"2024-04-22T05:52:58","date_gmt":"2024-04-22T03:52:58","guid":{"rendered":"https:\/\/www.infokuryr.cz\/n\/?p=52131"},"modified":"2024-04-22T05:52:58","modified_gmt":"2024-04-22T03:52:58","slug":"macronova-vyzva-k-primeri-na-olympijskych-hrach-ma-zlatou-medaili-za-zapadni-cynismus","status":"publish","type":"post","link":"https:\/\/www.infokuryr.cz\/n\/2024\/04\/22\/macronova-vyzva-k-primeri-na-olympijskych-hrach-ma-zlatou-medaili-za-zapadni-cynismus\/","title":{"rendered":"Macronova v\u00fdzva k p\u0159\u00edm\u011b\u0159\u00ed na olympijsk\u00fdch hr\u00e1ch m\u00e1 zlatou medaili za z\u00e1padn\u00ed cynismus"},"content":{"rendered":"<div id=\"fb-root\"><\/div>\n<section class=\"perex\">Francouzsk\u00fd prezident Emmanuel Macron si p\u0159eje p\u0159\u00edm\u011b\u0159\u00ed na Ukrajin\u011b a v Gaze po dobu kon\u00e1n\u00ed letn\u00edch olympijsk\u00fdch her v Pa\u0159\u00ed\u017ei.<\/p>\n<\/section>\n<section class=\"clanek-obsah\">Macron tento t\u00fdden uvedl, \u017ee jeho n\u00e1vrh je v souladu s antick\u00fdm konceptem olympijsk\u00e9ho p\u0159\u00edm\u011b\u0159\u00ed, kdy se historicky nep\u0159\u00e1telstv\u00ed odsouvalo stranou, aby se uk\u00e1zaly vy\u0161\u0161\u00ed ide\u00e1ly lidsk\u00e9ho bratrstv\u00ed a m\u00edrov\u00e9ho \u00fasil\u00ed. Zkr\u00e1tka demonstrace budovatelsk\u00e9 p\u0159edstavy, \u017ee sport stoj\u00ed nad politikou.<\/p>\n<p>Rusko odpov\u011bd\u011blo, \u017ee v z\u00e1sad\u011b nen\u00ed proti t\u00e9to my\u0161lence. Moskva v\u0161ak pouk\u00e1zala na to, \u017ee Macronova my\u0161lenka olympijsk\u00e9ho m\u00edru postr\u00e1d\u00e1 jak\u00e9koli praktick\u00e9 detaily, kter\u00e9 by ru\u010dily za skute\u010dnou iniciativu.<\/p>\n<p>\u0158e\u010deno p\u0159\u00edmo, francouzsk\u00fd v\u016fdce nem\u00e1 \u017e\u00e1dnou d\u016fv\u011bryhodnost, aby takovou potenci\u00e1ln\u011b d\u016fle\u017eitou dohodu nab\u00edzel. Jeho v\u00e1gn\u00ed n\u00e1vrh je pln\u00fd rozpor\u016f.<\/p>\n<p>Je\u0161t\u011b p\u0159ed n\u011bkolika t\u00fddny Macron ventiloval my\u0161lenku vysl\u00e1n\u00ed jednotek NATO do boj\u016f na Ukrajin\u011b proti Rusku. Tuto neuv\u00e1\u017eenou provokaci, kter\u00e1 by mohla konflikt eskalovat do sv\u011btov\u00e9 v\u00e1lky mezi jadern\u00fdmi mocnostmi, dosud neodvolal.<\/p>\n<p>Nyn\u00ed m\u00e1me v\u011b\u0159it, \u017ee pan prezident je tribunem sv\u011btov\u00e9ho m\u00edru.<\/p>\n<p>Pa\u0159\u00ed\u017e a dal\u0161\u00ed hlavn\u00ed m\u011bsta NATO zoufale tla\u010d\u00ed na to, aby byly neonacistick\u00e9mu re\u017eimu v Kyjev\u011b posl\u00e1ny dal\u0161\u00ed zbran\u011b. Z\u00e1stupn\u00e1 v\u00e1lka NATO proti Rusku trv\u00e1 ji\u017e t\u0159et\u00edm rokem a pro Washington a jeho z\u00e1padn\u00ed spojence se st\u00e1le v\u00edce jev\u00ed jako ztracen\u00fd p\u0159\u00edpad. Ani jeden z\u00e1padn\u00ed l\u00eddr nen\u00ed ochoten vzd\u00e1t se p\u0159\u00edzraku tohoto krvav\u00e9ho debaklu, aby strategicky porazil Rusko t\u00edm, \u017ee prozkoum\u00e1 diplomatick\u00e9 \u0159e\u0161en\u00ed v\u00e1lky.<\/p>\n<p>Jak lze tedy br\u00e1t v\u00e1\u017en\u011b Macron\u016fv \u00fadajn\u00fd z\u00e1jem o olympijsk\u00e9 p\u0159\u00edm\u011b\u0159\u00ed?<\/p>\n<p>Pokud jde o Gazu, Francie a jej\u00ed partne\u0159i z NATO se v uplynul\u00fdch \u0161esti a p\u016fl m\u011bs\u00edc\u00edch pod\u00edleli na sponzorov\u00e1n\u00ed genocidy. Masakr v\u00edce ne\u017e 34 000 Palestinc\u016f izraelsk\u00fdm re\u017eimem \u2013 po\u010det mrtv\u00fdch roste ka\u017ed\u00fd t\u00fdden \u2013 a pokra\u010duj\u00edc\u00ed hladov\u00e9 obl\u00e9h\u00e1n\u00ed p\u00e1sma Gazy jsou z\u00e1sadn\u00edm zp\u016fsobem umo\u017en\u011bny vojenskou a politickou podporou Spojen\u00fdch st\u00e1t\u016f a Evropsk\u00e9 unie.<\/p>\n<p>Jako by to nesta\u010dilo, Francie, Spojen\u00e9 st\u00e1ty a Velk\u00e1 Brit\u00e1nie de facto podporuj\u00ed izraelskou agresi v\u016f\u010di \u00cdr\u00e1nu, ale i S\u00fdrii, Libanonu, Ir\u00e1ku a Jemenu. Tato trojice z\u00e1padn\u00edch zem\u00ed pom\u00e1h\u00e1 izraelsk\u00e9 protivzdu\u0161n\u00e9 obran\u011b a z\u00e1rove\u0148 odsuzuje \u00cdr\u00e1n a uvaluje na n\u011bj hospod\u00e1\u0159sk\u00e9 sankce. Jejich tich\u00e9 zapojen\u00ed d\u00e1v\u00e1 zelenou dal\u0161\u00ed izraelsk\u00e9 agresivit\u011b a poru\u0161ov\u00e1n\u00ed mezin\u00e1rodn\u00edch z\u00e1kon\u016f, co\u017e rozkl\u00e1d\u00e1 celou strukturu glob\u00e1ln\u00ed bezpe\u010dnosti.<\/p>\n<p>Vzhledem k d\u011bsiv\u00e9 vin\u011b z\u00e1padn\u00edch mocnost\u00ed na rozdm\u00fdch\u00e1v\u00e1n\u00ed t\u011bchto v\u00fdbu\u0161n\u00fdch konflikt\u016f je vrcholem dvojsmyslnosti, kdy\u017e Macron oto\u010d\u00ed a b\u011bhem letn\u00edch olympijsk\u00fdch her, kter\u00e9 se konaj\u00ed v Pa\u0159\u00ed\u017ei od 26. \u010dervence do 11. srpna, p\u0159edlo\u017e\u00ed sv\u016fj pomp\u00e9zn\u00ed n\u00e1vrh na p\u0159\u00edm\u011b\u0159\u00ed.<\/p>\n<p>Skute\u010dn\u00fdm z\u00e1jmem Macrona je p\u0159edv\u00e9st Francii v cel\u00e9 jej\u00ed domn\u011bl\u00e9 velikosti v r\u00e1mci celosv\u011btov\u00e9 pod\u00edvan\u00e9.<\/p>\n<p>Narcistick\u00fd Macron je hn\u00e1n sebeprosazuj\u00edc\u00edmi ambicemi a iluzemi o velikosti sv\u011btov\u00e9ho st\u00e1tn\u00edka a prezidenta, kter\u00fd obnovil mezin\u00e1rodn\u00ed presti\u017e Francie. Je to tat\u00e1\u017e megalomanie, kter\u00e1 poh\u00e1n\u00ed jeho ned\u00e1vn\u00e9 v\u00fdzvy k v\u011bt\u0161\u00edmu zapojen\u00ed NATO do z\u00e1stupn\u00e9 v\u00e1lky na Ukrajin\u011b. B\u00fdval\u00fd Rothschild\u016fv bank\u00e9\u0159 a nyn\u00ed r\u00e1doby Napoleon je \u0161arlat\u00e1n, kter\u00fd zcela postr\u00e1d\u00e1 jak\u00e9koli z\u00e1sady.<\/p>\n<p>Je p\u0159\u00edzna\u010dn\u00e9, \u017ee zahajovac\u00ed ceremoni\u00e1l letn\u00edch olympijsk\u00fdch her\u00a0<a href=\"https:\/\/apnews.com\/article\/paris-olympics-security-opening-ceremony-64f108046459499da0a3f50b571dfc17\" target=\"_blank\" rel=\"external noopener\">se m\u00e1 konat<\/a>\u00a0na \u0159ece Sein\u011b formou extravagantn\u00ed regaty. Toto uspo\u0159\u00e1d\u00e1n\u00ed se vymyk\u00e1 modern\u00ed tradici, kdy se v\u0161echny olympijsk\u00e9 hry zahajuj\u00ed na hlavn\u00edm stadionu, kde se konaj\u00ed sportovn\u00ed ud\u00e1losti. Stadion Stade de France se nach\u00e1z\u00ed mimo francouzsk\u00e9 hlavn\u00ed m\u011bsto. Lze nab\u00fdt z\u0159eteln\u00e9ho dojmu, \u017ee Macron chce, aby slavnostn\u00ed zah\u00e1jen\u00ed bylo p\u0159en\u00e1\u0161eno televiz\u00ed do centra Pa\u0159\u00ed\u017ee jen proto, aby se pochlubil hlavn\u00edm m\u011bstem a jeho proslul\u00fdmi kulturn\u00edmi pam\u00e1tkami.<\/p>\n<p>Macronovi jde p\u0159i \u010dty\u0159let\u00fdch hr\u00e1ch p\u0159edev\u0161\u00edm o to, aby se Francie uk\u00e1zala sv\u011btu v co nejlep\u0161\u00edm sv\u011btle pro politickou a obchodn\u00ed exhibici. Samotn\u00e9 hry jsou prost\u0159edkem k napln\u011bn\u00ed jeho marniv\u00fdch ambic\u00ed.<\/p>\n<p>Pravdou je, \u017ee olympijsk\u00e9 hry a dal\u0161\u00ed mezin\u00e1rodn\u00ed sportovn\u00ed ud\u00e1losti jsou ji\u017e dlouho un\u00e1\u0161eny z\u00e1padn\u00ed politikou pro jej\u00ed imperialistickou agendu.<\/p>\n<p>Kdy\u017e USA a jejich spojenci z NATO vedly nez\u00e1konn\u00e9 v\u00e1lky v nes\u010detn\u00fdch zem\u00edch st\u0159edn\u00ed Asie, Bl\u00edzk\u00e9ho v\u00fdchodu a severn\u00ed Afriky, nikdy se nevolalo po olympijsk\u00e9m p\u0159\u00edm\u011b\u0159\u00ed. Nikdy se nevolalo po z\u00e1kazu \u00fa\u010dasti USA a jejich spojenc\u016f na hr\u00e1ch, p\u0159esto\u017ee pro takov\u00e9 vol\u00e1n\u00ed existovaly z\u00e1va\u017en\u00e9 d\u016fvody.<\/p>\n<p>Ru\u0161t\u00ed sportovci maj\u00ed ji\u017e n\u011bkolik let z\u00e1kaz \u00fa\u010dasti na sportovn\u00edch akc\u00edch pouze na z\u00e1klad\u011b vykonstruovan\u00fdch tvrzen\u00ed o zneu\u017e\u00edv\u00e1n\u00ed drog a dal\u0161\u00edch \u00fadajn\u00fdch poru\u0161en\u00edch pravidel. Jak v n\u011bkolika \u010dl\u00e1nc\u00edch upozornil n\u00e1\u0161 publicista Declan Hayes, rusk\u00e1 krasobrusla\u0159sk\u00e1 \u0161ampionka Kamila Valieva a dal\u0161\u00ed jej\u00ed sportovci sv\u011btov\u00e9 \u00farovn\u011b byli vystaveni neutuchaj\u00edc\u00edm snah\u00e1m Z\u00e1padu zni\u010dit jejich pov\u011bst a \u00fa\u010dast ve \u201esportovn\u00edch cirkusech NATO\u201c.<\/p>\n<p>Je ostudn\u00e9, \u017ee z\u00e1padn\u00ed mocnosti a jejich toxick\u00e1 masm\u00e9dia ud\u011blaly v\u0161e pro to, aby politika st\u00e1la nad sportem. Sportovn\u00ed ud\u00e1losti se staly jen dal\u0161\u00edm dopl\u0148kem z\u00e1padn\u00ed propagandy.<\/p>\n<p>Kdyby m\u011bl Macron skute\u010dn\u00e9 motivy pro mezin\u00e1rodn\u00ed m\u00edr, vyz\u00fdval by k ukon\u010den\u00ed vyzbrojov\u00e1n\u00ed neonacistick\u00e9ho re\u017eimu na Ukrajin\u011b a zasazoval se o v\u011brohodn\u00e9 diplomatick\u00e9 anga\u017em\u00e1 ve vztahu k Rusku.<\/p>\n<p>Kdyby Macron up\u0159\u00edmn\u011b cht\u011bl, aby olympijsk\u00e9 hry slou\u017eily jako p\u0159edehra k m\u00edru a lidskosti, vyz\u00fdval by k okam\u017eit\u00e9mu p\u0159\u00edm\u011b\u0159\u00ed v Gaze a k pln\u00e9mu respektov\u00e1n\u00ed palestinsk\u00fdch n\u00e1rodn\u00edch a lidsk\u00fdch pr\u00e1v.<\/p>\n<p>Z\u00e1padem kontrolovan\u00fd Mezin\u00e1rodn\u00ed olympijsk\u00fd v\u00fdbor\u00a0<a href=\"https:\/\/www.rt.com\/russia\/594369-ioc-russia-athletes-paris-games\/\" target=\"_blank\" rel=\"external noopener\">zak\u00e1zal<\/a>\u00a0rusk\u00fdm sportovc\u016fm \u00fa\u010dast na hr\u00e1ch v Pa\u0159\u00ed\u017ei pod jejich n\u00e1rodn\u00ed vlajkou. Jejich \u201e\u00fastupek\u201c spo\u010d\u00edv\u00e1 v tom, \u017ee se jich m\u016f\u017ee z\u00fa\u010dastnit 40 rusk\u00fdch sportovc\u016f, pokud tak u\u010din\u00ed pod \u201eneutr\u00e1ln\u00ed vlajkou\u201c a nebudou projevovat zn\u00e1mky podpory rusk\u00e9 vojensk\u00e9 kampan\u011b na Ukrajin\u011b. Pro\u010d takov\u00e1to p\u0159\u00edsn\u00e1 opat\u0159en\u00ed nebyla uvalena na Ameri\u010dany nebo Brity b\u011bhem jejich zlo\u010dinn\u00fdch v\u00e1lek v Ir\u00e1ku a Afgh\u00e1nist\u00e1nu?<\/p>\n<p>Rusko je zak\u00e1z\u00e1no, ale\u00a0<b>Izraeli je dovoleno vyslat cel\u00fd t\u00fdm v n\u00e1rodn\u00edch barv\u00e1ch<\/b>\u00a0(zes\u00edlen\u00ed p\u0159idal editor), zat\u00edmco prov\u00e1d\u00ed nejhor\u0161\u00ed genocidu v modern\u00ed dob\u011b. Pokrytectv\u00ed Z\u00e1padu je naprosto odporn\u00e9 a sebeobvi\u0148uj\u00edc\u00ed.<\/p>\n<p>Podobn\u011b jako v \u0159eck\u00e9 trag\u00e9dii ni\u010d\u00ed bezuzdn\u00fd cynismus a zneu\u017e\u00edv\u00e1n\u00ed ze strany z\u00e1padn\u00edch mocnost\u00ed olympijsk\u00e9 hry, tedy ud\u00e1lost, kterou se sna\u017e\u00ed monopolizovat pro sv\u00e9 nechutn\u00e9 uk\u00e1jen\u00ed ctnost\u00ed.<\/p>\n<p>V p\u0159epln\u011bn\u00e9m z\u00e1padn\u00edm poli sout\u011b\u017e\u00edc\u00edch o pochybn\u00fd titul z\u00edsk\u00e1v\u00e1 Macron zlato za cynismus.<\/p>\n<div class=\"podcarou\">\n<p><a href=\"https:\/\/strategic-culture.su\/news\/2024\/04\/19\/macron-olympic-truce-call-takes-gold-for-western-cynicism\/\" target=\"_blank\" rel=\"external noopener\">Macron\u2019s Olympic truce call takes gold for western cynicism<\/a> vy\u0161el 19.4.2024 na Strategic Culture. P\u0159eklad\u00a0<a href=\"https:\/\/zvedavec.news\/komentare\/2024\/04\/10063-macronova-vyzva-k-primeri-na-olympijskych-hrach-ma-zlatou-medaili-za-zapadni-cynismus.htm\">Zvedavec.org<\/a><\/p>\n<\/div>\n<p>&nbsp;<\/p>\n<\/section>\n","protected":false},"excerpt":{"rendered":"<p>Francouzsk\u00fd prezident Emmanuel Macron si p\u0159eje p\u0159\u00edm\u011b\u0159\u00ed na Ukrajin\u011b a v Gaze po dobu kon\u00e1n\u00ed&#8230;<\/p>\n","protected":false},"author":2,"featured_media":46951,"comment_status":"closed","ping_status":"closed","sticky":false,"template":"","format":"standard","meta":[],"categories":[7],"tags":[130,307,605,538],"_links":{"self":[{"href":"https:\/\/www.infokuryr.cz\/n\/wp-json\/wp\/v2\/posts\/52131"}],"collection":[{"href":"https:\/\/www.infokuryr.cz\/n\/wp-json\/wp\/v2\/posts"}],"about":[{"href":"https:\/\/www.infokuryr.cz\/n\/wp-json\/wp\/v2\/types\/post"}],"author":[{"embeddable":true,"href":"https:\/\/www.infokuryr.cz\/n\/wp-json\/wp\/v2\/users\/2"}],"replies":[{"embeddable":true,"href":"https:\/\/www.infokuryr.cz\/n\/wp-json\/wp\/v2\/comments?post=52131"}],"version-history":[{"count":0,"href":"https:\/\/www.infokuryr.cz\/n\/wp-json\/wp\/v2\/posts\/52131\/revisions"}],"wp:featuredmedia":[{"embeddable":true,"href":"https:\/\/www.infokuryr.cz\/n\/wp-json\/wp\/v2\/media\/46951"}],"wp:attachment":[{"href":"https:\/\/www.infokuryr.cz\/n\/wp-json\/wp\/v2\/media?parent=52131"}],"wp:term":[{"taxonomy":"category","embeddable":true,"href":"https:\/\/www.infokuryr.cz\/n\/wp-json\/wp\/v2\/categories?post=52131"},{"taxonomy":"post_tag","embeddable":true,"href":"https:\/\/www.infokuryr.cz\/n\/wp-json\/wp\/v2\/tags?post=52131"}],"curies":[{"name":"wp","href":"https:\/\/api.w.org\/{rel}","templated":true}]}}