{"id":52128,"date":"2024-04-22T05:46:47","date_gmt":"2024-04-22T03:46:47","guid":{"rendered":"https:\/\/www.infokuryr.cz\/n\/?p=52128"},"modified":"2024-04-22T05:46:47","modified_gmt":"2024-04-22T03:46:47","slug":"miroslav-radacovsky-jednani-o-pristoupeni-k-eu-jsou-dalsi-verzi-kolonizace","status":"publish","type":"post","link":"https:\/\/www.infokuryr.cz\/n\/2024\/04\/22\/miroslav-radacovsky-jednani-o-pristoupeni-k-eu-jsou-dalsi-verzi-kolonizace\/","title":{"rendered":"Miroslav Rada\u010dovsk\u00fd: Jedn\u00e1n\u00ed o p\u0159istoupen\u00ed k EU jsou dal\u0161\u00ed verz\u00ed kolonizace"},"content":{"rendered":"<div id=\"fb-root\"><\/div>\n<p><em>Jedin\u00fd slovensk\u00fd europoslanec, kter\u00fd se dostal na \u010dernou listinu kv\u016fli \u00fa\u010dasti na rusk\u00fdch volb\u00e1ch jako pozorovatel, shrnul \u010dty\u0159let\u00fd mand\u00e1t Evropsk\u00e9ho parlamentu a vyj\u00e1d\u0159il se tak\u00e9 k my\u0161lence roz\u0161\u00ed\u0159en\u00ed EU a NATO s t\u00edm, \u017ee vstup Kosova je &#8222;problematick\u00fd&#8220;.<\/em><\/p>\n<p><span style=\"font-size: 18pt;\"><strong>Pane Rada\u010dovsk\u00fd, jak hodnot\u00edte sv\u016fj pobyt v Evropsk\u00e9m parlamentu?<\/strong><\/span><\/p>\n<p>M\u016fj pobyt v Evropsk\u00e9m parlamentu a obecn\u011b m\u016fj pobyt jako europoslance lze rozd\u011blit do t\u0159\u00ed \u010d\u00e1st\u00ed. Prvn\u00ed \u010d\u00e1st\u00ed je pr\u00e1ce ve v\u00fdborech, kter\u00e9 se zab\u00fdvaj\u00ed konkr\u00e9tn\u00edmi ot\u00e1zkami, druhou \u010d\u00e1st\u00ed jsou plen\u00e1rn\u00ed zased\u00e1n\u00ed ve \u0160trasburku, kde se hlasuje, a t\u0159et\u00ed \u010d\u00e1st\u00ed je pr\u00e1ce, kter\u00e1 se naz\u00fdv\u00e1: vnit\u0159n\u00ed aktivity, kdy jednou t\u00fddn\u011b mus\u00ed europoslanec pracovat mezi ob\u010dany Slovensk\u00e9 republiky, propagovat nebo poukazovat na probl\u00e9my Evropsk\u00e9 unie, na pr\u00e1ci, kterou v n\u00ed vykon\u00e1v\u00e1, a na \u0159e\u0161en\u00ed t\u011bchto probl\u00e9m\u016f. Pokud hodnot\u00edte m\u00e9 aktivity, tak jsem pracovala ve V\u00fdboru pro ochranu spot\u0159ebitel\u016f a vnit\u0159n\u00ed trh, ve V\u00fdboru pro um\u011blou inteligenci a digitalizaci a v Delegaci pro vztahy Evropsk\u00e9 unie s Ruskem. Drobnou nev\u00fdhodou, respektive n\u011b\u010d\u00edm, co se mi nepoda\u0159ilo, je dostat se do n\u011bjak\u00e9 politick\u00e9 skupiny nebo frakce. Kdy\u017e jsem p\u0159i\u0161el do Evropsk\u00e9ho parlamentu, m\u011bl jsem jasn\u00fd c\u00edl pracovat ve V\u00fdboru pro soci\u00e1ln\u00ed v\u011bci a zam\u011bstnanost jako pr\u00e1vn\u00edk, proto\u017ee m\u011b tato problematika zaj\u00edmala, a cht\u011bl jsem pracovat ve skupin\u011b Identita a demokracie (ID), ale v t\u00e9 dob\u011b byl v t\u00e9to skupin\u011b Boris Koll\u00e1r a z mn\u011b nezn\u00e1m\u00fdch <strong>d\u016fvod\u016f<\/strong> nesouhlasil s t\u00edm, abych pracoval v ID.<\/p>\n<p>Pozd\u011bji jsem se sna\u017eil dostat do frakce Evropsk\u00fdch konzervativc\u016f a reformist\u016f. Cel\u00e1 frakce hlasovala pro m\u00e9 p\u0159ijet\u00ed, ale pan Jurzica, slovensk\u00fd europoslanec, byl z mn\u011b nezn\u00e1m\u00fdch d\u016fvod\u016f proti. Nikdy jsem si nep\u0159edstavoval, \u017ee by v Evropsk\u00e9m parlamentu mohl vzniknout boj mezi europoslanci ze stejn\u00e9 zem\u011b. Ch\u00e1pu rozd\u00edlnost politick\u00fdch n\u00e1zor\u016f, ale v\u017edy jsem zast\u00e1val n\u00e1zor, \u017ee spole\u010dn\u00e1 pr\u00e1ce a hled\u00e1n\u00ed konsensu p\u0159i \u0159e\u0161en\u00ed probl\u00e9m\u016f, kter\u00e9 tr\u00e1p\u00ed Evropu, kter\u00e9 tr\u00e1p\u00ed Slovensko, bude prioritou&#8230; Pokud jde o vnit\u0159n\u00ed aktivity, organizoval jsem r\u016fzn\u00e9 festivaly, romsk\u00e9 festivaly, m\u011bl jsem mnoho n\u00e1v\u0161t\u011bv. A pr\u00e1ce v delegac\u00edch, pr\u00e1ce v Delegaci pro vztahy mezi Evropskou uni\u00ed a Ruskem&#8230;.. Tato pr\u00e1ce byla trochu pozastavena kv\u016fli konfliktu na Ukrajin\u011b. Ale p\u0159esto jsem m\u011bl mo\u017enost se setkat a vyslechnout si druhou stranu. Byl jsem osobn\u011b pozv\u00e1n na setk\u00e1n\u00ed, kdy zde byla dcera Navaln\u00e9ho a tak\u00e9 pan Volkov, jejich pr\u00e1vn\u00edk. Je to takov\u00e1 chyba ze strany Z\u00e1padu, \u017ee Navaln\u00e9ho glorifikuj\u00ed. Navalnyj m\u011bl probl\u00e9my s Putinem. Ale n\u011bkter\u00e9 v\u00fdroky Navaln\u00e9ho, jako nap\u0159\u00edklad &#8222;kdybych byl prezidentem, tak ty z\u00e1kladny v Polsku, v Loty\u0161sku by byly vymaz\u00e1ny z povrchu zemsk\u00e9ho&#8220; nebo v\u00fdrok, \u017ee Krym nikdy za m\u00e9ho \u017eivota nebude vr\u00e1cen Ukrajinc\u016fm, proto\u017ee je rusk\u00fd, byly pro Evropskou unii nep\u0159ijateln\u00e9. Ale jakmile do\u0161lo k jeho smutn\u00e9 smrti, stal se n\u00e1hle n\u00e1rodn\u00edm hrdinou. To je takov\u00e1 dvojakost.<\/p>\n<p><span style=\"font-size: 18pt;\"><strong>Jste \u010dlenem Evropsk\u00e9ho parlamentu, m\u00e1te informace z prvn\u00ed ruky.<\/strong> <strong>Jak hodnot\u00edte \u010dinnost Evropsk\u00e9 unie?<\/strong><\/span><\/p>\n<p>V\u0161ichni v\u00edme, jak\u00fd byl za\u010d\u00e1tek a vznik Evropsk\u00e9 unie. Byla to ekonomick\u00e1 spolupr\u00e1ce, p\u0159edev\u0161\u00edm voln\u00fd obchod, voln\u00fd pohyb zbo\u017e\u00ed a slu\u017eeb, a o ideologii jsme mluvili velmi m\u00e1lo. Existuj\u00ed dv\u011b velk\u00e9 sv\u011btov\u00e9 mocnosti. Na jedn\u00e9 stran\u011b je Rusko, na druh\u00e9 \u010c\u00edna. Na druh\u00e9 stran\u011b jsou Spojen\u00e9 st\u00e1ty americk\u00e9. My, Evropsk\u00e1 unie, a veden\u00ed Evropsk\u00e9 unie, jsme se spojili s jednou z t\u011bchto sv\u011btov\u00fdch mocnost\u00ed a sna\u017e\u00edme se r\u016fzn\u00fdmi opat\u0159en\u00edmi p\u0159im\u011bt v\u0161echny st\u00e1ty EU, aby to respektovaly. Pokud si p\u0159e\u010dteme Smlouvu o fungov\u00e1n\u00ed Evropsk\u00e9 unie, hovo\u0159\u00ed se v n\u00ed o spole\u010denstv\u00ed suver\u00e9nn\u00edch n\u00e1rodn\u00edch st\u00e1t\u016f, kde jsou jasn\u011b definov\u00e1ny jejich vnit\u0159n\u00ed politiky. Nech\u00e1pu, pro\u010d se n\u011bkdo sna\u017e\u00ed tyto st\u00e1ty svazovat. Zpo\u010d\u00e1tku to byl \u00fa\u017easn\u00fd projekt. Ale stalo se n\u011bco, co se st\u00e1t nem\u011blo, a n\u011bkdo se za\u010dal roz\u0161i\u0159ovat. Tak\u017ee. EU se neub\u00edr\u00e1 \u0161patn\u00fdm sm\u011brem. Jak dlouho to vydr\u017e\u00ed, nev\u00edm, ale dokud budou sloven\u0161t\u00ed vlastenci v EP, budeme se sna\u017eit z\u016fstat hrd\u00fdm n\u00e1rodn\u00edm st\u00e1tem v Evropsk\u00e9 unii, mus\u00edme nau\u010dit Evropskou unii, aby n\u00e1s respektovala, nejsme n\u00e1rod zbab\u011blc\u016f. Slov\u00e1ci nikdy nebyli n\u00e1rodem zbab\u011blc\u016f. \u010casto sly\u0161\u00edm prohl\u00e1\u0161en\u00ed o okam\u017eit\u00e9m vystoupen\u00ed z Evropsk\u00e9 unie, o vystoupen\u00ed z NATO, ale nakonec je to na\u0161e Evropa. A pokud jde o NATO, nejsem proti NATO. Jsem proti tomu, aby Spojen\u00e9 st\u00e1ty americk\u00e9 byly v tomto NATO dikt\u00e1torem. Koneckonc\u016f je zde dal\u0161\u00edch 31 \u010dlensk\u00fdch zem\u00ed NATO. M\u00e1me tam kolektivn\u00ed rozhodov\u00e1n\u00ed. Cht\u011bl bych, abychom m\u011bli Evropsk\u00e9 obrann\u00e9 spole\u010denstv\u00ed, ale bez Spojen\u00fdch st\u00e1t\u016f americk\u00fdch. Neb\u00fdt nep\u0159\u00edtelem Spojen\u00fdch st\u00e1t\u016f americk\u00fdch, b\u00fdt jejich partnerem, ale ne vojensk\u00fdm spojencem. Neexistuje dobr\u00e9 vojensk\u00e9 spojenectv\u00ed ani s Ruskem, ani se Spojen\u00fdmi st\u00e1ty americk\u00fdmi.<\/p>\n<p><span style=\"font-size: 18pt;\"><strong>Kdy\u017e mluv\u00edme o vztaz\u00edch mezi europoslanci, jak je hodnot\u00edte, respektive s kter\u00fdmi europoslanci m\u00e1te dobr\u00e9 vztahy, s k\u00fdm spolupracujete, a\u0165 u\u017e jde o spole\u010dn\u00e9 n\u00e1vrhy, usnesen\u00ed?<\/strong><\/span><\/p>\n<p>Dobr\u00e9 vztahy m\u00e1m se slovensk\u00fdmi europoslankyn\u011bmi Monikou Be\u0148ovou a Katar\u00ednou Roth-Nevedelovou, se slovensk\u00fdm europoslancem Geischem&#8230; M\u00e1m tak\u00e9 pod\u011bkov\u00e1n\u00ed od pana Orb\u00e1na za jeho \u00fa\u010dinnou politiku a samoz\u0159ejm\u011b s ma\u010farsk\u00fdmi europoslanci. V\u00edte, ma\u010far\u0161t\u00ed europoslanci jsou pon\u011bkud znev\u00fdhodn\u011bni. Zvolili si vl\u00e1du, jak cht\u011bli, a EU s t\u00edm nen\u00ed spokojen\u00e1. Tak\u017ee jsem se jich n\u011bkolikr\u00e1t zastal, dok\u00e1zal jsem, \u017ee takhle se to ned\u011bl\u00e1. Dostal jsem takov\u00fd hezk\u00fd dopis, ve kter\u00e9m mi d\u011bkovali za mou pr\u00e1ci, proto\u017ee jsem v\u00fdslovn\u011b zm\u00ednil pana Orb\u00e1na v EP. Tak\u017ee jsem s nimi dob\u0159e vych\u00e1zel a pak jsem dob\u0159e vych\u00e1zel i s panem Carlesem Puigemontem. Pan Puigemont je hrdina katal\u00e1nsk\u00e9ho lidu. Zorganizoval referendum o nez\u00e1vislosti Katal\u00e1nska, je velmi chytr\u00fd. Je to hrd\u00fd nacionalista, Katal\u00e1nec.<\/p>\n<p><span style=\"font-size: 18pt;\"><strong>Spolupracujete p\u0159i rozhodov\u00e1n\u00ed i s ostatn\u00edmi poslanci Evropsk\u00e9ho parlamentu?<\/strong><\/span><\/p>\n<p>Ano, samoz\u0159ejm\u011b spolupracuji, bohu\u017eel ne v\u017edy se shodneme v politick\u00fdch ot\u00e1zk\u00e1ch, tak\u017ee i v tomto ohledu, ale pokud jde o spot\u0159ebitele, v mnoha n\u00e1zorech se shodneme. A to je dal\u0161\u00ed p\u0159\u00edklad toho, \u017ee pokud jde o odborn\u00e9 ot\u00e1zky, spolupr\u00e1ce funguje. S ostatn\u00edmi slovensk\u00fdmi europoslanci se ale shodneme i v n\u011bkter\u00fdch ot\u00e1zk\u00e1ch t\u00fdkaj\u00edc\u00edch se zahrani\u010dn\u00ed politiky. Ne ve v\u0161ech, ale v n\u011bkter\u00fdch se shodneme, ale neh\u00e1d\u00e1me se ani na sebe ne\u00fato\u010d\u00edme. Ale co se t\u00fd\u010de progresivist\u016f, jsou to divn\u00ed lid\u00e9<strong>, <\/strong>ti m\u011b prost\u011b ani nepozdrav\u00ed. Bude to katastrofa, jestli se tito lid\u00e9 znovu dostanou do Evropsk\u00e9ho parlamentu. Nebudou se s v\u00e1mi bavit ze z\u00e1sady, proto\u017ee m\u00e1te jin\u00fd n\u00e1zor.<\/p>\n<p><span style=\"font-size: 18pt;\"><strong>Jak hodnot\u00edte<\/strong> <strong>pr\u00e1ci delegac\u00ed se zem\u011bmi mimo EU, nap\u0159\u00edklad s \u00c1zerb\u00e1jd\u017e\u00e1nem, Arm\u00e9ni\u00ed, Moldavskem, Gruzi\u00ed?<\/strong><\/span><\/p>\n<p>S t\u011bmito zem\u011bmi prob\u00edhaj\u00ed snahy o zah\u00e1jen\u00ed p\u0159\u00edstupov\u00fdch jedn\u00e1n\u00ed. Nechci pou\u017e\u00edvat pejorativn\u00ed v\u00fdraz, ale je to jin\u00e1 verze kolonizace. Netvrd\u00edm v\u0161ak, \u017ee se jedn\u00e1 o tento p\u0159\u00edpad. V z\u00e1sad\u011b jsem pro to, aby v\u0161echny evropsk\u00e9 st\u00e1ty byly \u010dleny Evropsk\u00e9 unie. Ale ne za podm\u00ednek, kter\u00e9 jim n\u011bkdo p\u0159edkl\u00e1d\u00e1, ne za podm\u00ednek ztr\u00e1ty vlastn\u00ed identity, ne za podm\u00ednek ztr\u00e1ty vlastn\u00ed zem\u011b. A ta nejodporn\u011bj\u0161\u00ed podm\u00ednka, o kter\u00e9 se dnes mluv\u00ed, a j\u00e1 ji nedok\u00e1\u017eu pochopit&#8230; V\u0161ichni mus\u00edte b\u00fdt \u010dleny NATO. To znamen\u00e1 vybudovat vojensk\u00e9 z\u00e1kladny, to znamen\u00e1 nam\u00ed\u0159it je proti n\u011bkomu. A proti komu? J\u00e1 jsem pro to, aby v\u0161ichni byli v EU. Rusko, Ukrajina, Gruzie, Moldavsko, Makedonie a v\u0161ichni ostatn\u00ed. Co se t\u00fd\u010de Kosova, s t\u00edm m\u00e1m trochu probl\u00e9m. Jsem pro to, abychom sem pustili ka\u017ed\u00e9ho, kdo spl\u0148uje podm\u00ednky. A ne jim kl\u00e1st podm\u00ednky, kter\u00e9 ohro\u017euj\u00ed jejich n\u00e1rodn\u00ed suverenitu. V sou\u010dasn\u00e9 dob\u011b je sjednocen\u00ed \u00c1zerb\u00e1jd\u017e\u00e1nu, Arm\u00e9nie a Gruzie \u00fa\u010delov\u00fdm krokem, jeho\u017e c\u00edlem je, aby tam Spojen\u00e9 st\u00e1ty americk\u00e9 um\u00edstily sv\u00e9 vojensk\u00e9 z\u00e1kladny.<\/p>\n<p><span style=\"font-size: 18pt;\"><strong>Kdy\u017e u\u017e jsme u t\u011bch zem\u00ed, kter\u00e9 cht\u011bj\u00ed vstoupit do Evropsk\u00e9 unie, co t\u0159eba Ukrajina.<\/strong> <strong>Mysl\u00edte si, \u017ee je schopna st\u00e1t se \u010dlenem, plnohodnotn\u00fdm \u010dlenem Evropsk\u00e9 unie?<\/strong> <strong>Spl\u0148uje pot\u0159ebn\u00e9 podm\u00ednky?<\/strong><\/span><\/p>\n<p>Samoz\u0159ejm\u011b v\u00edme, \u017ee nen\u00ed, bu\u010fme objektivn\u00ed&#8230;.. To nen\u00ed \u00fatok na Ukrajinu, proto\u017ee Ukrajince m\u00e1m r\u00e1d, jsou to Slovan\u00e9. M\u00e1m tak\u00e9 p\u0159\u00edbuzn\u00e9, kte\u0159\u00ed tam \u017eij\u00ed. Nemysl\u00edm si, \u017ee bychom m\u011bli zav\u00edrat o\u010di, ale v\u0161ichni v\u00edme, \u017ee se to d\u011bje proto, \u017ee vstupem do EU tam bude mo\u017en\u00e9 um\u00edstit americk\u00e9 jednotky. A v t\u00e9to souvislosti bych jako soudce r\u00e1d polo\u017eil \u0159e\u010dnickou ot\u00e1zku. P\u0159edstavte si, \u017ee m\u00e1te 500 let souseda, kter\u00e9mu d\u00e1te, proto\u017ee je to takov\u00fd dobr\u00fd soused, nejd\u0159\u00edv Zakarpatskou Ukrajinu, pak Lvov, pak Krym, pak n\u011bco jin\u00e9ho, a po letech chce tento obdarovan\u00fd soused proti v\u00e1m stav\u011bt zbran\u011b. Vy byste tu n\u00e1jemn\u00ed smlouvu zru\u0161il, to by ud\u011blal ka\u017ed\u00fd. P\u0159ece byste se nevzdali Krymu kv\u016fli tomu, abyste tam um\u00edstili americk\u00e9 z\u00e1kladny. Je to tak t\u011b\u017ek\u00e9 pochopit?<\/p>\n<p>A ta v\u00e1lka na Ukrajin\u011b. Nebudeme si nic nalh\u00e1vat, v\u0161ichni v\u00edme, \u017ee to skon\u010d\u00ed t\u00edm, \u017ee se Amerika a Rusko dohodnou. Dohodnou se na podm\u00ednk\u00e1ch m\u00edru. Pr\u00e1v\u011b te\u010f nap\u00ednaj\u00ed svaly, aby zjistili, kdo bude m\u00edt v\u00fdhodn\u011bj\u0161\u00ed pozici.<\/p>\n<p>Zapome\u0148me na p\u0159ijet\u00ed Ukrajiny do EU, budeme se klamat, je to nemo\u017en\u00e9, je to fantazie.<\/p>\n<p><span style=\"font-size: 18pt;\"><strong>O jak\u00e9 spolupr\u00e1ci v r\u00e1mci Evropsk\u00e9 unie a Ruska mluv\u00edme, kdy\u017e EU neust\u00e1le uplat\u0148uje sankce v\u016f\u010di Rusku?<\/strong><\/span><\/p>\n<p>Je samoz\u0159ejm\u00e9, \u017ee sou\u010dasn\u00e1 pr\u00e1ce delegace nem\u00e1 smysl. A to z jednoduch\u00e9ho d\u016fvodu. V\u00fdhradn\u011b kop\u00edrov\u00e1n\u00ed americk\u00fdch sm\u011brnic a p\u0159\u00edkaz\u016f, sankce, boj, ni\u010den\u00ed. Ve\u0161ker\u00e1 spolupr\u00e1ce je jednostrann\u00e1, do EP jsou zv\u00e1ni b\u00fdval\u00ed ru\u0161t\u00ed politici, kte\u0159\u00ed \u017eij\u00ed v EU, kte\u0159\u00ed emigrovali, kte\u0159\u00ed maj\u00ed jin\u00fd postoj ne\u017e Rusko. V\u00fdbor pro spolupr\u00e1ci EU-Rusko nem\u011bl b\u00fdt zalo\u017een na tom, jak toto Rusko zni\u010dit. Chyb\u00ed objektivn\u00ed jedn\u00e1n\u00ed.<\/p>\n<p><span style=\"font-size: 18pt;\"><strong>Pokud se nem\u00fdl\u00edm, tak jedin\u00fd kandid\u00e1t do Evropsk\u00e9ho parlamentu, kter\u00fd je na \u010dern\u00e9 listin\u011b.<\/strong> <strong>M\u016f\u017eete n\u00e1m o tom n\u011bco \u0159\u00edci?<\/strong><\/span><\/p>\n<p>Nem\u00e1m z toho obavy, alespo\u0148 m\u00e1m vzpom\u00ednku na to, \u017ee jsem asi prvn\u00ed Slov\u00e1k v historii, kter\u00fd se dostal na \u010dernou listinu EP, je to usnesen\u00ed EP, kde jsem ozna\u010den za nebezpe\u010d\u00ed pro Evropu &#8230;. ale opravdu nev\u00edm pro\u010d. Nelze se proti tomu odvolat, nem\u00e1 to na m\u011b \u017e\u00e1dn\u00fd vliv. Prost\u011b se dostanete na \u010dernou listinu, nen\u00ed to n\u011bjak\u00e9 opat\u0159en\u00ed, kter\u00e9 by m\u011b omezovalo v tom, abych n\u011bco d\u011blal. Ale ta \u010dern\u00e1 listina vznikla proto, \u017ee jsem byl pozorovatelem ve volb\u00e1ch, kter\u00e9 se konaly v Rusku. Kdy\u017e jsem se vr\u00e1til, napsal jsem zpr\u00e1vu. Ned\u011blal jsem \u017e\u00e1dn\u00e9 konkr\u00e9tn\u00ed hodnocen\u00ed. To bylo v z\u00e1\u0159\u00ed 2021 a v \u00fanoru 2022 do\u0161lo k invazi na Ukrajinu a v b\u0159eznu v Evropsk\u00e9m parlamentu, proto\u017ee jsem byl v Rusku, jsem vid\u011bl, \u017ee jsem na \u010dern\u00e9 listin\u011b.<\/p>\n<p><span style=\"font-size: 10pt;\"><em>TASS bot Newsfeed team<\/em><\/span><\/p>\n<p>&nbsp;<\/p>\n","protected":false},"excerpt":{"rendered":"<p>Jedin\u00fd slovensk\u00fd europoslanec, kter\u00fd se dostal na \u010dernou listinu kv\u016fli \u00fa\u010dasti na rusk\u00fdch volb\u00e1ch jako&#8230;<\/p>\n","protected":false},"author":2,"featured_media":52129,"comment_status":"closed","ping_status":"closed","sticky":false,"template":"","format":"standard","meta":[],"categories":[7],"tags":[2541,7163,1052],"_links":{"self":[{"href":"https:\/\/www.infokuryr.cz\/n\/wp-json\/wp\/v2\/posts\/52128"}],"collection":[{"href":"https:\/\/www.infokuryr.cz\/n\/wp-json\/wp\/v2\/posts"}],"about":[{"href":"https:\/\/www.infokuryr.cz\/n\/wp-json\/wp\/v2\/types\/post"}],"author":[{"embeddable":true,"href":"https:\/\/www.infokuryr.cz\/n\/wp-json\/wp\/v2\/users\/2"}],"replies":[{"embeddable":true,"href":"https:\/\/www.infokuryr.cz\/n\/wp-json\/wp\/v2\/comments?post=52128"}],"version-history":[{"count":0,"href":"https:\/\/www.infokuryr.cz\/n\/wp-json\/wp\/v2\/posts\/52128\/revisions"}],"wp:featuredmedia":[{"embeddable":true,"href":"https:\/\/www.infokuryr.cz\/n\/wp-json\/wp\/v2\/media\/52129"}],"wp:attachment":[{"href":"https:\/\/www.infokuryr.cz\/n\/wp-json\/wp\/v2\/media?parent=52128"}],"wp:term":[{"taxonomy":"category","embeddable":true,"href":"https:\/\/www.infokuryr.cz\/n\/wp-json\/wp\/v2\/categories?post=52128"},{"taxonomy":"post_tag","embeddable":true,"href":"https:\/\/www.infokuryr.cz\/n\/wp-json\/wp\/v2\/tags?post=52128"}],"curies":[{"name":"wp","href":"https:\/\/api.w.org\/{rel}","templated":true}]}}