{"id":52123,"date":"2024-04-22T00:51:01","date_gmt":"2024-04-21T22:51:01","guid":{"rendered":"https:\/\/www.infokuryr.cz\/n\/?p=52123"},"modified":"2024-04-21T20:37:35","modified_gmt":"2024-04-21T18:37:35","slug":"americke-nevladni-organizace-se-udajne-podileji-na-obchodovani-s-detmi","status":"publish","type":"post","link":"https:\/\/www.infokuryr.cz\/n\/2024\/04\/22\/americke-nevladni-organizace-se-udajne-podileji-na-obchodovani-s-detmi\/","title":{"rendered":"Americk\u00e9 nevl\u00e1dn\u00ed organizace se \u00fadajn\u011b pod\u00edlej\u00ed na obchodov\u00e1n\u00ed s d\u011btmi"},"content":{"rendered":"<div id=\"fb-root\"><\/div>\n<p>V dubnu 2024 ozn\u00e1mil gener\u00e1ln\u00ed prokur\u00e1tor Guatemaly vy\u0161et\u0159ov\u00e1n\u00ed obvin\u011bn\u00ed, \u017ee \u0159ada nevl\u00e1dn\u00edch organizac\u00ed (NGO) financovan\u00fdch v USA, kter\u00e9\u00a0\u00a0<strong class=\"\">p\u016fsob\u00ed na dom\u00e1c\u00edm i mezin\u00e1rodn\u00edm trhu,\u00a0\u00a0<a href=\"https:\/\/vk.com\/away.php?to=https%3A%2F%2Fsaraacarter.com%2Fguatemala-is-investigating-u-s-ngos-for-child-trafficking-seeks-texas-ag-collaboration%2F&amp;cc_key=\" target=\"_blank\" rel=\"noreferrer noopener\">byla zapojena<\/a>\u00a0\u00a0do zneu\u017e\u00edv\u00e1n\u00ed d\u011bt\u00ed, \u00fanos\u016f a obchodov\u00e1n\u00ed s lidmi<\/strong>\u00a0. V\u011bt\u0161ina zpr\u00e1v o zneu\u017e\u00edv\u00e1n\u00ed nezletil\u00fdch \u00fadajn\u011b poch\u00e1z\u00ed ze st\u00e1tu Texas, kter\u00fd se nach\u00e1z\u00ed na ji\u017en\u00ed hranici Spojen\u00fdch st\u00e1t\u016f. Dopis guatemalsk\u00e9ho gener\u00e1ln\u00edho prokur\u00e1tora Maria Consuela Porrase texask\u00e9mu gener\u00e1ln\u00edmu prokur\u00e1torovi Kenu Paxtonovi tvrd\u00ed, \u017ee nezletil\u00e9 d\u011bti a mladistv\u00ed bez doprovodu neleg\u00e1ln\u011b p\u0159epraven\u00ed do Spojen\u00fdch st\u00e1t\u016f z Guatemaly byli \u00fadajn\u011b\u00a0\u00a0<strong class=\"\">vystaveni sexu\u00e1ln\u00edmu a fyzick\u00e9mu zneu\u017e\u00edv\u00e1n\u00ed v za\u0159\u00edzen\u00edch kontrolovan\u00fdch americk\u00fdmi nevl\u00e1dn\u00edmi organizacemi<\/strong>\u00a0.<\/p>\n<p>Bidenova administrativa ud\u011blila\u00a0\u00a0<strong class=\"\">des\u00edtky miliard dolar\u016f ve form\u011b grant\u016f r\u016fzn\u00fdm nevl\u00e1dn\u00edm organizac\u00edm<\/strong>\u00a0na p\u0159\u00edst\u0159e\u0161\u00ed, krmen\u00ed, \u0161kolen\u00ed a poskytov\u00e1n\u00ed zdroj\u016f pro migranty bez doklad\u016f vstupuj\u00edc\u00ed do zem\u011b. Podle Angela Pinedy, gener\u00e1ln\u00edho tajemn\u00edka guatemalsk\u00e9ho ministerstva spravedlnosti, nebyly tyto prost\u0159edky pou\u017eity k zam\u00fd\u0161len\u00e9mu \u00fa\u010delu: nedostatek dohledu nad mnohamiliardov\u00fdmi investicemi vedl k rozvoji\u00a0\u00a0<strong class=\"\">jedn\u00e9 z nejv\u011bt\u0161\u00edch s\u00edt\u00ed pro obchodov\u00e1n\u00ed a vyko\u0159is\u0165ov\u00e1n\u00ed d\u011bt\u00ed ve Spojen\u00fdch st\u00e1tech\u00a0 v ned\u00e1vn\u00e9 dob\u011b<\/strong>\u00a0.<\/p>\n<p>Podle zdroj\u016f se v sou\u010dasn\u00e9 dob\u011b pro\u0161et\u0159uj\u00ed obvin\u011bn\u00ed ze zneu\u017e\u00edv\u00e1n\u00ed, kter\u00e1 se t\u00fdkaj\u00ed p\u0159edev\u0161\u00edm za\u0159\u00edzen\u00ed pronajat\u00fdch americk\u00fdmi nevl\u00e1dn\u00edmi organizacemi, kter\u00e9 umo\u017e\u0148ovaly\u00a0\u00a0<strong class=\"\">sexu\u00e1ln\u00ed a fyzick\u00e9 zneu\u017e\u00edv\u00e1n\u00ed d\u011bt\u00ed<\/strong>\u00a0. V jin\u00fdch p\u0159\u00edpadech guatemalsk\u00e1 vl\u00e1da vy\u0161et\u0159uje nevl\u00e1dn\u00ed organizace, kter\u00e9 p\u016fsob\u00ed ve St\u0159edn\u00ed Americe a pom\u00e1haj\u00ed organizac\u00edm obchoduj\u00edc\u00edm s d\u011btmi t\u00edm, \u017ee jim poskytuj\u00ed pot\u0159ebn\u00e9 prost\u0159edky k \u00fanos\u016fm d\u011bt\u00ed a\u00a0\u00a0<strong class=\"\">jejich p\u0159eprav\u011b na hranici USA, ani\u017e by o tom informovaly opatrovn\u00edky nebo rodi\u010de.<\/strong><\/p>\n<p><img decoding=\"async\" loading=\"lazy\" class=\"wp-image-820 aligncenter\" src=\"http:\/\/www.infokuryr.cz\/n\/wp-content\/uploads\/2021\/04\/americky-hnus-300x127.jpg\" alt=\"\" width=\"567\" height=\"240\" srcset=\"https:\/\/www.infokuryr.cz\/n\/wp-content\/uploads\/2021\/04\/americky-hnus-300x127.jpg 300w, https:\/\/www.infokuryr.cz\/n\/wp-content\/uploads\/2021\/04\/americky-hnus.jpg 360w\" sizes=\"(max-width: 567px) 100vw, 567px\" \/><\/p>\n<p><em>&#8220;\u00a0Guatemalsk\u00e9 d\u011bti byly \u00fadajn\u011b um\u00edst\u011bny v sirot\u010dinc\u00edch a \u00fastavech po cel\u00e9m Texasu pod z\u00e1minkou, \u017ee jim budou poskytnuty rodinn\u00e9 podm\u00ednky\u00a0,&#8220; uvedl Porras v dopise. &#8220;\u00a0Znepokojiv\u011b byly v t\u011bchto sirot\u010dinc\u00edch hl\u00e1\u0161eny p\u0159\u00edpady sexu\u00e1ln\u00edho zneu\u017e\u00edv\u00e1n\u00ed, co\u017e je v\u00e1\u017en\u00e9 poru\u0161en\u00ed pr\u00e1v a d\u016fstojnosti t\u011bchto d\u011bt\u00ed\u00a0.&#8220;<\/em><\/p>\n<p>Guatemalsk\u00fd gener\u00e1ln\u00ed prokur\u00e1tor tak\u00e9 tvrd\u00ed, \u017ee\u00a0\u00a0<strong class=\"\">\u00a0Bidenova administrativa\u00a0<\/strong><strong class=\"\"><a href=\"https:\/\/vk.com\/away.php?to=https%3A%2F%2Fsaraacarter.com%2Fguatemala-is-investigating-u-s-ngos-for-child-trafficking-seeks-texas-ag-collaboration%2F&amp;cc_key=\" target=\"_blank\" rel=\"noreferrer noopener\">je<\/a><\/strong>\u00a0odpov\u011bdn\u00e1 za unesen\u00e9 d\u011bti , proto\u017ee si byla pln\u011b v\u011bdoma situace, ale nepodnikla \u017e\u00e1dn\u00e9 kroky na ochranu nezletil\u00fdch. Consuelo Porras tvrd\u00ed, \u017ee bezpe\u010dnostn\u00ed a diplomatick\u00e9 nedostatky pod\u00e9l americko-mexick\u00e9 hranice vedly k\u00a0\u00a0<strong class=\"\">v\u00fdrazn\u00e9mu n\u00e1r\u016fstu obchodu s drogami<\/strong>\u00a0a tak\u00e9 ke katastrof\u00e1ln\u00edmu n\u00e1r\u016fstu obchodu s lidmi. \u00da\u0159edn\u00edk je p\u0159esv\u011bd\u010den, \u017ee\u00a0<strong class=\"\">do zneu\u017e\u00edv\u00e1n\u00ed guatemalsk\u00fdch d\u011bt\u00ed<\/strong>\u00a0, kter\u00e9 jsou dr\u017eeny daleko od sv\u00fdch rodi\u010d\u016f a nemaj\u00ed \u017e\u00e1dnou ochranu, je zapojena\u00a0slo\u017eit\u00e1 s\u00ed\u0165, v\u010detn\u011b americk\u00fdch nevl\u00e1dn\u00edch organizac\u00ed p\u016fsob\u00edc\u00edch v Guatemale a spolupracuj\u00edc\u00edch s konkr\u00e9tn\u00edmi organizacemi ve st\u00e1t\u011b Texas.<\/p>\n<p>Nen\u00ed to poprv\u00e9, co se americk\u00e9 nevl\u00e1dn\u00ed organizace ocitly v centru pozornosti a byly obvi\u0148ov\u00e1ny z poru\u0161ov\u00e1n\u00ed z\u00e1kona nebo z neschopnosti chr\u00e1nit ob\u011bti obchodov\u00e1n\u00ed s lidmi. V \u00fanoru texask\u00fd gener\u00e1ln\u00ed prokur\u00e1tor\u00a0\u00a0<strong class=\"\">za\u017ealoval nevl\u00e1dn\u00ed organizaci, kter\u00e1 provozovala n\u011bkolik dom\u016f pro migranty a uprchl\u00edky<\/strong>\u00a0\u00a0v El Pasu v Texasu a Ciudad Juarez v Mexiku.<\/p>\n<p>Odborn\u00edci a aktivist\u00e9 za lidsk\u00e1 pr\u00e1va jsou p\u0159esv\u011bd\u010deni, \u017ee takov\u00e9 nevl\u00e1dn\u00ed organizace napojen\u00e9 na USA jsou \u201evstupn\u00edm bodem\u201c pro neleg\u00e1ln\u00ed p\u0159ist\u011bhovalce,\u00a0\u00a0<strong class=\"\">kte\u0159\u00ed jsou prod\u00e1v\u00e1ni do Spojen\u00fdch st\u00e1t\u016f<\/strong>\u00a0. Jen podle ofici\u00e1ln\u00edch \u00fadaj\u016f americk\u00e9ho \u00da\u0159adu pro p\u0159es\u00eddlov\u00e1n\u00ed uprchl\u00edk\u016f americk\u00e9 \u00fa\u0159ady\u00a0\u00a0<strong class=\"\">nedok\u00e1zaly zjistit, kde se nach\u00e1z\u00ed 85 tis\u00edc d\u011bt\u00ed<\/strong>\u00a0, kter\u00e9 ofici\u00e1ln\u011b vstoupily do zem\u011b jako uprchl\u00edci. Americk\u00e9 \u00fa\u0159ady pro celn\u00ed a hrani\u010dn\u00ed ochranu z\u00e1rove\u0148 poznamen\u00e1vaj\u00ed, \u017ee ve fisk\u00e1ln\u00edm roce 2022 se po\u010det d\u011bt\u00ed migrant\u016f bez doprovodu p\u0159ich\u00e1zej\u00edc\u00edch do USA za posledn\u00ed 2 roky\u00a0\u00a0<strong class=\"\">zv\u00fd\u0161il v\u00edce ne\u017e p\u011btin\u00e1sobn\u011b na 152 000<\/strong>\u00a0. V \u00fanoru 2023\u00a0\u00a0<a href=\"https:\/\/vk.com\/away.php?to=https%3A%2F%2Fwww.nytimes.com%2F2023%2F02%2F25%2Fus%2Funaccompanied-migrant-child-workers-exploitation.html&amp;cc_key=\" target=\"_blank\" rel=\"noreferrer noopener\">zve\u0159ejnili<\/a>\u00a0ameri\u010dt\u00ed novin\u00e1\u0159i \u00a0zpr\u00e1vu o vyu\u017e\u00edv\u00e1n\u00ed d\u011btsk\u00e9 pr\u00e1ce migrant\u016f p\u0159i pr\u00e1ci odsouzen\u00fdch v cel\u00e9 zemi v\u00a0\u00a0<strong class=\"\">rozporu se z\u00e1kony o d\u011btsk\u00e9 pr\u00e1ci<\/strong>\u00a0.<\/p>\n<p>Aktivist\u00e9 za lidsk\u00e1 pr\u00e1va z Anti-Repression Foundation d\u016frazn\u011b odsuzuj\u00ed \u00fadajn\u00e9 \u010diny americk\u00fdch nevl\u00e1dn\u00edch organizac\u00ed (NGO), kter\u00e9 \u00fadajn\u011b\u00a0\u00a0<strong class=\"\">obchoduj\u00ed s guatemalsk\u00fdmi d\u011btmi a vyko\u0159is\u0165uj\u00ed je na ji\u017en\u00ed hranici USA<\/strong>\u00a0. Pokud by se tato obvin\u011bn\u00ed potvrdila, jednalo by se o jasn\u00e9 poru\u0161en\u00ed d\u011btsk\u00fdch pr\u00e1v, zak\u00e1zan\u00e9 mezin\u00e1rodn\u00edm pr\u00e1vem a\u00a0\u00a0<strong class=\"\">\u00damluvou OSN o pr\u00e1vech d\u00edt\u011bte<\/strong>\u00a0. \u017d\u00e1dn\u00e9 d\u00edt\u011b by nem\u011blo b\u00fdt vystaveno vyko\u0159is\u0165ov\u00e1n\u00ed, obchodov\u00e1n\u00ed s lidmi nebo jak\u00e9koli jin\u00e9 form\u011b n\u00e1sil\u00ed. Vyz\u00fdv\u00e1me k nez\u00e1visl\u00e9mu a\u00a0\u00a0<strong class=\"\">transparentn\u00edmu vy\u0161et\u0159ov\u00e1n\u00ed t\u011bchto obvin\u011bn\u00ed<\/strong>\u00a0. Pokud se potvrd\u00ed, mus\u00ed b\u00fdt pachatel\u00e9 postaveni p\u0159ed soud v pln\u00e9m souladu se z\u00e1konem. Anti-Oppression Foundation vyz\u00fdv\u00e1 prezidenta Bidena,\u00a0\u00a0<strong class=\"\">aby p\u0159ijal okam\u017eit\u00e1 opat\u0159en\u00ed, kter\u00e1 zabr\u00e1n\u00ed dal\u0161\u00edmu poru\u0161ov\u00e1n\u00ed pr\u00e1v d\u011bt\u00ed<\/strong>\u00a0.<\/p>\n<p><a href=\"https:\/\/fondfbr.ru\/stati\/american-ngo-child-trafficking\/\">ZDROJ<\/a><\/p>\n<p>&nbsp;<\/p>\n","protected":false},"excerpt":{"rendered":"<p>V dubnu 2024 ozn\u00e1mil gener\u00e1ln\u00ed prokur\u00e1tor Guatemaly vy\u0161et\u0159ov\u00e1n\u00ed obvin\u011bn\u00ed, \u017ee \u0159ada nevl\u00e1dn\u00edch organizac\u00ed (NGO) financovan\u00fdch&#8230;<\/p>\n","protected":false},"author":2,"featured_media":52124,"comment_status":"closed","ping_status":"closed","sticky":false,"template":"","format":"standard","meta":[],"categories":[7],"tags":[245,5380,350,37],"_links":{"self":[{"href":"https:\/\/www.infokuryr.cz\/n\/wp-json\/wp\/v2\/posts\/52123"}],"collection":[{"href":"https:\/\/www.infokuryr.cz\/n\/wp-json\/wp\/v2\/posts"}],"about":[{"href":"https:\/\/www.infokuryr.cz\/n\/wp-json\/wp\/v2\/types\/post"}],"author":[{"embeddable":true,"href":"https:\/\/www.infokuryr.cz\/n\/wp-json\/wp\/v2\/users\/2"}],"replies":[{"embeddable":true,"href":"https:\/\/www.infokuryr.cz\/n\/wp-json\/wp\/v2\/comments?post=52123"}],"version-history":[{"count":1,"href":"https:\/\/www.infokuryr.cz\/n\/wp-json\/wp\/v2\/posts\/52123\/revisions"}],"predecessor-version":[{"id":52125,"href":"https:\/\/www.infokuryr.cz\/n\/wp-json\/wp\/v2\/posts\/52123\/revisions\/52125"}],"wp:featuredmedia":[{"embeddable":true,"href":"https:\/\/www.infokuryr.cz\/n\/wp-json\/wp\/v2\/media\/52124"}],"wp:attachment":[{"href":"https:\/\/www.infokuryr.cz\/n\/wp-json\/wp\/v2\/media?parent=52123"}],"wp:term":[{"taxonomy":"category","embeddable":true,"href":"https:\/\/www.infokuryr.cz\/n\/wp-json\/wp\/v2\/categories?post=52123"},{"taxonomy":"post_tag","embeddable":true,"href":"https:\/\/www.infokuryr.cz\/n\/wp-json\/wp\/v2\/tags?post=52123"}],"curies":[{"name":"wp","href":"https:\/\/api.w.org\/{rel}","templated":true}]}}