{"id":5211,"date":"2021-10-06T06:58:34","date_gmt":"2021-10-06T04:58:34","guid":{"rendered":"http:\/\/www.infokuryr.cz\/n\/?p=5211"},"modified":"2021-10-06T06:58:34","modified_gmt":"2021-10-06T04:58:34","slug":"jak-lukasenko-naucil-komisarku-johanssonovou-jinak-zpivat","status":"publish","type":"post","link":"https:\/\/www.infokuryr.cz\/n\/2021\/10\/06\/jak-lukasenko-naucil-komisarku-johanssonovou-jinak-zpivat\/","title":{"rendered":"Jak Luka\u0161enko nau\u010dil komisa\u0159ku Johanssonovou jinak zp\u00edvat"},"content":{"rendered":"<div id=\"fb-root\"><\/div>\n<p>Komisa\u0159ka EU pro vnitro Ylva Johansson u\u017e zp\u00edv\u00e1 jinak. Imigranty &#8211; p\u0159inejmen\u0161\u00edm ty z B\u011bloruska &#8211; prohl\u00e1sila volky nevolky za hybridn\u00ed zbra\u0148, v\u016f\u010di kter\u00e9 je t\u0159eba se br\u00e1nit a takt\u00e9\u017e br\u00e1nit evropskou hranici. To je u komisa\u0159ky propaguj\u00edc\u00ed po cel\u00fd sv\u016fj mand\u00e1t imigraci, kv\u00f3ty na imigranty a sankce odp\u00edra\u010d\u016fm, tot\u00e1ln\u00ed obrat. B\u011blorusk\u00fd prezident Alexandr Luka\u0161enko ji, a pota\u017emo celou EU, nau\u010dil takto jinak zp\u00edvat.<\/p>\n<p>V\u010dera Johanssonov\u00e1\u00a0 Luka\u0161enka ve jm\u00e9nu EU obvinila z provokac\u00ed a n\u00e1tlak\u016f a \u017ee b\u011blorusk\u00fd st\u00e1t imigranty imdtrumentalizuje proti EU. A t\u00e9to pifce se nen\u00ed co divit. Jaohansonov\u00e1 se dostala do \u00fazk\u00fdch a dlouho nev\u011bd\u011bla, co m\u00e1 te\u010f d\u011blat.<\/p>\n<p>Do EU se u\u017e z B\u011bloruska vloudilo na 6 tis. imigrant\u016f, a to z takov\u00fdch zem\u00ed jako Ir\u00e1k, S\u00fdrie, Kamerun nebo Kongo. Nakolik B\u011blorusko nen\u00ed na trase, muselo tyto imigranty podle komisa\u0159ky na b\u011blorusko-polskou hranici motivovat.<\/p>\n<p>Nap\u0159\u00ed\u0161t\u011b je tedy t\u0159eba rozli\u0161ovat imigranty nejen na uprchlick\u00e9 a ekonomick\u00e9, ale je\u0161t\u011b ty, co jsou hybridn\u00ed zbran\u00ed&#8230;<\/p>\n<p><a href=\"https:\/\/observador.pt\/2021\/10\/05\/bielorrussia-ue-condena-brutal-repressao-e-continuas-provocacoes-de-lukashenko\/\">ZDROJ<\/a><\/p>\n<p>&nbsp;<\/p>\n","protected":false},"excerpt":{"rendered":"<p>Komisa\u0159ka EU pro vnitro Ylva Johansson u\u017e zp\u00edv\u00e1 jinak. Imigranty &#8211; p\u0159inejmen\u0161\u00edm ty z B\u011bloruska&#8230;<\/p>\n","protected":false},"author":2,"featured_media":3803,"comment_status":"closed","ping_status":"closed","sticky":false,"template":"","format":"standard","meta":[],"categories":[7],"tags":[150,41,119],"_links":{"self":[{"href":"https:\/\/www.infokuryr.cz\/n\/wp-json\/wp\/v2\/posts\/5211"}],"collection":[{"href":"https:\/\/www.infokuryr.cz\/n\/wp-json\/wp\/v2\/posts"}],"about":[{"href":"https:\/\/www.infokuryr.cz\/n\/wp-json\/wp\/v2\/types\/post"}],"author":[{"embeddable":true,"href":"https:\/\/www.infokuryr.cz\/n\/wp-json\/wp\/v2\/users\/2"}],"replies":[{"embeddable":true,"href":"https:\/\/www.infokuryr.cz\/n\/wp-json\/wp\/v2\/comments?post=5211"}],"version-history":[{"count":0,"href":"https:\/\/www.infokuryr.cz\/n\/wp-json\/wp\/v2\/posts\/5211\/revisions"}],"wp:featuredmedia":[{"embeddable":true,"href":"https:\/\/www.infokuryr.cz\/n\/wp-json\/wp\/v2\/media\/3803"}],"wp:attachment":[{"href":"https:\/\/www.infokuryr.cz\/n\/wp-json\/wp\/v2\/media?parent=5211"}],"wp:term":[{"taxonomy":"category","embeddable":true,"href":"https:\/\/www.infokuryr.cz\/n\/wp-json\/wp\/v2\/categories?post=5211"},{"taxonomy":"post_tag","embeddable":true,"href":"https:\/\/www.infokuryr.cz\/n\/wp-json\/wp\/v2\/tags?post=5211"}],"curies":[{"name":"wp","href":"https:\/\/api.w.org\/{rel}","templated":true}]}}