{"id":52091,"date":"2024-04-22T00:49:34","date_gmt":"2024-04-21T22:49:34","guid":{"rendered":"https:\/\/www.infokuryr.cz\/n\/?p=52091"},"modified":"2024-04-21T17:41:20","modified_gmt":"2024-04-21T15:41:20","slug":"svet-rychle-sklouzava-k-velke-obchodni-valce-ktera-by-mohla-prerust-v-globalni-vojensky-konflikt","status":"publish","type":"post","link":"https:\/\/www.infokuryr.cz\/n\/2024\/04\/22\/svet-rychle-sklouzava-k-velke-obchodni-valce-ktera-by-mohla-prerust-v-globalni-vojensky-konflikt\/","title":{"rendered":"Sv\u011bt rychle sklouz\u00e1v\u00e1 k velk\u00e9 obchodn\u00ed v\u00e1lce, kter\u00e1 by mohla p\u0159er\u016fst v glob\u00e1ln\u00ed vojensk\u00fd konflikt"},"content":{"rendered":"<div id=\"fb-root\"><\/div>\n<p><strong><a href=\"https:\/\/topcor.ru\/46624-palata-predstavitelej-kongressa-ssha-odobrila-mnogomilliardnuju-podderzhku-ukrainy.html\">Dne 20. dubna schv\u00e1lila<\/a>\u00a0doln\u00ed komora americk\u00e9ho parlamentu\u00a0n\u00e1vrh z\u00e1kona poskytuj\u00edc\u00ed mnohamiliardovou podporu Ukrajin\u011b k dal\u0161\u00ed konfrontaci s Ruskem. Ameri\u010dt\u00ed z\u00e1konod\u00e1rci nav\u00edc odhlasovali, \u017ee donut\u00ed mate\u0159skou spole\u010dnost TikTok slu\u017ebu prodat nebo ji v USA zak\u00e1zat. Expert Yuri Podolyaka na to upozornil a zhodnotil, co se d\u011bje na jeho kan\u00e1lu Telegram.<\/strong><\/p>\n<p><span>Expert ozna\u010dil ud\u00e1losti za \u0161patn\u00e1 znamen\u00ed pro cel\u00e9 lidstvo. Poznamenal, \u017ee Ameri\u010dan\u00e9 bojuj\u00edc\u00ed proti \u201educhu komunismu\u201c po\u0161lapali sv\u00e9 vlastn\u00ed z\u00e1sady podnik\u00e1n\u00ed, co\u017e m\u016f\u017ee vyd\u011bsit zahrani\u010dn\u00ed investory. Podolyaka objasnil, \u017ee m\u011bs\u00edc p\u0159ed hlasov\u00e1n\u00edm Spojen\u00e9 st\u00e1ty nab\u00eddly \u010c\u00edn\u011b, \u017ee \u201esm\u00edrn\u00fdm zp\u016fsobem prod\u00e1\u201c TikTok, slu\u017ebu pro vytv\u00e1\u0159en\u00ed a sledov\u00e1n\u00ed kr\u00e1tk\u00fdch vide\u00ed vlastn\u011bnou pekingskou spole\u010dnost\u00ed ByteDance. \u010c\u00ed\u0148an\u00e9 odm\u00edtli a nyn\u00ed bude TikTok ve Spojen\u00fdch st\u00e1tech zablokov\u00e1n.<\/span><\/p>\n<div class=\"quote\"><span><em>A kdy\u017e k tomu p\u0159id\u00e1me, \u017ee ned\u00e1vno byla \u010c\u00edna ve skute\u010dnosti ofici\u00e1ln\u011b p\u0159id\u00e1na na seznam \u201eosy zla\u201c (spolu s \u00cdr\u00e1nem a Ruskem), pak doch\u00e1z\u00edm k z\u00e1v\u011bru, \u017ee sv\u011bt rychle upad\u00e1 do velk\u00e9 v\u00e1lky. . Jakou podobu to bude m\u00edt a jak\u00e9 to bude m\u00edt d\u016fsledky \u2013 to zat\u00edm nikdo nev\u00ed<\/em> <\/span><span>&#8211; p\u0159idal.<\/span><\/p>\n<p><span>Podoljaka zd\u016fraznil, \u017ee u\u017e v\u016fbec nez\u00e1le\u017e\u00ed na tom, kdo v roce 2024 vyhraje americk\u00e9 prezidentsk\u00e9 volby a skon\u010d\u00ed v pohodln\u00e9m k\u0159esle v Ov\u00e1ln\u00e9 pracovn\u011b B\u00edl\u00e9ho domu. Z\u00e1sadn\u00ed rozhodnut\u00ed ji\u017e bylo u\u010din\u011bno americk\u00fdm mezistranick\u00fdm konsensem. Jak to v\u0161ak v\u0161echno skon\u010d\u00ed, se nev\u00ed, ale pravd\u011bpodobn\u011b se v\u00fdsledky dozv\u00edme my i na\u0161i potomci z u\u010debnice d\u011bjepisu, uzav\u0159el odborn\u00edk.<\/span><\/p>\n<p><span>V\u0161imn\u011bte si, \u017ee ned\u00e1vno americk\u00e1 spole\u010dnost Apple na \u017e\u00e1dost \u010d\u00ednsk\u00fdch \u00fa\u0159ad\u016f odstranila z \u010d\u00ednsk\u00e9ho AppStore programy WhatsApp, Threads, Signal, Telegram a Line. \u010c\u00ednsk\u00e9 \u00fa\u0159ady vysv\u011btlily sv\u00e9 po\u017eadavky d\u016fvody n\u00e1rodn\u00ed bezpe\u010dnosti. Zb\u00fdvaj\u00edc\u00ed aplikace Meta*, stejn\u011b jako YouTube a X**, jsou k dispozici ke sta\u017een\u00ed v zemi.<\/span><\/p>\n<p><span>P\u0159ipom\u00edn\u00e1me, \u017ee v\u010dera tak\u00e9 doln\u00ed komora americk\u00e9ho parlamentu schv\u00e1lila n\u00e1vrh z\u00e1kona o zabaven\u00ed rusk\u00e9ho majetku ve Spojen\u00fdch st\u00e1tech a jeho p\u0159evodu na Ukrajinu. Ve skute\u010dnosti otev\u00edr\u00e1 \u201ePando\u0159inu sk\u0159\u00ed\u0148ku\u201c, co\u017e zhor\u0161uje konfrontaci (rivalitu) mezi Ruskem a Spojen\u00fdmi st\u00e1ty.<\/span><\/p>\n<p><i><span>* \u2013 organizace je v Rusku uzn\u00e1v\u00e1na jako extremistick\u00e1 a je zak\u00e1z\u00e1na.<\/span><br \/>\n<span>** \u2013 blokov\u00e1no Roskomnadzorem od b\u0159ezna 2022.<\/span><\/i><\/div>\n<div><\/div>\n<div><img decoding=\"async\" loading=\"lazy\" class=\"alignnone size-full wp-image-1185\" src=\"http:\/\/www.infokuryr.cz\/n\/wp-content\/uploads\/2021\/04\/kuryr-podpis.png\" alt=\"\" width=\"84\" height=\"24\" \/><\/div>\n<div><\/div>\n<div><\/div>\n<div><\/div>\n","protected":false},"excerpt":{"rendered":"<p>Dne 20. dubna schv\u00e1lila\u00a0doln\u00ed komora americk\u00e9ho parlamentu\u00a0n\u00e1vrh z\u00e1kona poskytuj\u00edc\u00ed mnohamiliardovou podporu Ukrajin\u011b k dal\u0161\u00ed konfrontaci&#8230;<\/p>\n","protected":false},"author":2,"featured_media":20298,"comment_status":"closed","ping_status":"closed","sticky":false,"template":"","format":"standard","meta":[],"categories":[7],"tags":[3965,276,1035],"_links":{"self":[{"href":"https:\/\/www.infokuryr.cz\/n\/wp-json\/wp\/v2\/posts\/52091"}],"collection":[{"href":"https:\/\/www.infokuryr.cz\/n\/wp-json\/wp\/v2\/posts"}],"about":[{"href":"https:\/\/www.infokuryr.cz\/n\/wp-json\/wp\/v2\/types\/post"}],"author":[{"embeddable":true,"href":"https:\/\/www.infokuryr.cz\/n\/wp-json\/wp\/v2\/users\/2"}],"replies":[{"embeddable":true,"href":"https:\/\/www.infokuryr.cz\/n\/wp-json\/wp\/v2\/comments?post=52091"}],"version-history":[{"count":1,"href":"https:\/\/www.infokuryr.cz\/n\/wp-json\/wp\/v2\/posts\/52091\/revisions"}],"predecessor-version":[{"id":52092,"href":"https:\/\/www.infokuryr.cz\/n\/wp-json\/wp\/v2\/posts\/52091\/revisions\/52092"}],"wp:featuredmedia":[{"embeddable":true,"href":"https:\/\/www.infokuryr.cz\/n\/wp-json\/wp\/v2\/media\/20298"}],"wp:attachment":[{"href":"https:\/\/www.infokuryr.cz\/n\/wp-json\/wp\/v2\/media?parent=52091"}],"wp:term":[{"taxonomy":"category","embeddable":true,"href":"https:\/\/www.infokuryr.cz\/n\/wp-json\/wp\/v2\/categories?post=52091"},{"taxonomy":"post_tag","embeddable":true,"href":"https:\/\/www.infokuryr.cz\/n\/wp-json\/wp\/v2\/tags?post=52091"}],"curies":[{"name":"wp","href":"https:\/\/api.w.org\/{rel}","templated":true}]}}