{"id":5209,"date":"2021-10-06T06:53:24","date_gmt":"2021-10-06T04:53:24","guid":{"rendered":"http:\/\/www.infokuryr.cz\/n\/?p=5209"},"modified":"2021-10-06T06:53:24","modified_gmt":"2021-10-06T04:53:24","slug":"lidstvu-byla-predpovezena-globalni-krize-behem-letosni-zimy","status":"publish","type":"post","link":"https:\/\/www.infokuryr.cz\/n\/2021\/10\/06\/lidstvu-byla-predpovezena-globalni-krize-behem-letosni-zimy\/","title":{"rendered":"Lidstvu byla p\u0159edpov\u011bzena glob\u00e1ln\u00ed krize b\u011bhem leto\u0161n\u00ed zimy"},"content":{"rendered":"<div id=\"fb-root\"><\/div>\n<p><strong>Vzestup cen energi\u00ed a probl\u00e9my s dod\u00e1vkami mnoha druh\u016f zbo\u017e\u00ed ohro\u017euj\u00ed cel\u00fd sv\u011bt v\u00e1\u017enou kriz\u00ed b\u011bhem leto\u0161n\u00ed zimy, p\u00ed\u0161e Michael Winfrey, novin\u00e1\u0159 agentury Bloomberg.<\/strong><\/p>\n<p>Autor uvedl, \u017ee pandemie koronaviru se stala pro lidstvo velkou kriz\u00ed. To se prom\u00edt\u00e1 do probl\u00e9m\u016f s dod\u00e1vkou v\u011bt\u0161iny druh\u016f zbo\u017e\u00ed, od obil\u00ed a\u017e po po\u010d\u00edta\u010dov\u00e9 \u010dipy.<\/p>\n<p>V leto\u0161n\u00edm roce v\u0161ak v n\u011bkter\u00fdch zem\u00edch vznikly dal\u0161\u00ed probl\u00e9my. Nap\u0159\u00edklad v Brit\u00e1nii je akutn\u00ed nedostatek paliva a reg\u00e1ly v supermarketech jsou kv\u016fli nedostatku \u0159idi\u010d\u016f pr\u00e1zdn\u00e9.<\/p>\n<p>\u201eProbl\u00e9my v\u0161ak ohro\u017euj\u00ed i dal\u0161\u00ed zem\u011b na\u0161\u00ed planety,\u201c zd\u016fraznil novin\u00e1\u0159.<\/p>\n<p>Tuto zimu teplotn\u00ed re\u017eim na severn\u00ed polokouli ovlivn\u00ed r\u016fzn\u00e9 trhy, a pokud se spln\u00ed nejpesimisti\u010dt\u011bj\u0161\u00ed p\u0159edpov\u011bdi meteorolog\u016f, pak nedostatek energetick\u00fdch zdroj\u016f povede ke krizi v pln\u00e9m rozsahu, vysv\u011btluje publikace.<\/p>\n<p>Autor\u00a0upozornil\u00a0na za\u010d\u00e1tek \u201erva\u010dky\u201c o zdroje:\u00a0\u010c\u00edna\u00a0na\u0159\u00eddila zajistit dod\u00e1vky uhl\u00ed p\u0159esahuj\u00edc\u00ed kv\u00f3ty, co\u017e vedlo k rekordn\u00edmu zv\u00fd\u0161en\u00ed cen plynu a elekt\u0159iny v Evrop\u011b. To n\u00e1sledn\u011b vedlo k uzav\u0159en\u00ed nejv\u011bt\u0161\u00ed sklen\u00edkov\u00e9 s\u00edt\u011b kontinentu v Nizozemsku, co\u017e se m\u016f\u017ee odrazit na z\u00e1sobov\u00e1n\u00ed potravinami.<\/p>\n<p>Ve Francii\u00a0\u00fa\u0159ady zak\u00e1zaly zvy\u0161ov\u00e1n\u00ed regulovan\u00fdch sazeb za plyn a sn\u00ed\u017eily dan\u011b z elekt\u0159iny. Celosv\u011btov\u00e9 z\u00e1soby p\u0161enice nav\u00edc klesaj\u00ed a progn\u00f3zy produkce obil\u00ed se st\u00e1le zhor\u0161uj\u00ed.<\/p>\n<p>Winfrey na z\u00e1v\u011br poznamenal, \u017ee lo\u0148sk\u00e1 zima byla velmi t\u011b\u017ek\u00e1 kv\u016fli pandemii, a upozornil, \u017ee zlep\u0161en\u00ed situace se ned\u00e1 o\u010dek\u00e1vat ani letos.<\/p>\n<p><a href=\"https:\/\/cz.sputniknews.com\/20211005\/lidstvu-byla-predpovezena-globalni-krize-behem-letosni-zimy-16063927.html\">ZDROJ<\/a><\/p>\n<p>&nbsp;<\/p>\n<p>&nbsp;<\/p>\n","protected":false},"excerpt":{"rendered":"<p>Vzestup cen energi\u00ed a probl\u00e9my s dod\u00e1vkami mnoha druh\u016f zbo\u017e\u00ed ohro\u017euj\u00ed cel\u00fd sv\u011bt v\u00e1\u017enou kriz\u00ed&#8230;<\/p>\n","protected":false},"author":2,"featured_media":5210,"comment_status":"closed","ping_status":"closed","sticky":false,"template":"","format":"standard","meta":[],"categories":[7],"tags":[371,1101],"_links":{"self":[{"href":"https:\/\/www.infokuryr.cz\/n\/wp-json\/wp\/v2\/posts\/5209"}],"collection":[{"href":"https:\/\/www.infokuryr.cz\/n\/wp-json\/wp\/v2\/posts"}],"about":[{"href":"https:\/\/www.infokuryr.cz\/n\/wp-json\/wp\/v2\/types\/post"}],"author":[{"embeddable":true,"href":"https:\/\/www.infokuryr.cz\/n\/wp-json\/wp\/v2\/users\/2"}],"replies":[{"embeddable":true,"href":"https:\/\/www.infokuryr.cz\/n\/wp-json\/wp\/v2\/comments?post=5209"}],"version-history":[{"count":0,"href":"https:\/\/www.infokuryr.cz\/n\/wp-json\/wp\/v2\/posts\/5209\/revisions"}],"wp:featuredmedia":[{"embeddable":true,"href":"https:\/\/www.infokuryr.cz\/n\/wp-json\/wp\/v2\/media\/5210"}],"wp:attachment":[{"href":"https:\/\/www.infokuryr.cz\/n\/wp-json\/wp\/v2\/media?parent=5209"}],"wp:term":[{"taxonomy":"category","embeddable":true,"href":"https:\/\/www.infokuryr.cz\/n\/wp-json\/wp\/v2\/categories?post=5209"},{"taxonomy":"post_tag","embeddable":true,"href":"https:\/\/www.infokuryr.cz\/n\/wp-json\/wp\/v2\/tags?post=5209"}],"curies":[{"name":"wp","href":"https:\/\/api.w.org\/{rel}","templated":true}]}}