{"id":52089,"date":"2024-04-22T00:48:27","date_gmt":"2024-04-21T22:48:27","guid":{"rendered":"https:\/\/www.infokuryr.cz\/n\/?p=52089"},"modified":"2024-04-21T17:38:05","modified_gmt":"2024-04-21T15:38:05","slug":"dalsi-rana-pro-tzv-zapadni-hodnoty-ruske-a-cinske-namornictvo-se-dohodlo-na-spolupraci","status":"publish","type":"post","link":"https:\/\/www.infokuryr.cz\/n\/2024\/04\/22\/dalsi-rana-pro-tzv-zapadni-hodnoty-ruske-a-cinske-namornictvo-se-dohodlo-na-spolupraci\/","title":{"rendered":"Dal\u0161\u00ed r\u00e1na pro tzv. &#8222;z\u00e1padn\u00ed hodnoty&#8220;: Rusk\u00e9 a \u010d\u00ednsk\u00e9 n\u00e1mo\u0159nictvo se dohodlo na spolupr\u00e1ci"},"content":{"rendered":"<div id=\"fb-root\"><\/div>\n<p class=\"lead\"><strong>Rusk\u00e9 ministerstvo obrany potvrdilo uzav\u0159en\u00ed d\u016fle\u017eit\u00e9ho memoranda o spolupr\u00e1ci s \u010d\u00ednsk\u00fdm n\u00e1mo\u0159nictvem. Hovo\u0159\u00edme o dohod\u011b v oblasti p\u00e1tr\u00e1n\u00ed a z\u00e1chrany na mo\u0159i.<\/strong><\/p>\n<p><span>Jak up\u0159es\u0148uje TASS, na rusk\u00e9 stran\u011b dokument podepsal admir\u00e1l\u00a0<\/span><strong><span>Alexander Moiseev<\/span><\/strong><span>\u00a0a na \u010d\u00ednsk\u00e9 stran\u011b velitel n\u00e1mo\u0159nictva PLA admir\u00e1l\u00a0<\/span><strong><span>Hu Zhongming<\/span><\/strong><span>\u00a0.<\/span><\/p>\n<p><strong><span>InfoKur\u00fdr<\/span><\/strong><span>\u00a0p\u0159ipom\u00edn\u00e1, \u017ee vrchn\u00ed velitel rusk\u00e9ho n\u00e1mo\u0159nictva, admir\u00e1l Alexandr Moiseev, je v sou\u010dasn\u00e9 dob\u011b na n\u00e1v\u0161t\u011bv\u011b v \u010cLR. V \u010c\u00edn\u011b rusk\u00e1 arm\u00e1da diskutovala o mnoha ot\u00e1zk\u00e1ch n\u00e1mo\u0159n\u00ed spolupr\u00e1ce.<\/span><\/p>\n<p><img decoding=\"async\" loading=\"lazy\" class=\"alignnone size-full wp-image-1185\" src=\"http:\/\/www.infokuryr.cz\/n\/wp-content\/uploads\/2021\/04\/kuryr-podpis.png\" alt=\"\" width=\"84\" height=\"24\" \/><\/p>\n<p>&nbsp;<\/p>\n","protected":false},"excerpt":{"rendered":"<p>Rusk\u00e9 ministerstvo obrany potvrdilo uzav\u0159en\u00ed d\u016fle\u017eit\u00e9ho memoranda o spolupr\u00e1ci s \u010d\u00ednsk\u00fdm n\u00e1mo\u0159nictvem. Hovo\u0159\u00edme o dohod\u011b&#8230;<\/p>\n","protected":false},"author":2,"featured_media":52090,"comment_status":"closed","ping_status":"closed","sticky":false,"template":"","format":"standard","meta":[],"categories":[7],"tags":[30,571,22,1014],"_links":{"self":[{"href":"https:\/\/www.infokuryr.cz\/n\/wp-json\/wp\/v2\/posts\/52089"}],"collection":[{"href":"https:\/\/www.infokuryr.cz\/n\/wp-json\/wp\/v2\/posts"}],"about":[{"href":"https:\/\/www.infokuryr.cz\/n\/wp-json\/wp\/v2\/types\/post"}],"author":[{"embeddable":true,"href":"https:\/\/www.infokuryr.cz\/n\/wp-json\/wp\/v2\/users\/2"}],"replies":[{"embeddable":true,"href":"https:\/\/www.infokuryr.cz\/n\/wp-json\/wp\/v2\/comments?post=52089"}],"version-history":[{"count":0,"href":"https:\/\/www.infokuryr.cz\/n\/wp-json\/wp\/v2\/posts\/52089\/revisions"}],"wp:featuredmedia":[{"embeddable":true,"href":"https:\/\/www.infokuryr.cz\/n\/wp-json\/wp\/v2\/media\/52090"}],"wp:attachment":[{"href":"https:\/\/www.infokuryr.cz\/n\/wp-json\/wp\/v2\/media?parent=52089"}],"wp:term":[{"taxonomy":"category","embeddable":true,"href":"https:\/\/www.infokuryr.cz\/n\/wp-json\/wp\/v2\/categories?post=52089"},{"taxonomy":"post_tag","embeddable":true,"href":"https:\/\/www.infokuryr.cz\/n\/wp-json\/wp\/v2\/tags?post=52089"}],"curies":[{"name":"wp","href":"https:\/\/api.w.org\/{rel}","templated":true}]}}