{"id":520,"date":"2021-04-07T08:23:27","date_gmt":"2021-04-07T06:23:27","guid":{"rendered":"http:\/\/www.infokuryr.cz\/n\/?p=520"},"modified":"2021-04-07T08:23:27","modified_gmt":"2021-04-07T06:23:27","slug":"advokatni-kancelare-zacaly-skolam-radit-ze-spejlovani-skolaku-ma-probihat-za-dozoru-policie-pokud-by-rodice-delali-problemy","status":"publish","type":"post","link":"https:\/\/www.infokuryr.cz\/n\/2021\/04\/07\/advokatni-kancelare-zacaly-skolam-radit-ze-spejlovani-skolaku-ma-probihat-za-dozoru-policie-pokud-by-rodice-delali-problemy\/","title":{"rendered":"Advok\u00e1tn\u00ed kancel\u00e1\u0159e za\u010daly \u0161kol\u00e1m radit, \u017ee \u0161pejlov\u00e1n\u00ed \u0161kol\u00e1k\u016f m\u00e1 prob\u00edhat za dozoru policie, pokud by rodi\u010de d\u011blali probl\u00e9my!"},"content":{"rendered":"<div id=\"fb-root\"><\/div>\n<h4>Advok\u00e1tn\u00ed kancel\u00e1\u0159e za\u010daly \u0161kol\u00e1m radit, \u017ee \u0161pejlov\u00e1n\u00ed \u0161kol\u00e1k\u016f m\u00e1 prob\u00edhat za dozoru policie, pokud by rodi\u010de d\u011blali probl\u00e9my! Tyto \u00fatoky proti rodi\u010d\u016fm d\u011bt\u00ed dovedly pr\u00e1vn\u00edka k seznamu dobr\u00fdch rad, kter\u00fdmi by se rodi\u010de m\u011bli \u0159\u00eddit od 12. dubna ve chv\u00edli, a\u017e jejich d\u011bti nastoup\u00ed do \u0161kol! Jak postupovat, koho \u017ealovat, jak\u00e9 argumenty k ukon\u010den\u00ed protipr\u00e1vn\u00ed \u010dinnosti \u0161koly pou\u017e\u00edt, jak chr\u00e1nit sebe a d\u00edt\u011b p\u0159ed odb\u011bry genetick\u00e9ho materi\u00e1lu ze strany \u0161koly proti va\u0161\u00ed v\u016fli! Pr\u00e1vn\u00edk na\u0161el celou \u0159adu postup\u016f, jak br\u00e1nit zdrav\u00ed a \u00fastavn\u00ed pr\u00e1vo d\u00edt\u011bte!<\/h4>\n<p>Podle posledn\u00edch informac\u00ed m\u00e1 v \u010cesk\u00e9 republice za\u010d\u00edt od pond\u011bl\u00ed 12. dubna 2021 proces postupn\u00e9ho n\u00e1vratu d\u011bt\u00ed do \u0161koln\u00edch lavic, kter\u00fd ov\u0161em bude podm\u00edn\u011bn\u00fd testov\u00e1n\u00edm d\u011bt\u00ed antigenn\u00edmi testy, a to celkem 2x t\u00fddn\u011b, p\u0159i\u010dem\u017e d\u011bti se budou testovat samy a u\u010ditel\u00e9 budou na testov\u00e1n\u00ed pouze dohl\u00ed\u017eet.\u00a0<strong>Tuto pr\u00e1vn\u00ed kli\u010dku vymyslel pr\u00e1vn\u00ed odbor ministerstva zdravotnictv\u00ed v obav\u00e1ch p\u0159ed \u017ealobami rodi\u010d\u016f, pokud by u\u010ditel\u00e9 jako osoby bez zdravotnick\u00e9ho vzd\u011bl\u00e1n\u00ed zp\u016fsobili d\u011btem \u00fajmu na zdrav\u00ed.<\/strong><\/p>\n<p>A to p\u0159edev\u0161\u00edm v souvislosti s pou\u017eit\u00edm \u010d\u00ednsk\u00fdch antigenn\u00edch test\u016f, kter\u00e9 nemaj\u00ed certifikaci pro pou\u017eit\u00ed na \u00fazem\u00ed Evropsk\u00e9 unie.\u00a0<strong>Testy nemaj\u00ed ani povolen\u00ed Evropsk\u00e9 l\u00e9kov\u00e9 agentury (EMA), ani certifikaci St\u00e1tn\u00edho \u00fastavu pro kontrolu l\u00e9\u010div (S\u00daKL)<\/strong>, jedin\u00fdm certifik\u00e1tem je \u010d\u00ednsk\u00e1 certifikace platn\u00e1 pouze na \u00fazem\u00ed \u010c\u00ednsk\u00e9 lidov\u00e9 republiky. Podle informac\u00ed na\u0161\u00ed redakce S\u00daKL dosud nedostal \u017e\u00e1dosti o certifikaci test\u016f, resp. \u017e\u00e1dosti o ud\u011blen\u00ed v\u00fdjimek.<\/p>\n<figure id=\"attachment_46089\" class=\"wp-caption aligncenter\"><a href=\"https:\/\/aeronet.cz\/news\/wp-content\/uploads\/SalivaTest.jpg\"><img decoding=\"async\" loading=\"lazy\" class=\"wp-image-46089 size-large\" src=\"https:\/\/aeronet.cz\/news\/wp-content\/uploads\/SalivaTest-1024x485.jpg\" sizes=\"(max-width: 700px) 100vw, 700px\" srcset=\"https:\/\/aeronet.cz\/news\/wp-content\/uploads\/SalivaTest-1024x485.jpg 1024w, https:\/\/aeronet.cz\/news\/wp-content\/uploads\/SalivaTest-300x142.jpg 300w, https:\/\/aeronet.cz\/news\/wp-content\/uploads\/SalivaTest-768x364.jpg 768w, https:\/\/aeronet.cz\/news\/wp-content\/uploads\/SalivaTest-700x331.jpg 700w, https:\/\/aeronet.cz\/news\/wp-content\/uploads\/SalivaTest-754x357.jpg 754w, https:\/\/aeronet.cz\/news\/wp-content\/uploads\/SalivaTest-1020x483.jpg 1020w, https:\/\/aeronet.cz\/news\/wp-content\/uploads\/SalivaTest.jpg 1280w\" alt=\"\" width=\"700\" height=\"332\" \/><\/a><figcaption class=\"wp-caption-text\">Slinov\u00e9 antigenn\u00ed testy pro \u0161kol\u00e1ky<\/figcaption><\/figure>\n<p>Z tohoto d\u016fvodu pr\u00e1vn\u00ed odbor Ministerstva zdravotnictv\u00ed doporu\u010dil ministrovi, aby se d\u011bti testovaly samy a u\u010ditel\u00e9 tak nemohly n\u00e9st zodpov\u011bdnost za p\u0159\u00edpadn\u00e9 zdravotn\u00ed probl\u00e9my \u010di po\u0161kozen\u00ed zdrav\u00ed d\u011bt\u00ed \u010d\u00ednsk\u00fdmi testy.\u00a0<strong>Na serveru \u0158\u00edzen\u00ed \u0161koly online se objevila rada [<a href=\"https:\/\/href.li\/?https:\/\/www.rizeniskoly.cz\/cz\/aktuality\/jak-postupovat-v-pripade-kdy-zakonny-zastupce-nesouhlasi-s-testovanim-ditete-pri-prichodu-do-skoly.a-7488.html\" target=\"_blank\" rel=\"nofollow noopener\">1<\/a>] pr\u00e1vn\u00ed firmy\u00a0AK Holubov\u00e1 advok\u00e1ti s. r. o. v podob\u011b \u010dl\u00e1nku s n\u00e1zvem\u00a0<em>Jak postupovat v p\u0159\u00edpad\u011b, kdy z\u00e1konn\u00fd z\u00e1stupce nesouhlas\u00ed s testov\u00e1n\u00edm d\u00edt\u011bte p\u0159i p\u0159\u00edchodu do \u0161koly?<\/em><\/strong><\/p>\n<p>Pr\u00e1vn\u00ed firma rad\u00ed \u0161kol\u00e1m, jak postupovat proti rodi\u010d\u016fm, kte\u0159\u00ed budou odm\u00edtat testov\u00e1n\u00ed d\u011bt\u00ed a dokonce se tam nach\u00e1z\u00ed i rada, \u017ee\u00a0pokud by situace eskalovala, maj\u00ed zavolat Policii \u010cR. Pokud vyhrocen\u00e9 situace \u0161kola o\u010dek\u00e1v\u00e1, m\u00e1 se domluvit ji\u017e nyn\u00ed se z\u0159izovatelem nebo s Polici\u00ed, aby prvn\u00ed den testov\u00e1n\u00ed byli \u201ev z\u00e1loze\u201c a p\u0159ipraveni pomoci. Policie tedy m\u00e1 dohl\u00ed\u017eet na to, aby \u0161koly byly p\u0159ipraveny proti rodi\u010d\u016fm a v\u016fli rodi\u010d\u016f odm\u00edtaj\u00edc\u00edch testov\u00e1n\u00ed sv\u00fdch d\u011bt\u00ed 2x t\u00fddn\u011b.<\/p>\n<h6><span style=\"font-size: 12pt;\">\u0160koly se sna\u017e\u00ed zbavit trestn\u00ed zodpov\u011bdnosti za p\u0159\u00edpadn\u00e1 zdravotn\u00ed po\u0161kozen\u00ed d\u011bt\u00ed testov\u00e1n\u00edm opakovan\u00fdm 2x t\u00fddn\u011b p\u0159enosem l\u00e9ka\u0159sk\u00e9ho v\u00fdkonu na nezletil\u00e9 d\u011bti, ale pr\u00e1vn\u00edk to rozcupoval jako marn\u00fd pokus<\/span><\/h6>\n<p>N\u00e1\u0161 pr\u00e1vn\u00edk tyto rady odm\u00edt\u00e1 a ozna\u010dil je za chybnou argumentaci. Samotestov\u00e1n\u00ed d\u011bt\u00ed p\u0159irovnal k absurdn\u00ed situaci, kdy by do \u0161koly p\u0159i\u0161la l\u00e9ka\u0159ka s t\u00edm, \u017ee se d\u011bti mus\u00ed o\u010dkovat proti ne\u0161tovic\u00edm, ale z d\u016fvod\u016f hrozby \u017ealob rodi\u010d\u016f si mus\u00ed d\u011bti ty injekce p\u00edchat samy, za dozoru l\u00e9ka\u0159e, p\u0159\u00edpadn\u011b u\u010ditele. P\u0159esn\u011b toto vymysleli pr\u00e1vn\u00ed poradci na Ministerstvu zdravotnictv\u00ed, takov\u00fdto pr\u00e1vn\u00ed paskvil, kter\u00fd samoz\u0159ejm\u011b je naprosto myln\u00fd a u soud\u016f neobstoj\u00ed.\u00a0<strong>Jak pr\u00e1vn\u00edk upozor\u0148uje, podle tzv. \u0160kolsk\u00e9ho z\u00e1kona \u010d. 561\/2004 Sb. v n\u00e1vaznosti na\u00a0\u00a7 22b podle p\u00edsmena c jsou pedagogi\u010dt\u00ed pracovn\u00edci povinni\u00a0chr\u00e1nit bezpe\u010d\u00ed a zdrav\u00ed d\u00edt\u011bte, \u017e\u00e1ka a studenta a p\u0159edch\u00e1zet v\u0161em form\u00e1m rizikov\u00e9ho chov\u00e1n\u00ed ve \u0161kol\u00e1ch a \u0161kolsk\u00fdch za\u0159\u00edzen\u00edch [<a href=\"https:\/\/href.li\/?https:\/\/www.zakonyprolidi.cz\/cs\/2004-561\" target=\"_blank\" rel=\"nofollow noopener\">2<\/a>].<\/strong><\/p>\n<figure id=\"attachment_46091\" class=\"wp-caption aligncenter\"><a href=\"https:\/\/aeronet.cz\/news\/wp-content\/uploads\/SalivaTestDetailArrow.jpg\"><img decoding=\"async\" loading=\"lazy\" class=\"wp-image-46091 size-full\" src=\"https:\/\/aeronet.cz\/news\/wp-content\/uploads\/SalivaTestDetailArrow.jpg\" sizes=\"(max-width: 700px) 100vw, 700px\" srcset=\"https:\/\/aeronet.cz\/news\/wp-content\/uploads\/SalivaTestDetailArrow.jpg 700w, https:\/\/aeronet.cz\/news\/wp-content\/uploads\/SalivaTestDetailArrow-300x181.jpg 300w, https:\/\/aeronet.cz\/news\/wp-content\/uploads\/SalivaTestDetailArrow-591x357.jpg 591w\" alt=\"\" width=\"700\" height=\"423\" \/><\/a><figcaption class=\"wp-caption-text\">Jen\u017ee v\u00fdrobce na testu varuje, \u017ee v\u00fdrobek nepat\u0159\u00ed do rukou d\u011bt\u00ed\u2026<\/figcaption><\/figure>\n<p>P\u0159i\u010dem\u017e mezi takov\u00e1 chov\u00e1n\u00ed jednozna\u010dn\u011b pat\u0159\u00ed neodborn\u00fd l\u00e9ka\u0159sk\u00fd z\u00e1krok odb\u011bru vzorku DNA z \u00fast nezletil\u00fdch \u017e\u00e1k\u016f, kte\u0159\u00ed si mohou \u0161pejlemi zp\u016fsobit zran\u011bn\u00ed, \u00fajmu, p\u0159\u00edpadn\u011b si zan\u00e9st do \u00fast n\u00e1kazu, ne\u010distotu, nezn\u00e1mou chemickou l\u00e1tku obsa\u017eenou ve st\u011brov\u00e9 ty\u010dince, kter\u00e1 nepro\u0161la zkou\u0161kami evropsk\u00fdch l\u00e9kov\u00fdch agentur.\u00a0<strong>Podle na\u0161eho pr\u00e1vn\u00edka se \u0161kola nem\u016f\u017ee vyv\u00e1zat ze zodpov\u011bdnosti podle\u00a0\u00a7 22b v p\u00edsmenu c, proto\u017ee odb\u011br tekutin a DNA prob\u00edh\u00e1 v dob\u011b \u0161koln\u00edho vyu\u010dov\u00e1n\u00ed, v budov\u011b \u0161koly a pod patronac\u00ed zam\u011bstnanc\u016f \u0161koly, jmenovit\u011b pedagog\u016f.<\/strong>\u00a0Pokud si d\u00edt\u011b za\u010dne po odb\u011bru st\u011b\u017eovat, \u017ee je mu \u0161patn\u011b, zm\u011bn\u00ed se mu zdravotn\u00ed stav, bude za zdravotn\u00ed \u00fajmu zodpov\u00eddat veden\u00ed \u0161koly.<\/p>\n<h6><span style=\"font-size: 12pt;\">Pedagogick\u00fd sbor nem\u016f\u017ee zaru\u010dit ml\u010denlivost o zdravotn\u00edm stavu testovan\u00fdch d\u011bt\u00ed, kter\u00e9 si budou d\u011blat testy v\u00fdrobky, na jejich\u017e krabi\u010dk\u00e1ch je n\u00e1pis Keep Away From Children\u2026 to nevymysl\u00ed\u0161!<\/span><\/h6>\n<p>Pr\u00e1vn\u00edk celou v\u011bc d\u00e1le rozeb\u00edr\u00e1 do d\u016fsledku. Podle stejn\u00e9ho paragrafu v p\u00edsmen\u011b e je pedagogick\u00fd sbor povinen\u00a0zachov\u00e1vat ml\u010denlivost a chr\u00e1nit p\u0159ed zneu\u017eit\u00edm osobn\u00ed \u00fadaje, informace o zdravotn\u00edm stavu d\u011bt\u00ed, \u017e\u00e1k\u016f a student\u016f a v\u00fdsledky poradensk\u00e9 pomoci \u0161kolsk\u00e9ho poradensk\u00e9ho za\u0159\u00edzen\u00ed a \u0161koln\u00edho poradensk\u00e9ho pracovi\u0161t\u011b, s nimi\u017e p\u0159i\u0161el do styku.<\/p>\n<p><strong>Vzhledem k tomu, \u017ee testy budou prov\u00e1d\u011bny formou odb\u011br\u016f, \u0161kola bude nakl\u00e1dat s genetick\u00fdm materi\u00e1lem d\u011bt\u00ed formou, kter\u00e1 poru\u0161uje ustanoven\u00ed tohoto paragrafu, proto\u017ee nelze zachovat ml\u010denlivost o zdravotn\u00edm stavu, kdy\u017e d\u00edt\u011b bude po pozitivn\u00edm testu vylou\u010deno z kolektivu<\/strong>, \u010d\u00edm\u017e se zdravotn\u00ed stav d\u00edt\u011bte prozrad\u00ed a vstoup\u00ed ve zn\u00e1most, a to vinou pedagogick\u00e9ho person\u00e1lu, kter\u00fd to testov\u00e1n\u00edm pod dozorem dopustil. Stejn\u011b tak \u0161kola nedok\u00e1\u017ee zabezpe\u010dit bezpe\u010dnou likvidaci test\u016f, proto\u017ee \u0161koly nemaj\u00ed vybaven\u00ed a ani autorizaci pro nakl\u00e1d\u00e1n\u00ed s biohazard materi\u00e1lem.<\/p>\n<figure id=\"attachment_46093\" class=\"wp-caption aligncenter\"><a href=\"https:\/\/aeronet.cz\/news\/wp-content\/uploads\/SalivaTestManualArrow.jpg\"><img decoding=\"async\" loading=\"lazy\" class=\"wp-image-46093 size-full\" src=\"https:\/\/aeronet.cz\/news\/wp-content\/uploads\/SalivaTestManualArrow.jpg\" sizes=\"(max-width: 799px) 100vw, 799px\" srcset=\"https:\/\/aeronet.cz\/news\/wp-content\/uploads\/SalivaTestManualArrow.jpg 799w, https:\/\/aeronet.cz\/news\/wp-content\/uploads\/SalivaTestManualArrow-257x300.jpg 257w, https:\/\/aeronet.cz\/news\/wp-content\/uploads\/SalivaTestManualArrow-768x896.jpg 768w, https:\/\/aeronet.cz\/news\/wp-content\/uploads\/SalivaTestManualArrow-700x817.jpg 700w, https:\/\/aeronet.cz\/news\/wp-content\/uploads\/SalivaTestManualArrow-306x357.jpg 306w, https:\/\/aeronet.cz\/news\/wp-content\/uploads\/SalivaTestManualArrow-414x483.jpg 414w\" alt=\"\" width=\"799\" height=\"932\" \/><\/a><figcaption class=\"wp-caption-text\">Dal\u0161\u00ed slinov\u00fd antigenn\u00ed test, rovn\u011b\u017e v\u00fdrobce varuje, \u017ee nepat\u0159\u00ed do rukou d\u011bt\u00ed!<\/figcaption><\/figure>\n<p>Pokud se \u0161kola tomuto bude cht\u00edt vyhnout a d\u011btem testovac\u00ed primery s prou\u017eky ponech\u00e1, potom nen\u00ed jasn\u00e9, jak\u00e9 d\u016fsledky z toho vyplynou, proto\u017ee\u00a0<strong>v\u00fdrobci test\u016f d\u00e1vaj\u00ed na testy upozorn\u011bn\u00ed, \u017ee testy se maj\u00ed dr\u017eet z dosahu d\u011bt\u00ed, n\u00e1pis\u00a0<em>Keep Away From Children<\/em>\u00a0na antigenn\u00edch testech je snad dostate\u010dn\u011b jasn\u00fd.<\/strong>\u00a0Tak\u017ee d\u011bti si nesm\u00ed testy a primery ponechat, tak\u017ee co s nimi \u0161koly ud\u011blaj\u00ed? Zlikviduj\u00ed je jak? Budou firmy na biohazard materi\u00e1ly sv\u00e1\u017eet pou\u017eit\u00e9 testy ze \u0161kol do spaloven ur\u010den\u00fdch pro likvidaci zdravotnick\u00e9ho materi\u00e1lu? A to nen\u00ed zdaleka v\u0161echno. Jak pr\u00e1vn\u00edk upozor\u0148uje, ka\u017ed\u00fd rodi\u010d d\u00edt\u011bte m\u00e1 pr\u00e1vo zak\u00e1zat sv\u00e9mu d\u00edt\u011bti prov\u00e1d\u011bn\u00ed jak\u00e9koliv \u010dinnosti, kter\u00e1 by mohla v\u00e9st k po\u0161kozen\u00ed zdrav\u00ed d\u00edt\u011bte. Pr\u00e1vn\u00edk proto rad\u00ed, aby rodi\u010d 12. dubna p\u0159i\u0161el s d\u00edt\u011btem do \u0161koly a po\u017eadoval po \u0161kole n\u00e1sleduj\u00edc\u00ed certifik\u00e1ty a potvrzen\u00ed.<\/p>\n<ul>\n<li>Dokument o schv\u00e1len\u00ed antigenn\u00edho testu Evropskou l\u00e9kovou agenturou (EMA)<\/li>\n<li>Dokument o schv\u00e1len\u00ed antigenn\u00edho testu St\u00e1tn\u00edm \u00fastavem pro kontrolu l\u00e9\u010div (S\u00daKL)<\/li>\n<li>Kontakt na d\u011btskou l\u00e9ka\u0159ku \u010di l\u00e9ka\u0159e, kter\u00fd bude d\u00edt\u011bti odb\u011bry prov\u00e1d\u011bt 2x t\u00fddn\u011b<\/li>\n<li>Certifik\u00e1t \u0161koly oprav\u0148uj\u00edc\u00ed k nakl\u00e1d\u00e1n\u00ed se zdravotnick\u00fdm a biohazard materi\u00e1lem<\/li>\n<\/ul>\n<p>Pr\u00e1vn\u00edk d\u016frazn\u011b rad\u00ed, aby rodi\u010de tyto 4 dokumenty po\u017eadovali po veden\u00ed \u0161koly za p\u0159\u00edtomnosti sv\u011bdka, p\u0159\u00edpadn\u011b si komunikaci se z\u00e1stupcem \u0161koly nato\u010dili na telefon. Minim\u00e1ln\u011b 1 z t\u011bchto dokument\u016f v\u00e1m \u0161kola nebude schopna dodat, upozor\u0148uje n\u00e1\u0161 pr\u00e1vn\u00edk. M\u016f\u017ee se st\u00e1t, \u017ee do p\u0159\u00ed\u0161t\u00edho pond\u011bl\u00ed 12. dubna za\u0159\u00edd\u00ed Babi\u0161ova vl\u00e1da v Pr\u016fhonic\u00edch narychlo v\u00fdjimku pro n\u011bkter\u00e9 z t\u011bchto \u010d\u00ednsk\u00fdch test\u016f, tak\u017ee budou m\u00edt v\u00fdjimku od S\u00daKL, ov\u0161em d\u011bti se maj\u00ed testovat samy a \u017e\u00e1dn\u00e1 d\u011btsk\u00e1 doktorka tyto odb\u011bry prov\u00e1d\u011bt nebude.<\/p>\n<h6><span style=\"font-size: 12pt;\">Zaka\u017ete d\u00edt\u011bti prov\u00e1d\u011bt si na sob\u011b l\u00e9ka\u0159sk\u00e9 \u00fakony a oznamte to \u0161kole<\/span><\/h6>\n<p><strong>P\u0159edejte proto \u0161kole p\u00edsemn\u00fd z\u00e1kaz, \u017ee nedovolujete sv\u00e9mu d\u00edt\u011bti neodborn\u011b prov\u00e1d\u011bt na sob\u011b antigenn\u00ed odb\u011bry DNA z \u00fast \u010di nosu, nebo\u0165 d\u00edt\u011b nen\u00ed dostate\u010dn\u011b zp\u016fsobil\u00e9 k takov\u00fdm l\u00e9ka\u0159sk\u00fdm z\u00e1krok\u016fm a k l\u00e9ka\u0159sk\u00e9 diagnostice.<\/strong>\u00a0\u0160kola proti t\u00e9to p\u00edsemn\u00e9 v\u00fdtce nebude m\u00edt jin\u00e9 stanovisko, ne\u017e \u017ee se rodi\u010d dopou\u0161t\u00ed p\u0159estupku proti z\u00e1konu o ochran\u011b ve\u0159ejn\u00e9ho zdrav\u00ed nebo krizov\u00e9mu z\u00e1konu, kdy\u017e se sna\u017e\u00ed dostat d\u00edt\u011b do \u0161koly bez podstoupen\u00ed testu. Pr\u00e1vn\u00edk rad\u00ed, aby na tento argument rodi\u010d odpov\u011bd\u011bl, \u017ee nedovol\u00ed sv\u00e9mu d\u00edt\u011bti jako z\u00e1konn\u00fd z\u00e1stupce nezletil\u00e9 osoby, aby na sob\u011b d\u00edt\u011b prov\u00e1d\u011blo samo l\u00e9ka\u0159sk\u00fd z\u00e1krok a diagnostiku.<\/p>\n<figure id=\"attachment_45511\" class=\"wp-caption aligncenter\"><a href=\"https:\/\/aeronet.cz\/news\/wp-content\/uploads\/KidSelftest2.jpg\"><img decoding=\"async\" loading=\"lazy\" class=\"wp-image-45511 size-full\" src=\"https:\/\/aeronet.cz\/news\/wp-content\/uploads\/KidSelftest2.jpg\" sizes=\"(max-width: 800px) 100vw, 800px\" srcset=\"https:\/\/aeronet.cz\/news\/wp-content\/uploads\/KidSelftest2.jpg 800w, https:\/\/aeronet.cz\/news\/wp-content\/uploads\/KidSelftest2-300x169.jpg 300w, https:\/\/aeronet.cz\/news\/wp-content\/uploads\/KidSelftest2-768x432.jpg 768w, https:\/\/aeronet.cz\/news\/wp-content\/uploads\/KidSelftest2-700x394.jpg 700w, https:\/\/aeronet.cz\/news\/wp-content\/uploads\/KidSelftest2-635x357.jpg 635w\" alt=\"\" width=\"800\" height=\"450\" \/><\/a><figcaption class=\"wp-caption-text\">L\u00e9ka\u0159sk\u00fd z\u00e1krok v ruk\u00e1ch d\u00edt\u011bte<\/figcaption><\/figure>\n<p>Pokud by rodi\u010d d\u00edt\u011bti dovolil testovat se samo, a pokud by d\u00edt\u011b m\u011blo n\u00e1sledky, rodi\u010d by nesl trestn\u00ed zodpov\u011bdnost pro nedbalostn\u00ed trestn\u00fd \u010din ubl\u00ed\u017een\u00ed na zdrav\u00ed nezletil\u00e9 osoby \u010di sv\u011b\u0159en\u00e9 osoby z d\u016fvodu zanedb\u00e1n\u00ed p\u00e9\u010de. Rodi\u010d, kter\u00fd se dozv\u00ed o tom, \u017ee jeho nezletil\u00e9 d\u00edt\u011b si m\u00e1 samo prov\u00e1d\u011bt na sob\u011b l\u00e9ka\u0159sk\u00fd v\u00fdkon, nem\u016f\u017ee s takov\u00fdm v\u00fdkonem souhlasit, nebo\u0165 by se rodi\u010d vystavoval paradoxn\u011b vlastn\u00ed trestn\u00ed zodpov\u011bdnosti.\u00a0<strong>\u0160kola nesm\u00ed nutit rodi\u010de p\u0159ekra\u010dovat z\u00e1kon, nesm\u00ed ani rodi\u010de nav\u00e1d\u011bt, aby nav\u00e1d\u011bli sv\u00e9 d\u00edt\u011b k prov\u00e1d\u011bn\u00ed l\u00e9ka\u0159sk\u00fdch z\u00e1sah\u016f samo na sob\u011b.<\/strong><\/p>\n<h6><span style=\"font-size: 12pt;\">Upozorn\u011bte \u0161kolu, \u017ee se pracovn\u00edci \u0161koly dopou\u0161t\u00ed p\u00e1ch\u00e1n\u00ed protipr\u00e1vn\u00edho jedn\u00e1n\u00ed v rozporu s \u00dastavn\u00edm z\u00e1konem a Listinou z\u00e1kladn\u00edch pr\u00e1v a svobod<\/span><\/h6>\n<p>Pr\u00e1vn\u00edk d\u00e1le celou situaci rozv\u00edj\u00ed. \u0160kola se m\u016f\u017ee zaleknout a dohodne se s m\u00edstn\u00edm l\u00e9ka\u0159em, \u017ee to bude on, kdo bude 2x t\u00fddn\u011b d\u011btem prov\u00e1d\u011bt odb\u011bry. V tomto p\u0159\u00edpad\u011b nese zodpov\u011bdnost za odb\u011bry l\u00e9ka\u0159 a ten mus\u00ed prok\u00e1zat, \u017ee pou\u017eit\u00e9 testy maj\u00ed schv\u00e1len\u00ed EMA nebo S\u00daKL. Rodi\u010d p\u0159esto, i kdyby \u0161lo o schv\u00e1len\u00fd test prov\u00e1d\u011bn\u00fd l\u00e9ka\u0159em, m\u00e1 mo\u017enosti, jak d\u00edt\u011b zcela leg\u00e1ln\u011b vyjmout z testov\u00e1n\u00ed.\u00a0<strong>T\u00edm hlavn\u00edm n\u00e1strojem je\u00a0\u00dastavn\u00ed z\u00e1kon \u010d. 2\/1993 Sb. ve zn\u011bn\u00ed \u00fastavn\u00edho z\u00e1kona \u010d. 162\/1998 Sb. zn\u00e1m\u00fd jako\u00a0Listina z\u00e1kladn\u00fdch pr\u00e1v a svobod \u010cR, kter\u00e1 v \u010dl\u00e1nku 33 v odstavci 2 jasn\u011b uv\u00e1d\u00ed, \u017ee\u00a0<em>ob\u010dan\u00e9 maj\u00ed pr\u00e1vo na bezplatn\u00e9 vzd\u011bl\u00e1n\u00ed v z\u00e1kladn\u00edch a st\u0159edn\u00edch \u0161kol\u00e1ch, podle schopnost\u00ed ob\u010dana a mo\u017enost\u00ed spole\u010dnosti t\u00e9\u017e na vysok\u00fdch \u0161kol\u00e1ch.<\/em><\/strong><\/p>\n<figure id=\"attachment_45512\" class=\"wp-caption aligncenter\"><a href=\"https:\/\/aeronet.cz\/news\/wp-content\/uploads\/KidBleedingNose.jpg\"><img decoding=\"async\" loading=\"lazy\" class=\"wp-image-45512 size-large\" src=\"https:\/\/aeronet.cz\/news\/wp-content\/uploads\/KidBleedingNose-1024x683.jpg\" sizes=\"(max-width: 700px) 100vw, 700px\" srcset=\"https:\/\/aeronet.cz\/news\/wp-content\/uploads\/KidBleedingNose-1024x683.jpg 1024w, https:\/\/aeronet.cz\/news\/wp-content\/uploads\/KidBleedingNose-300x200.jpg 300w, https:\/\/aeronet.cz\/news\/wp-content\/uploads\/KidBleedingNose-768x512.jpg 768w, https:\/\/aeronet.cz\/news\/wp-content\/uploads\/KidBleedingNose-700x467.jpg 700w, https:\/\/aeronet.cz\/news\/wp-content\/uploads\/KidBleedingNose-536x357.jpg 536w, https:\/\/aeronet.cz\/news\/wp-content\/uploads\/KidBleedingNose-725x483.jpg 725w\" alt=\"\" width=\"700\" height=\"467\" \/><\/a><figcaption class=\"wp-caption-text\">Takhle to dopadne, kdy\u017e si d\u00edt\u011b prov\u00e1d\u00ed l\u00e9ka\u0159skou diagnostiku samo. P\u0159i strk\u00e1n\u00ed \u0161pejle do krku sice nepote\u010de krev z nosu, ale do krku<\/figcaption><\/figure>\n<p>Jak upozor\u0148uje pr\u00e1vn\u00edk, toto pr\u00e1vo je v p\u0159\u00edpad\u011b z\u00e1kladn\u00edch a st\u0159edn\u00edch \u0161kole\u00a0<strong>nepodm\u00edn\u011bn\u00e9<\/strong>, to znamen\u00e1, nelze jej ni\u010d\u00edm podmi\u0148ovat, ani testem, ani rou\u0161kou, ani respir\u00e1torem, ani vakc\u00ednou.\u00a0<strong>Pokud \u0161kola odm\u00edtne d\u00edt\u011b do budovy vpustit bez testu, dopou\u0161t\u00ed se veden\u00ed \u0161koly protipr\u00e1vn\u00edho jedn\u00e1n\u00ed v rozporu s t\u00edmto \u00fastavn\u00edm z\u00e1konem, kter\u00fd je z\u00e1konem nad\u0159azen\u00fdm v\u0161em b\u011b\u017en\u00fdm z\u00e1kon\u016fm<\/strong>, v\u0161em vl\u00e1dn\u00edm na\u0159\u00edzen\u00edm, v\u0161em vyhl\u00e1\u0161k\u00e1m a v\u0161em opat\u0159en\u00edm vl\u00e1dy i ministerstva zdravotnictv\u00ed. Ani v dob\u011b pandemie nelze omezovat platnost \u00dastavy \u010cR a jednotliv\u00e9 pil\u00ed\u0159e demokratick\u00e9ho st\u00e1tu, p\u0159i\u010dem\u017e jedn\u00edm z t\u011bchto pil\u00ed\u0159\u016f je pr\u00e1v\u011b \u00dastavn\u00ed z\u00e1kon \u010d. 2\/1993 Sb. Pr\u00e1vo na vzd\u011bl\u00e1n\u00ed v z\u00e1kladn\u00edch a st\u0159edn\u00edch \u0161kol\u00e1ch v \u010cR je \u00dastavou a \u010dl\u00e1nkem 33 Listiny zaru\u010deno bez podm\u00ednek!<\/p>\n<h6><span style=\"font-size: 12pt;\">Va\u0161e d\u00edt\u011b m\u00e1 v \u00dastav\u011b zaru\u010den\u00e9 pr\u00e1vo na vzd\u011bl\u00e1n\u00ed na z\u00e1kladn\u00ed a st\u0159edn\u00ed \u0161kole bez podm\u00ednek! Bez test\u016f, bez rou\u0161ek, bez vakc\u00edn!<\/span><\/h6>\n<p>Pr\u00e1vn\u00edk d\u00e1le doporu\u010duje n\u00e1sleduj\u00edc\u00ed kroky. Pod\u00e1n\u00ed trestn\u00edho ozn\u00e1men\u00ed na \u0161kolu, veden\u00ed \u0161koly a jej\u00edho z\u0159izovatele je pot\u0159eba podat nejl\u00e9pe s protokolem, kter\u00fd na m\u00edst\u011b sep\u00ed\u0161e Policie \u010cR s t\u00edm, \u017ee rodi\u010d pod\u00e1 prim\u00e1rn\u011b trestn\u00ed ozn\u00e1men\u00ed na osobu, kter\u00e1 konkr\u00e9tn\u011b d\u00edt\u011bti zabr\u00e1nila vstupu do \u0161koly, aktivn\u011b zabr\u00e1nila vstupu d\u00edt\u011bte do dve\u0159\u00ed \u0161koly nebo t\u0159\u00eddy. Vyhn\u011bte se n\u00e1sil\u00ed, sprost\u00fdch slov,\u00a0<strong>pouze upozorn\u011bte osobu br\u00e1n\u00edc\u00ed ve vstupu d\u00edt\u011bti do \u0161koly, \u017ee se dopou\u0161t\u00ed protipr\u00e1vn\u00edho jedn\u00e1n\u00ed v rozporu s \u00dastavn\u00edm z\u00e1konem \u010d. 2\/1993 Sb., \u010dl. 33, odstavec 2, tedy v rozporu s Listinou z\u00e1kladn\u00fdch pr\u00e1v a svobod \u010cR<\/strong>, kter\u00e1 je nad\u0159azena jako \u00fastavn\u00ed z\u00e1kon v\u0161em ni\u017e\u0161\u00edm z\u00e1kon\u016fm, jako je nap\u0159. Z\u00e1kon o ochran\u011b ve\u0159ejn\u00e9ho zdrav\u00ed nebo Krizov\u00fd z\u00e1kon.<\/p>\n<figure id=\"attachment_45297\" class=\"wp-caption aligncenter\"><a href=\"https:\/\/aeronet.cz\/news\/wp-content\/uploads\/KidTestInfra.jpg\"><img decoding=\"async\" loading=\"lazy\" class=\"wp-image-45297 size-large\" src=\"https:\/\/aeronet.cz\/news\/wp-content\/uploads\/KidTestInfra-1024x576.jpg\" sizes=\"(max-width: 700px) 100vw, 700px\" srcset=\"https:\/\/aeronet.cz\/news\/wp-content\/uploads\/KidTestInfra-1024x576.jpg 1024w, https:\/\/aeronet.cz\/news\/wp-content\/uploads\/KidTestInfra-300x169.jpg 300w, https:\/\/aeronet.cz\/news\/wp-content\/uploads\/KidTestInfra-768x432.jpg 768w, https:\/\/aeronet.cz\/news\/wp-content\/uploads\/KidTestInfra-700x394.jpg 700w, https:\/\/aeronet.cz\/news\/wp-content\/uploads\/KidTestInfra-635x357.jpg 635w, https:\/\/aeronet.cz\/news\/wp-content\/uploads\/KidTestInfra-859x483.jpg 859w, https:\/\/aeronet.cz\/news\/wp-content\/uploads\/KidTestInfra.jpg 1280w\" alt=\"\" width=\"700\" height=\"394\" \/><\/a><figcaption class=\"wp-caption-text\">Odb\u011br prov\u00e1d\u011bn\u00fd l\u00e9ka\u0159em<\/figcaption><\/figure>\n<p>Pr\u00e1vn\u00edk z\u00e1rove\u0148 k tomuto dod\u00e1v\u00e1, \u017ee ochrana zdrav\u00ed ve spole\u010dnosti a ochrana zdrav\u00ed d\u011bt\u00ed m\u00e1 sv\u016fj v\u00fdznam, ale\u00a0<strong>zp\u016fsob ochrany zdrav\u00ed nesm\u00ed ani ve stavu nouze odporovat demokratick\u00e9mu z\u0159\u00edzen\u00ed a \u00dastav\u011b.<\/strong>\u00a0Pokud nen\u00ed bezpe\u010dn\u00e9 shroma\u017e\u010fov\u00e1n\u00ed d\u011bt\u00ed ve \u0161kol\u00e1ch a ve t\u0159\u00edd\u00e1ch, a\u0165 u\u017e z jak\u00e9hokoliv d\u016fvodu, potom \u0161kola mus\u00ed zajistit jinou formu vzd\u011bl\u00e1v\u00e1n\u00ed d\u011bt\u00ed, a to vlastn\u00edm n\u00e1kladem. Nelze ale zdrav\u00ed kolektivu ve \u0161kole prosazovat t\u00edm, \u017ee nezletil\u00e9 d\u011bti na sob\u011b budou prov\u00e1d\u011bt l\u00e9ka\u0159sk\u00e9 z\u00e1kroky pochybn\u00fdmi testy z \u010c\u00edny, na kter\u00fdch je dokonce naps\u00e1no\u00a0<strong>Keep Away From Children<\/strong>, co\u017e znamen\u00e1, \u017ee testy nepat\u0159\u00ed do rukou d\u011bt\u00ed.<\/p>\n<p>\u017d\u00e1dn\u00fd soudn\u00fd rodi\u010d nedovol\u00ed v t\u00e9to situaci sv\u00e9mu d\u00edt\u011bti hazardov\u00e1n\u00ed s vlastn\u00edm zdrav\u00edm. Ov\u0161em bez ohledu na testy a v\u0161echno ostatn\u00ed plat\u00ed, \u017ee ka\u017ed\u00fd m\u00e1 pr\u00e1vo\u00a0na bezplatn\u00e9 vzd\u011bl\u00e1n\u00ed v z\u00e1kladn\u00edch a st\u0159edn\u00edch \u0161kol\u00e1ch bez jak\u00fdchkoliv podm\u00ednek. Tedy i bez test\u016f. A dokud nebude tento \u00fastavn\u00ed z\u00e1kon zm\u011bn\u011bn, do t\u00e9 doby nikdo nesm\u00ed netestovan\u00e9mu d\u00edt\u011bti br\u00e1nit ve vstupu do \u0161koly.<\/p>\n<p><strong>-VK- \u0160\u00e9fredaktor AE News<\/strong><\/p>\n<p><a href=\"https:\/\/aeronet.cz\/news\/advokatni-kancelare-zacaly-skolam-radit-ze-spejlovani-skolaku-ma-probihat-za-dozoru-policie-pokud-by-rodice-delali-problemy-tyto-utoky-proti-rodicum-deti-dovedly-pravnika-k-seznamu-dobrych-rad\/\">ZDROJ<\/a><\/p>\n<p>&nbsp;<\/p>\n","protected":false},"excerpt":{"rendered":"<p>Advok\u00e1tn\u00ed kancel\u00e1\u0159e za\u010daly \u0161kol\u00e1m radit, \u017ee \u0161pejlov\u00e1n\u00ed \u0161kol\u00e1k\u016f m\u00e1 prob\u00edhat za dozoru policie, pokud by&#8230;<\/p>\n","protected":false},"author":2,"featured_media":521,"comment_status":"closed","ping_status":"closed","sticky":false,"template":"","format":"standard","meta":[],"categories":[6],"tags":[23],"_links":{"self":[{"href":"https:\/\/www.infokuryr.cz\/n\/wp-json\/wp\/v2\/posts\/520"}],"collection":[{"href":"https:\/\/www.infokuryr.cz\/n\/wp-json\/wp\/v2\/posts"}],"about":[{"href":"https:\/\/www.infokuryr.cz\/n\/wp-json\/wp\/v2\/types\/post"}],"author":[{"embeddable":true,"href":"https:\/\/www.infokuryr.cz\/n\/wp-json\/wp\/v2\/users\/2"}],"replies":[{"embeddable":true,"href":"https:\/\/www.infokuryr.cz\/n\/wp-json\/wp\/v2\/comments?post=520"}],"version-history":[{"count":0,"href":"https:\/\/www.infokuryr.cz\/n\/wp-json\/wp\/v2\/posts\/520\/revisions"}],"wp:featuredmedia":[{"embeddable":true,"href":"https:\/\/www.infokuryr.cz\/n\/wp-json\/wp\/v2\/media\/521"}],"wp:attachment":[{"href":"https:\/\/www.infokuryr.cz\/n\/wp-json\/wp\/v2\/media?parent=520"}],"wp:term":[{"taxonomy":"category","embeddable":true,"href":"https:\/\/www.infokuryr.cz\/n\/wp-json\/wp\/v2\/categories?post=520"},{"taxonomy":"post_tag","embeddable":true,"href":"https:\/\/www.infokuryr.cz\/n\/wp-json\/wp\/v2\/tags?post=520"}],"curies":[{"name":"wp","href":"https:\/\/api.w.org\/{rel}","templated":true}]}}