{"id":51994,"date":"2024-04-20T05:32:38","date_gmt":"2024-04-20T03:32:38","guid":{"rendered":"https:\/\/www.infokuryr.cz\/n\/?p=51994"},"modified":"2024-04-20T05:32:38","modified_gmt":"2024-04-20T03:32:38","slug":"michael-svatos-dzurindova-nova-eu-politicka-nastupuje-imigracni-komedie-ve-rwande","status":"publish","type":"post","link":"https:\/\/www.infokuryr.cz\/n\/2024\/04\/20\/michael-svatos-dzurindova-nova-eu-politicka-nastupuje-imigracni-komedie-ve-rwande\/","title":{"rendered":"Michael Svato\u0161: Dzurindova nov\u00e1 EU politi\u010dka nastupuje! Imigra\u010dn\u00ed komedie ve Rwand\u011b!"},"content":{"rendered":"<div id=\"fb-root\"><\/div>\n<p><span style=\"font-size: 18pt; color: #993366;\"><strong>Dzurindova nov\u00e1 EU politi\u010dka nastupuje! Imigra\u010dn\u00ed komedie ve Rwand\u011b! 52 milion\u016f CZK za ka\u017ed\u00e9ho vr\u00e1cen\u00e9ho imigranta \u2013 \u010ce\u0161i se nedoplat\u00ed, Slov\u00e1ci jakbysmet!!<\/strong><\/span><\/p>\n<p>Tak se n\u00e1m zase d\u011bj\u00ed v b\u00fdval\u00e9m \u010cesko \u2013 Slovensku v\u011bci, nad kter\u00fdmi oby\u010dejn\u00fd \u010dlov\u011bk \u017easne!<\/p>\n<p>Dne\u0161n\u00ed anal\u00fdze je op\u011bt dlouh\u00e1, tvo\u0159il jsem j\u00ed 12 hodin nejm\u00ed\u0148, tak snad V\u00e1m k n\u011b\u010demu bude.<\/p>\n<p>6. dubna 2024 vyhl\u00e1\u0161en\u00fd \u010desk\u00fd hradn\u00ed mozek gener\u00e1l Petr Pavel<a href=\"https:\/\/www.ceskenoviny.cz\/zpravy\/2501144\">\u00a0sp\u0159\u00e1dal ve Rwand\u011b pl\u00e1ny<\/a>\u00a0s tamn\u00edm rafinovan\u00fdm prezidentem\u00a0Paulem Kagamem, jak budou zem\u011b EU, a taky \u010cesko, pos\u00edlat po vzoru Velk\u00e9 Brit\u00e1nie, necht\u011bn\u00e9 imigranty letecky do Rwandy, aby se jich zbavily. Prezident Pavel si na setk\u00e1n\u00ed liboval, \u017ee \u010cesk\u00e1 republika oce\u0148uje p\u0159\u00edstup Rwandy k mo\u017enosti poskytovat \u00fato\u010di\u0161t\u011b \u017eadatel\u016fm o azyl z evropsk\u00fdch zem\u00ed. A \u017ee zem\u011b EU i \u010cesko zva\u017euj\u00ed, \u017ee nab\u00eddky Rwandy poslat tam n\u011bjak\u00e9 imigranty vyu\u017eij\u00ed. A oba st\u00e1tn\u00edci se nad\u0161en\u011b shodli, \u017ee ve Rwand\u011b budou m\u00edt migranti d\u016fstojn\u011bj\u0161\u00ed \u017eivotn\u00ed podm\u00ednky ne\u017e v nevyhovuj\u00edc\u00edch uprchlick\u00fdch centrech v imigrac\u00ed p\u0159et\u00ed\u017een\u00fdch evropsk\u00fdch zem\u00edch.<\/p>\n<p>Gener\u00e1l Pavel tak projevil 6. dubna ve Rwand\u011b opravdu nezm\u011brnou inteligenci,\u00a0<a href=\"https:\/\/www.nao.org.uk\/wp-content\/uploads\/2024\/02\/investigation-costs-ukrwanda-partnership-summary.pdf\">proto\u017ee u\u017e 1. b\u0159ezna 2024 vydalo<\/a>\u00a0britsk\u00e9 ministerstvo vnitra, (<a href=\"https:\/\/en.wikipedia.org\/wiki\/Home_Office\">Home Office<\/a>), zpr\u00e1vu N\u00e1rodn\u00edho kontroln\u00edho \u00fa\u0159adu Velk\u00e9 Brit\u00e1nie, (<a href=\"https:\/\/en.wikipedia.org\/wiki\/National_Audit_Office_(United_Kingdom)\">NAO<\/a>), a v n\u00ed se p\u00ed\u0161e, \u017ee n\u00e1klady na jednoho ka\u017ed\u00e9ho p\u0159em\u00edst\u011bn\u00e9ho imigranta do Rwandy budou \u010dinit a\u017e 228 000 GBP = 6 680 400 CZK!! Je tak naprostou z\u00e1hadou, co d\u011bl\u00e1 Hradn\u00ed kancel\u00e1\u0159 a Lipavsk\u00e9ho ministerstvo zahrani\u010d\u00ed, \u017ee nejsou schopni prezidenta \u010cR upozornit na skute\u010dnost, \u017ee ob\u010dany \u010cR postihne\u00a0<a href=\"https:\/\/kdojeto.superia.cz\/hanlive\/rapl.php\">rapl<\/a>, (nekontrolovateln\u00fd z\u00e1chvat vzteku), a\u017e se dozv\u011bd\u00ed, jak velk\u00e9 v\u00fdpaln\u00e9 za ka\u017ed\u00e9ho do Rwandy odsunut\u00e9ho imigranta budou platit, kdy\u017e u\u017e i ve Velk\u00e9 Brit\u00e1nii se boj\u00ed, \u017ee tamn\u00ed ob\u010dany z t\u00e9 sumy \u0161lehne!!<\/p>\n<div id=\"attachment_10258\" class=\"wp-caption aligncenter\" style=\"width: 830px;\"><img decoding=\"async\" loading=\"lazy\" class=\" wp-image-10258\" src=\"https:\/\/www.michalapetr.com\/wp-content\/uploads\/2024\/04\/mbwiza.png\" sizes=\"(max-width: 847px) 100vw, 847px\" srcset=\"https:\/\/www.michalapetr.com\/wp-content\/uploads\/2024\/04\/mbwiza.png 847w, https:\/\/www.michalapetr.com\/wp-content\/uploads\/2024\/04\/mbwiza-300x174.png 300w, https:\/\/www.michalapetr.com\/wp-content\/uploads\/2024\/04\/mbwiza-768x445.png 768w, https:\/\/www.michalapetr.com\/wp-content\/uploads\/2024\/04\/mbwiza-845x491.png 845w, https:\/\/www.michalapetr.com\/wp-content\/uploads\/2024\/04\/mbwiza-705x409.png 705w, https:\/\/www.michalapetr.com\/wp-content\/uploads\/2024\/04\/mbwiza-450x261.png 450w\" alt=\"\" width=\"830\" height=\"481\" aria-describedby=\"caption-attachment-10258\" \/><\/p>\n<p id=\"caption-attachment-10258\" class=\"wp-caption-text\">Vzorov\u00e9 dome\u010dky ve Rwand\u011b, do kter\u00fdch EU pl\u00e1nuje p\u0159esunout necht\u011bn\u00e9 imigranty! Maj\u00ed dokonce vysokorychlostn\u00ed p\u0159ipojen\u00ed na internet optick\u00fdm kabelem,\u00a0 a jsou stav\u011bny z plateb za ka\u017ed\u00e9ho p\u0159esunut\u00e9ho imigranta ve v\u00fd\u0161i 6.6 milionu CZK za jednu hlavu!<\/p>\n<\/div>\n<p>Jen, co chytr\u00fd \u010desk\u00fd Pavel z Rwandy odlet\u011bl na sv\u016fj Pra\u017esk\u00fd hrad, v Brit\u00e1nii za\u010dali politici \u0161\u00edlet! Vyplatili toti\u017e mazan\u00e9mu rwandsk\u00e9mu prezidentovi Kagame tu\u010dn\u00e9 z\u00e1lohy ve v\u00fd\u0161i okolo 0.5 miliardy GBP, (15 miliard CZK), aby ve Rwand\u011b postavil kr\u00e1sn\u00e9 nov\u00e9 s\u00eddli\u0161t\u011b pro deportovan\u00e9 imigranty, a\u00a0<a href=\"https:\/\/uk.news.yahoo.com\/homes-asylum-seekers-deported-rwanda-085341540.html\">9. dubna prasklo, \u017ee 70% t\u011bchto pro imigranty ur\u010den\u00fdch dom\u016f u\u017e rwandsk\u00e1 vl\u00e1da prodala m\u00edstn\u00edm ob\u010dan\u016fm<\/a>! Domy pr\u00fd \u0161ly ve Rwand\u011b na dra\u010dku, proto\u017ee byly za hubi\u010dku, a proto\u017ee byly stav\u011bny luxusn\u011b, ke ka\u017ed\u00e9mu dome\u010dku vede podle po\u017eadavk\u016f Brit\u00e1nie osv\u011btlen\u00e1 asfaltov\u00e1 cesta, je vybaven p\u0159ipojen\u00edm na vysokorychlostn\u00ed internet pomoc\u00ed vlastn\u00edho optick\u00e9ho kabelu, a je do n\u011bj zavedena, jak voda, tak elekt\u0159ina. Luxus jak\u00fd nem\u00e1 v\u011bt\u0161ina ob\u010dan\u016f Brit\u00e1nie! Mluv\u010d\u00ed rwandsk\u00e9 vl\u00e1dy rozzu\u0159en\u00fdm britsk\u00fdm politik\u016fm vzk\u00e1zala, \u017ee Rwanda nen\u00ed tak po\u0161etil\u00e1, aby na sv\u00e9m \u00fazem\u00ed vytv\u00e1\u0159ela emigrantsk\u00e1 ghetta po evropsk\u00e9m vzoru, a \u017ee do zbytk\u016f neprodan\u00fdch dome\u010dk\u016f m\u016f\u017eou n\u011bjak\u00e9 ty imigranty poslat, kdy\u017e za n\u011b zaplat\u00ed v\u0161echny nasmlouvan\u00e9 platby!<\/p>\n<div id=\"attachment_10261\" class=\"wp-caption aligncenter\" style=\"width: 884px;\"><img decoding=\"async\" loading=\"lazy\" class=\" wp-image-10261\" src=\"https:\/\/www.michalapetr.com\/wp-content\/uploads\/2024\/04\/WhatsApp-Image-2023-03-18-at-12.05.46-1.png\" sizes=\"(max-width: 1600px) 100vw, 1600px\" srcset=\"https:\/\/www.michalapetr.com\/wp-content\/uploads\/2024\/04\/WhatsApp-Image-2023-03-18-at-12.05.46-1.png 1600w, https:\/\/www.michalapetr.com\/wp-content\/uploads\/2024\/04\/WhatsApp-Image-2023-03-18-at-12.05.46-1-300x200.png 300w, https:\/\/www.michalapetr.com\/wp-content\/uploads\/2024\/04\/WhatsApp-Image-2023-03-18-at-12.05.46-1-1030x686.png 1030w, https:\/\/www.michalapetr.com\/wp-content\/uploads\/2024\/04\/WhatsApp-Image-2023-03-18-at-12.05.46-1-768x512.png 768w, https:\/\/www.michalapetr.com\/wp-content\/uploads\/2024\/04\/WhatsApp-Image-2023-03-18-at-12.05.46-1-1536x1023.png 1536w, https:\/\/www.michalapetr.com\/wp-content\/uploads\/2024\/04\/WhatsApp-Image-2023-03-18-at-12.05.46-1-1500x999.png 1500w, https:\/\/www.michalapetr.com\/wp-content\/uploads\/2024\/04\/WhatsApp-Image-2023-03-18-at-12.05.46-1-705x470.png 705w, https:\/\/www.michalapetr.com\/wp-content\/uploads\/2024\/04\/WhatsApp-Image-2023-03-18-at-12.05.46-1-450x300.png 450w\" alt=\"\" width=\"884\" height=\"589\" aria-describedby=\"caption-attachment-10261\" \/><\/p>\n<p id=\"caption-attachment-10261\" class=\"wp-caption-text\">Dome\u010dky pro imigranty pl\u00e1novan\u00e9 k odsunu z Brit\u00e1nie do Rwandy se za\u010daly stav\u011bt za\u010d\u00e1tkem roku 2023 na popud tehdej\u0161\u00ed ministryn\u011b vnitra Brawermanov\u00e9. Domy se sice postavily, ale Evropsk\u00fd soud pro lidsk\u00e1 pr\u00e1va zak\u00e1zal Brit\u00e1nii do nich imigranty odsunovat!\u00a0<a href=\"https:\/\/www.michalapetr.com\/map-1957-londyn-tvrde-uderil-na-brusel-bud-vase-soudy-prestanou-okamzite-podporovat-imigraci-a-nebo-uvidite-francie-vzteky-bez-sebe-kdo-neni-imigrant-nedostane-socialni-byt-63-imigrantu-tam-uz\/\">Premi\u00e9r Sunak sice za\u010dal vyhro\u017eovat, \u017ee Brit\u00e1nie opust\u00ed jurisdikci ESLP, ale to je na dlouh\u00e9 lokty<\/a>.<\/p>\n<\/div>\n<p>Do boje proti pl\u00e1nu odsunovat uprchl\u00edky z Evropy a Brit\u00e1nie do Rwandy se mezit\u00edm pustila organizace ECRE,\u00a0<a href=\"https:\/\/ecre.org\/finance\/\">kter\u00e1 je financovan\u00e1 EU<\/a>! Jmenovit\u011b EUAA \u2013\u00a0<a href=\"https:\/\/euaa.europa.eu\/\">Agenturou Evropsk\u00e9 Unie pro Azyl<\/a>! \u010cleny\u00a0<a href=\"https:\/\/ecre.org\/members\/\">ECRE\u00a0 jsou<\/a>: za \u010cR\u00a0<a href=\"https:\/\/afghanlgbt.com\/cz\/\">Afgan LGBTQ Organization<\/a>, a\u00a0<a href=\"https:\/\/www.opu.cz\/\">OPU<\/a>, za SR pak Human Rights Leaque, podporovan\u00e1 ministerstvem zahrani\u010d\u00ed SR, a Ko\u0161ick\u00fdm hejtmanem. 19. dubna 2024 ozn\u00e1mila organizace ECRE, \u017ee\u00a0<a href=\"https:\/\/ecre.org\/uk-rwanda-bill-approaches-finishing-line-as-implementation-obstacles-continue-to-grow-%E2%80%95-government-looking-to-negotiate-migration-deals-with-other-countries-%E2%80%95-ngos-planning-p\/\">r\u016fzn\u00e9 skupiny pom\u00e1haj\u00edc\u00ed uprchl\u00edk\u016fm nenechaj\u00ed k\u00e1men na kameni<\/a>, a nab\u00eddnou deportovan\u00fdm uprchl\u00edk\u016fm sv\u00e9 slu\u017eby, aby z\u00edskali pr\u00e1vn\u00ed ochranu a nemohli tak b\u00fdt deportov\u00e1ni. Podle ECRE chystaj\u00ed vl\u00e1dy deportovat uprchl\u00edky za \u00faplatu tak\u00e9 do Arm\u00e9nie, Kostariky a Botswany. Naopak Maroko a Tunis deportace na sv\u00e9 \u00fazem\u00ed za \u00faplatu d\u016frazn\u011b odm\u00edtly.\u00a0<a href=\"https:\/\/ecre.org\/uk-record-number-of-asylum-requests-granted-but-huge-backlogs-remain-and-channel-crossings-and-deaths-continue-%e2%80%95-demands-for-enquiries-into-maritime-search-and-rescue-responses-and-treatment\/\">Podle v\u00fdpo\u010dt\u016f odborn\u00edk\u016f ECRE<\/a>\u00a0i Britsk\u00e9 vl\u00e1dy bude st\u00e1t p\u0159esun jednoho uprchl\u00edka na v\u00fd\u017eivu do Rwandy se v\u0161emi n\u00e1klady v\u010detn\u011b soudn\u00edch poplatk\u016f a administrativy, ubytov\u00e1n\u00ed a v\u00fd\u017eivy\u00a0<a href=\"https:\/\/www.theguardian.com\/uk-news\/2024\/mar\/01\/rwanda-plan-uk-asylum-seeker-cost-figures\">dokonce 1.8 milionu GBP<\/a>\u00a0(52 740 000 CZK!)! Do t\u00e9to kone\u010dn\u00e9 ceny ov\u0161em nejsou zapo\u010d\u00edt\u00e1ny v\u00fddaje EU, kter\u00e1 financuje nadace ECRE bojuj\u00edc\u00ed proti odsunu imigrant\u016f z EU!!!! Bl\u00e1zinec, \u017ee !?<\/p>\n<div id=\"attachment_10264\" class=\"wp-caption aligncenter\" style=\"width: 671px;\"><img decoding=\"async\" loading=\"lazy\" class=\" wp-image-10264\" src=\"https:\/\/www.michalapetr.com\/wp-content\/uploads\/2024\/04\/FvRMB2pX0AAaNbz.jpg\" sizes=\"(max-width: 680px) 100vw, 680px\" srcset=\"https:\/\/www.michalapetr.com\/wp-content\/uploads\/2024\/04\/FvRMB2pX0AAaNbz.jpg 680w, https:\/\/www.michalapetr.com\/wp-content\/uploads\/2024\/04\/FvRMB2pX0AAaNbz-300x300.jpg 300w, https:\/\/www.michalapetr.com\/wp-content\/uploads\/2024\/04\/FvRMB2pX0AAaNbz-80x80.jpg 80w, https:\/\/www.michalapetr.com\/wp-content\/uploads\/2024\/04\/FvRMB2pX0AAaNbz-36x36.jpg 36w, https:\/\/www.michalapetr.com\/wp-content\/uploads\/2024\/04\/FvRMB2pX0AAaNbz-180x180.jpg 180w, https:\/\/www.michalapetr.com\/wp-content\/uploads\/2024\/04\/FvRMB2pX0AAaNbz-120x120.jpg 120w, https:\/\/www.michalapetr.com\/wp-content\/uploads\/2024\/04\/FvRMB2pX0AAaNbz-450x450.jpg 450w\" alt=\"\" width=\"671\" height=\"671\" aria-describedby=\"caption-attachment-10264\" \/><\/p>\n<p id=\"caption-attachment-10264\" class=\"wp-caption-text\"><a href=\"https:\/\/twitter.com\/Vit_Rakusan\/status\/1654053249639673856?ref_src=twsrc%5Etfw%7Ctwcamp%5Etweetembed%7Ctwterm%5E1654053249639673856%7Ctwgr%5Ef985644128e2e8df9ec729ca97b207f291f862d6%7Ctwcon%5Es1_&amp;ref_url=https%3A%2F%2Fdenikreferendum.cz%2Fclanek%2F35216-na-tricku-havel-a-kagame-ministr-rakusan-podporuje-represivni-rezim-ve-rwande\">Raku\u0161an si v roce 2023 na n\u00e1v\u0161t\u011bv\u011b u rwandsk\u00e9ho dikt\u00e1tora Kageme liboval<\/a>, \u017ee s n\u00edm budeme spolupracovat v ot\u00e1zk\u00e1ch prevence imigrace. Tak abychom se zase nedivili, co to zase Raku\u0161an vymyslel, a kolik to bude st\u00e1t.<\/p>\n<\/div>\n<p>Ov\u0161em dejte si pozor Raku\u0161ana \u2013 osoba zodpov\u011bdn\u00e1 za tzv.\u00a0<a href=\"https:\/\/www.michalapetr.com\/map-1755-nemecko-se-vcera-zacalo-domahat-naplneni-floskuli-rakusanova-paktu-o-prerozdelovani-imigrantu-cesi-a-slovaci-se-tak-uz-muzou-tesit-na-nove-sousedy\/\">Raku\u0161an\u016fv imigra\u010dn\u00ed pakt<\/a>, kter\u00fdm EU m\u016f\u017ee do \u010cR nad\u011blovat imigranty a inkasovat, v p\u0159\u00edpad\u011b odm\u00edtnut\u00ed je p\u0159evz\u00edt, tu\u010dn\u00e9 pen\u00e1le, se osobn\u011b setkal s mazan\u00fdm rwandsk\u00fdm prezidentem Kageme, a\u00a0<a href=\"https:\/\/denikreferendum.cz\/clanek\/35216-na-tricku-havel-a-kagame-ministr-rakusan-podporuje-represivni-rezim-ve-rwande\">liboval si, \u017ee \u010cR bude s Rwandou spolupracovat v oblasti prevence migrace<\/a>\u00a0\u2013 Zda to znamen\u00e1, \u017ee Fialova vl\u00e1da m\u00e1 tak\u00e9 v pl\u00e1nu vypl\u00e1cet Rwand\u011b za jednoho odeslan\u00e9ho imigranta 52 milion\u016f je nejist\u00e9, le\u010d abychom se brzy nedivili! D\u011bj\u00ed se toti\u017e je\u0161t\u011b divn\u011bj\u0161\u00ed v\u011bci!!!!<\/p>\n<p>Podle jednoho \u010desk\u00e9ho vlasteneck\u00e9ho m\u00e9dia, v\u010dera Jind\u0159ich Rajchl nep\u0159\u00edmo obvinil kandid\u00e1ta tzv. \u0160lachtovy koalice do Europarlamentu motoristu Turka, \u017ee se spojil s Raku\u0161anem na rozbit\u00ed vlasteneck\u00e9 opozice! (<a href=\"https:\/\/www.infokuryr.cz\/n\/2024\/04\/19\/kdo-ty-podrazy-v-opozici-vytvari-dukaz-dalsi-u-xavera-s-fialou\/\">Podrobn\u011b zde<\/a>.) A to je velmi zaj\u00edmav\u00e9,\u00a0 proto\u017ee dvojkou na \u0160lachtov\u011b kandid\u00e1tce je velmi tajemn\u00e1 bytost Nikola Bart\u016f\u0161ek \u2013\u00a0<a href=\"https:\/\/www.idnes.cz\/zpravy\/domaci\/prisaha-slachta-motoriste-sobe-senat.A240129_122106_domaci_vlc\">l\u00eddryn\u011b P\u0159\u00edsahy v koalici s Motoristy sob\u011b<\/a>! Tato pan\u00ed m\u00e1 n\u011bkolik z\u00e1kladn\u00edch podivnost\u00ed, kter\u00e9 by m\u011bly v\u0161echny vlasteneck\u00e9 a protiimigra\u010dn\u00ed voli\u010de varovat!<\/p>\n<ol>\n<li><a class=\"mfp-iframe lightbox-added\" href=\"https:\/\/www.youtube.com\/watch?v=OFLKQ5u1PE8&amp;t=238s\">Dne 19.12.2023 p\u0159iznala pan\u00ed Bobo\u0161\u00edkov\u00e9, \u017ee po zvolen\u00ed do Europarlamentu m\u00e1 v \u00famyslu vstoupit do frakce EPP<\/a>, jej\u00ed\u017e \u0161edou eminenc\u00ed je mocn\u00fd slovensk\u00fd politik Mikul\u00e1\u0161 Dzurinda, stoj\u00edc\u00ed v \u010dele je\u0161t\u011b mocn\u011bj\u0161\u00ed Bruselem dotovan\u00e9 neziskovky Centra Wilfrieda Martense, kter\u00e9 podporuje v\u00e1lku na Ukrajin\u011b, a kter\u00e9 hodl\u00e1 prosadit,\u00a0<a href=\"https:\/\/www.michalapetr.com\/map-1579-a-je-to-tady-astronomicky-dluh-ukrajiny-budou-muset-platit-cesi-a-slovaci-tzv-dzurinduv-plan-oznamen-v-bruselu\/\">aby zem\u011b EU platily za Ukrajinu jej\u00ed astronomick\u00e9 dluhy<\/a>. EPP, do kter\u00e9 hodl\u00e1 \u201cantiimigra\u010dn\u00ed vlasteneck\u00e1 strana P\u0159\u00edsaha\u201d vstoupit,\u00a0<a href=\"https:\/\/www.eppgroup.eu\/cs\/zpravodajstvi\/evropa-znovu-ziska-kontrolu-nad-svymi-vnejsimi-hranicemi\">dne 10. dubna 2024 ve\u0159ejn\u011b p\u0159iv\u00edtala schv\u00e1len\u00ed tzv. Raku\u0161anova imigra\u010dn\u00edho paktu<\/a>, a pochlubila se, \u017ee to byli jej\u00ed poslanci Thomas Tob\u00e9 a Jeroen Lenaer, kte\u0159\u00ed sehr\u00e1li rozhoduj\u00edc\u00ed \u00falohu p\u0159i prosazen\u00ed tzv. Raku\u0161anova imigra\u010dn\u00edho paktu v Evropsk\u00e9m parlamentu!! A \u017ee cel\u00fd pakt byl schv\u00e1len pr\u00e1v\u011b d\u00edky hlas\u016fm EPP. \u010cleny EPP jsou za \u010cR \u2013 TOP-09 a KD\u00da-\u010cSL!!!<\/li>\n<li>Dne 19.12.2023 pan\u00ed Bart\u016f\u0161ek, kter\u00e1 se vyd\u00e1v\u00e1 za vzd\u011blanou migra\u010dn\u00ed sociolo\u017eku tvrdila (<a class=\"mfp-iframe lightbox-added\" href=\"https:\/\/www.youtube.com\/watch?v=OFLKQ5u1PE8&amp;t=238s\">zde v \u010dase 21:00 ++<\/a>) absolutn\u00ed nesmysly o leg\u00e1ln\u00edch a neleg\u00e1ln\u00edch imigrantech do EU. Kdyby u jak\u00e9koli zkou\u0161ky na vysok\u00e9 \u0161kole tvrdila, \u017ee leg\u00e1ln\u00ed imigrant je pouze ten, kter\u00fd leg\u00e1ln\u011b p\u0159ijde na \u00fazem\u00ed EU, projde procesem kontroly a z\u00edsk\u00e1 pracovn\u00ed v\u00edzum, a neleg\u00e1ln\u00ed imigrant je pouze ten, kter\u00fd neleg\u00e1ln\u011b p\u0159ekro\u010d\u00ed hranice EU, tak ji vyraz\u00ed ze zkou\u0161ky na m\u00edst\u011b,\u00a0<em><a href=\"https:\/\/emergency.unhcr.org\/protection\/legal-framework\/refugee-definition\">proto\u017ee z\u00e1vazn\u00e1 pr\u00e1vn\u00ed definice leg\u00e1ln\u00edho migranta je deklarativn\u00ed<\/a>, tj. \u010dlov\u011bk je podle pr\u00e1va platn\u00e9ho v cel\u00e9 EU uprchl\u00edkem, jakmile spln\u00ed krit\u00e9ria obsa\u017een\u00e1 v definici uprchl\u00edka. Imigrant je tak automaticky uprchl\u00edkem, i kdy\u017e p\u0159ekro\u010d\u00ed hranice ileg\u00e1ln\u011b, dokud mu soud nedok\u00e1\u017ee, \u017ee uprchl\u00edkem nen\u00ed, proto\u017ee nespl\u0148uje podm\u00ednky! Prakticky jedinou podm\u00ednkou, kterou mus\u00ed imigrant splnit, aby se stal uprchl\u00edkem, a musel mu b\u00fdt poskytnut azyl a ochrana v EU, je aby utekl ze zem\u011b, kde se v\u00e1l\u010d\u00ed, kde se hrub\u011b nerespektuj\u00ed lidsk\u00e1 pr\u00e1va, a kde mu hroz\u00ed mu\u010den\u00ed, v\u011bzen\u00ed a nebo smrt z d\u016fvod\u016f jeho politick\u00e9ho p\u0159esv\u011bd\u010den\u00ed, rasy, n\u00e1bo\u017eenstv\u00ed a nebo p\u0159\u00edslu\u0161nosti k n\u011bjak\u00e9 men\u0161in\u011b, t\u0159eba sexu\u00e1ln\u00ed!\u00a0<\/em>Jeliko\u017e vysoko\u0161kolsky vzd\u011blan\u00e1 odbornice na imigraci do EU nezn\u00e1 ani z\u00e1kladn\u00ed pr\u00e1vn\u00ed kvalifikaci, d\u00edky kter\u00e9 se ka\u017ed\u00fd imigrant po p\u0159ekro\u010den\u00ed hranice EU jak\u00fdmkoli leg\u00e1ln\u00edm a nebo neleg\u00e1ln\u00edm zp\u016fsobem ihned st\u00e1v\u00e1 uprchl\u00edkem. Je jasn\u00e9, \u017ee Bart\u016f\u0161ek se \u0160lachtou nemohou ani proti imigraci nic \u00fa\u010dinn\u00e9ho podniknout, proto\u017ee jejich ryze policajtsk\u00e9 n\u00e1pady, jak imigraci zastavit pot\u00edr\u00e1n\u00edm pa\u0161er\u00e1k\u016f jsou absolutn\u011b k ni\u010demu. (Pozn\u00e1mka \u2013 britsk\u00fd premi\u00e9r Rishi Sunak proto uva\u017euje o vypov\u011bzen\u00ed Evropsk\u00e9 \u00famluvy o lidsk\u00fdch pr\u00e1vech, proto\u017ee bez tohoto kroku lze vyho\u0161\u0165ovat jen miziv\u00e9 1% neleg\u00e1ln\u00edch imigrant\u016f). Pan\u00ed, kter\u00e1 nezn\u00e1 ani pr\u00e1vn\u00ed definice, kter\u00e9 zabra\u0148uj\u00ed vyho\u0161\u0165ovat imigranty, nem\u016f\u017ee z principu bojovat proti imigrant\u016fm!!<\/li>\n<li>S chut\u00ed jsem si letmo prostudoval dostupn\u00e9 diplomov\u00e9 pr\u00e1ce pan\u00ed Bart\u016f\u0161ek ve finsk\u00e9m Tampere (<a href=\"https:\/\/trepo.tuni.fi\/bitstream\/handle\/10024\/123589\/BartusekNikola.pdf?sequence=2&amp;isAllowed=y\">zde<\/a>) a rakousk\u00e9m Linz (<a href=\"https:\/\/epub.jku.at\/obvulihs\/download\/pdf\/6212590?originalFilename=true\">zde<\/a>), a pon\u011bkud jsem se podivil. Ob\u011b pr\u00e1ce jsou z\u0159ejm\u011b toto\u017en\u00e9 \u2013 jedna je podepsan\u00e1 v roce 2020, a druh\u00e1 podepsan\u00e1 v roce 2021. Ob\u011b z\u0159ejm\u011b \u00fapln\u011b toto\u017en\u00e9 pr\u00e1ce nejsou zam\u011b\u0159eny na imigraci, ale pouze na komparaci rodinn\u00e9 politiky v \u010cR a v Rakousku, nicm\u00e9n\u011b ob\u011b obsahuj\u00ed shodnou tezi \u2013 \u201c<em>p\u0159edstavuje migraci jako \u0159e\u0161en\u00ed nov\u00fdch soci\u00e1ln\u00edch rizik st\u00e1rnut\u00ed spole\u010dnosti\u201d<\/em>\u00a0\u2013 presents migration as a solution to the New Social Risks of social aging. (Viz kapitola 6.5.1 obou prac\u00ed.) Ob\u011b pr\u00e1ce jsou de facto pouze re\u0161er\u0161emi r\u016fzn\u00fdch dokument\u016f a postr\u00e1daj\u00ed podle mn\u011b jakoukoli analytickou \u010d\u00e1st \u010di n\u011bjak\u00e9 v\u00fdrazn\u00e9 hodnocen\u00ed v\u00fdznamu jednotliv\u00fdch typ\u016f rodinn\u00fdch politik. Pom\u011brn\u011b se div\u00edm, \u017ee takto ploch\u00e1 pr\u00e1ce mohla v\u016fbec \u00fasp\u011b\u0161n\u011b proj\u00edt z\u00e1v\u011bre\u010dn\u00fdm hodnocen\u00edm v oboru sociologie. Z\u0159ejm\u011b nen\u00ed n\u00e1hodou, \u017ee p\u0159i konfrontaci s ost\u0159\u00edlenou novin\u00e1\u0159skou Bobo\u0161\u00edkovou nebyla pan\u00ed Bart\u016f\u0161ek schopn\u00e1 vyslovit \u017e\u00e1dnou konkr\u00e9tn\u00ed my\u0161lenku, co by v parlamentu EU vlastn\u011b d\u011blala, krom\u011b papou\u0161kov\u00e1n\u00ed obecn\u00fdch tez\u00ed.<\/li>\n<li>Velmi zvl\u00e1\u0161tn\u00ed je pr\u00e1ce pan\u00ed\u00a0<a href=\"https:\/\/www.facebook.com\/permalink.php?story_fbid=pfbid0p2D9mBaSQTmZTKtwDfVizYY3kCWmcpgXkHwMmn3HJmRs6morPbcmwPbDebpZXRPil&amp;id=61550562554204\">Bart\u016f\u0161kov\u00e9 v organizaci Volkshilfe Osterreich<\/a>, ta na sv\u00fdch str\u00e1nk\u00e1ch\u00a0<a href=\"https:\/\/www.volkshilfe-ooe.at\/en\/\">deklaruje jako kostru sv\u00e9 \u010dinnosti<\/a>\u00a0pomoc uprchl\u00edk\u016fm a imigrant\u016fm, a podporu tzv. diversity. Podle vlastn\u00edho tvrzen\u00ed na FB pan\u00ed Bart\u016f\u0161ek u t\u00e9to organizace pracovala jako sociolo\u017eka specializovan\u00e1 na migraci. V<a class=\"mfp-iframe lightbox-added\" href=\"https:\/\/www.youtube.com\/watch?v=OFLKQ5u1PE8&amp;t=238s\">\u00a0rozhovoru s Bobo\u0161\u00edkovou ov\u0161em o tomto t\u00e9matu zna\u010dn\u011b ml\u017eila<\/a>, a hovo\u0159ila pouze o tom, \u017ee u\u010d\u00ed n\u011bm\u010dinu a prov\u00e1d\u00ed rekvalifikace. Ze v\u0161eho se tak zd\u00e1, \u017ee\u00a0<a href=\"https:\/\/www.epochtimes.cz\/2023\/12\/06\/prisaha-predstavila-svoji-jednicku-do-europarlamentu-zamerenou-proti-nelegalni-migraci\/\">\u017e\u00e1dnou expertkou na imigraci ani b\u00fdt nem\u016f\u017ee<\/a>, kdy\u017e nezn\u00e1 ani pr\u00e1vn\u011b z\u00e1vaznou definici imigranta, kter\u00fd se okam\u017eit\u011b po dotknut\u00ed p\u016fdy EU st\u00e1v\u00e1 ze z\u00e1kon\u016f a smluv uprchl\u00edkem, dokud nen\u00ed dok\u00e1z\u00e1n opak. Co chce pan\u00ed Bart\u016f\u0161ek v p\u0159\u00edpad\u011b zvolen\u00ed za \u00fadajn\u011b \u201cvlasteneck\u00e9 hnut\u00ed\u201d P\u0159\u00edsaha d\u011blat v Europarlamentu, absolutn\u011b nech\u00e1pu. \u017dv\u00e1stal\u016f pov\u0161echn\u00fdch hesel je tam u\u017e te\u010f dost, a chce to m\u00edsto nich volit pouze zku\u0161en\u00e9 odborn\u00edky!!!!<\/li>\n<\/ol>\n<p><a href=\"https:\/\/stranapro.cz\/\"><img decoding=\"async\" loading=\"lazy\" class=\"alignnone  wp-image-40285 aligncenter\" src=\"http:\/\/www.infokuryr.cz\/n\/wp-content\/uploads\/2023\/11\/11pro-300x79.png\" alt=\"\" width=\"703\" height=\"185\" srcset=\"https:\/\/www.infokuryr.cz\/n\/wp-content\/uploads\/2023\/11\/11pro-300x79.png 300w, https:\/\/www.infokuryr.cz\/n\/wp-content\/uploads\/2023\/11\/11pro.png 363w\" sizes=\"(max-width: 703px) 100vw, 703px\" \/><\/a><\/p>\n<p>Pro \u00faplnost hlavn\u00ed zn\u00e1m\u00e9\u00a0<a href=\"https:\/\/www.parlamentnilisty.cz\/politika\/politici-volicum\/Bartusek-Prisaha-Sedm-tisic-za-kazdy-prechod-hranice-a-15-5-milionu-pro-prevadece-744967\">\u0160lachtovy protiimigra\u010dn\u00ed teze (na odkaze tak\u00e9 foto pan\u00ed Bart\u016f\u0161ek)<\/a><\/p>\n<ol>\n<li>V boji proti p\u0159evad\u011b\u010dstv\u00ed mus\u00edme sjednotit evropskou legislativu, t\u00fdkaj\u00edc\u00ed se migrace. Pokud maj\u00ed evropsk\u00e9 zem\u011b r\u016fzn\u00e9 migra\u010dn\u00ed z\u00e1kony, je to slab\u00e9 m\u00edsto, kter\u00e9ho pa\u0161er\u00e1ci vyu\u017e\u00edvaj\u00ed.<\/li>\n<li>Mus\u00edme sjednotit v\u00edzovou politiku zem\u00ed z\u00e1padn\u00edho Balk\u00e1nu s \u010dlensk\u00fdmi st\u00e1ty EU.<\/li>\n<li>Drasticky zv\u00fd\u0161\u00edme tresty pro p\u0159evad\u011b\u010de, a to na celoevropsk\u00e9 \u00farovni. Vy\u0161\u0161\u00ed tresty budou nejen pro organiz\u00e1tory, ale i pro \u0159idi\u010de a koncov\u00e9 p\u0159evad\u011b\u010de, kte\u0159\u00ed migranty po Evrop\u011b p\u0159ev\u00e1\u017eej\u00ed.<\/li>\n<li>D\u016fle\u017eit\u00e1 je i rychl\u00e1 reakce a spolupr\u00e1ce mezi evropsk\u00fdmi zem\u011bmi, kter\u00e1 pom\u016f\u017ee zabr\u00e1nit \u0161\u00ed\u0159en\u00ed p\u0159evad\u011b\u010dstv\u00ed.<\/li>\n<\/ol>\n<p>Nutno k nim ov\u0161em dodat, \u017ee ani jedna probl\u00e9m imigrace ne\u0159e\u0161\u00ed, proto\u017ee dokud bude v EU platit sou\u010dasn\u00e1 z\u00e1vazn\u00e1 definice imigranta-uprchl\u00edka, existuje pouze mo\u017enost, podstoupit drah\u00fd soudn\u00ed proces proti neziskovk\u00e1m zastupuj\u00edc\u00edm za pen\u00edze EU ka\u017ed\u00e9ho jednotliv\u00e9ho imigranta, a v p\u0159\u00edpad\u011b v\u00edt\u011bzstv\u00ed, kter\u00e9 nast\u00e1v\u00e1 z\u0159\u00eddka, odsunout imigranta do bezpe\u010dn\u00e9 t\u0159et\u00ed zem\u011b jako je Rwanda s n\u00e1klady cel\u00e9 operace a\u017e 52 milion\u016f CZK na jednoho imigranta! \u0160lachtovy policejn\u00ed praktiky cel\u00fd syst\u00e9m nav\u00edc dodate\u010dn\u011b zat\u00ed\u017e\u00ed za platy dal\u0161\u00edm policist\u016fm, soudc\u016fm, advok\u00e1t\u016fm a v\u011bze\u0148sk\u00fdm dozorc\u016fm, kte\u0159\u00ed budou \u0159e\u0161it p\u0159\u00edpady zadr\u017een\u00fdch pa\u0161er\u00e1k\u016f. Sjednocen\u00ed v\u00edzov\u00e9 povinnosti je taky k ni\u010demu, proto\u017ee podle sou\u010dasn\u00e9ho pr\u00e1va \u2013 opakuji \u2013 je ka\u017ed\u00fd neleg\u00e1ln\u00ed imigrant okam\u017eit\u011b uprchl\u00edkem jakmile jakkoli vstoup\u00ed na \u00fazem\u00ed EU!!! A nelze se ho prakticky, a\u017e na mal\u00e9 v\u00fdjimky zbavit. Suella Brawerman i Rishi Sunak jsou jin\u010d\u00ed kapacity ne\u017e \u0160lachta a pan\u00ed Bart\u016f\u0161ek, jejich cesta jak zabr\u00e1nit imigraci do Brit\u00e1nie je promy\u0161len\u00e1, ale drah\u00e1. Ov\u0161em ani jednoho z nich by nenapadlo vstupovat do proimigra\u010dn\u00ed EPP!<\/p>\n<p>Z\u00e1v\u011bre\u010dnou odpov\u011b\u010f na ot\u00e1zku pro koho pracuje \u0160lachtova P\u0159\u00edsaha nech\u00e1m na V\u00e1s, pokud m\u00e1te zn\u00e1m\u00e9 Slov\u00e1ky, zeptejte se jich, co si mysl\u00ed o Mikul\u00e1\u0161i Dzurindovi, do jeho\u017e EPP hodl\u00e1 p\u0159\u00edsaha po zvolen\u00ed do Europarlamentu vstoupit!<\/p>\n<p><a href=\"https:\/\/www.michalapetr.com\/map-1970-dzurindova-nova-eu-politicka-nastupuje-imigracni-komedie-ve-rwande-52-milionu-czk-za-kazdeho-vraceneho-imigranta-cesi-se-nedoplati-slovaci-jakbysmet\/\">Michael Svato\u0161<\/a><\/p>\n<p><img decoding=\"async\" loading=\"lazy\" class=\"alignnone size-full wp-image-27204\" src=\"http:\/\/www.infokuryr.cz\/n\/wp-content\/uploads\/2023\/05\/Michael_Svatos.png\" alt=\"\" width=\"180\" height=\"180\" srcset=\"https:\/\/www.infokuryr.cz\/n\/wp-content\/uploads\/2023\/05\/Michael_Svatos.png 180w, https:\/\/www.infokuryr.cz\/n\/wp-content\/uploads\/2023\/05\/Michael_Svatos-150x150.png 150w\" sizes=\"(max-width: 180px) 100vw, 180px\" \/><\/p>\n","protected":false},"excerpt":{"rendered":"<p>Dzurindova nov\u00e1 EU politi\u010dka nastupuje! Imigra\u010dn\u00ed komedie ve Rwand\u011b! 52 milion\u016f CZK za ka\u017ed\u00e9ho vr\u00e1cen\u00e9ho&#8230;<\/p>\n","protected":false},"author":2,"featured_media":2097,"comment_status":"closed","ping_status":"closed","sticky":false,"template":"","format":"standard","meta":[],"categories":[6],"tags":[1042,567,1486,90,1032,99],"_links":{"self":[{"href":"https:\/\/www.infokuryr.cz\/n\/wp-json\/wp\/v2\/posts\/51994"}],"collection":[{"href":"https:\/\/www.infokuryr.cz\/n\/wp-json\/wp\/v2\/posts"}],"about":[{"href":"https:\/\/www.infokuryr.cz\/n\/wp-json\/wp\/v2\/types\/post"}],"author":[{"embeddable":true,"href":"https:\/\/www.infokuryr.cz\/n\/wp-json\/wp\/v2\/users\/2"}],"replies":[{"embeddable":true,"href":"https:\/\/www.infokuryr.cz\/n\/wp-json\/wp\/v2\/comments?post=51994"}],"version-history":[{"count":0,"href":"https:\/\/www.infokuryr.cz\/n\/wp-json\/wp\/v2\/posts\/51994\/revisions"}],"wp:featuredmedia":[{"embeddable":true,"href":"https:\/\/www.infokuryr.cz\/n\/wp-json\/wp\/v2\/media\/2097"}],"wp:attachment":[{"href":"https:\/\/www.infokuryr.cz\/n\/wp-json\/wp\/v2\/media?parent=51994"}],"wp:term":[{"taxonomy":"category","embeddable":true,"href":"https:\/\/www.infokuryr.cz\/n\/wp-json\/wp\/v2\/categories?post=51994"},{"taxonomy":"post_tag","embeddable":true,"href":"https:\/\/www.infokuryr.cz\/n\/wp-json\/wp\/v2\/tags?post=51994"}],"curies":[{"name":"wp","href":"https:\/\/api.w.org\/{rel}","templated":true}]}}