{"id":51991,"date":"2024-04-20T00:46:55","date_gmt":"2024-04-19T22:46:55","guid":{"rendered":"https:\/\/www.infokuryr.cz\/n\/?p=51991"},"modified":"2024-04-20T05:22:33","modified_gmt":"2024-04-20T03:22:33","slug":"glorifikovanim-dilcich-uspechu-se-valka-nevyhrava","status":"publish","type":"post","link":"https:\/\/www.infokuryr.cz\/n\/2024\/04\/20\/glorifikovanim-dilcich-uspechu-se-valka-nevyhrava\/","title":{"rendered":"Glorifikov\u00e1n\u00edm d\u00edl\u010d\u00edch \u00fasp\u011bch\u016f se v\u00e1lka nevyhr\u00e1v\u00e1"},"content":{"rendered":"<div id=\"fb-root\"><\/div>\n<p><span style=\"font-size: 14pt;\"><strong>Nechci p\u00e1trat, zda to dostaly n\u011bkter\u00e1 m\u00e9dia \u00fakolem, pop\u0159\u00edpad\u011b je k takov\u00e9mu informov\u00e1n\u00ed naklon\u011bno veden\u00ed n\u011bkter\u00fdch pl\u00e1tk\u016f, ale vzletn\u011b se rozepisovat o zni\u010den\u00ed n\u011bkter\u00e9 rusk\u00e9 techniky \u010di o \u00fasp\u011b\u0161n\u00fdch z\u00e1saz\u00edch v z\u00e1zem\u00ed je bez alespo\u0148 jedn\u00e9 v\u011bty o celkov\u00e9 situaci, MAL\u00c9.<\/strong><\/span><\/p>\n<p>Jen u jedn\u00e9 takov\u00e9 zpr\u00e1vy jsem se do\u010detl, \u017ee Rusov\u00e9 m\u00edrn\u011b postupuj\u00ed. Ano, z\u00a0psychologick\u00e9ho hlediska je ka\u017ed\u00e1 zpr\u00e1va, t\u0159eba o zni\u010den\u00e9m modern\u00edm tanku nebo o z\u00e1sahu vojensk\u00e9ho leti\u0161t\u011b, pro ukrajinsk\u00e9 voj\u00e1ky na frontov\u00e9 linii povzbuzen\u00edm, ale pro \u010desk\u00e9ho ob\u010dana m\u00e1 ur\u010dit\u011b v\u011bt\u0161\u00ed v\u00fdznam celkov\u00fd pohled na v\u00fdvoj konfliktu.<\/p>\n<p>Jist\u011b, jsou zde \u201egau\u010dov\u00ed v\u00e1le\u010dn\u00edci\u201c v\u00a0\u010dele s\u00a0muni\u010dn\u00edm loudilem premi\u00e9rem Fialou nebo st\u00edha\u010dkovou vizion\u00e1\u0159kou p\u0159\u00ed\u0161t\u00edho desetilet\u00ed \u010cernochovou a jim podobn\u00ed, kter\u00fdm p\u0159i takov\u00fdch zpr\u00e1v\u00e1ch srdce zaples\u00e1, ale ti, kdo\u017e by r\u00e1di vid\u011bli konec zab\u00edjen\u00ed jsou p\u0159i takov\u00fdch zpr\u00e1v\u00e1ch smutn\u00ed, proto\u017ee v\u011bd\u00ed, \u017ee se druh\u00e1 strana zostudit nenech\u00e1 a \u017ee p\u0159ijde odveta a tedy dal\u0161\u00ed a dal\u0161\u00ed nesmysln\u00e9 zab\u00edjen\u00ed.<\/p>\n<p><a href=\"https:\/\/stranapro.cz\/\"><img decoding=\"async\" loading=\"lazy\" class=\"wp-image-40285 aligncenter\" src=\"http:\/\/www.infokuryr.cz\/n\/wp-content\/uploads\/2023\/11\/11pro-300x79.png\" alt=\"\" width=\"684\" height=\"180\" srcset=\"https:\/\/www.infokuryr.cz\/n\/wp-content\/uploads\/2023\/11\/11pro-300x79.png 300w, https:\/\/www.infokuryr.cz\/n\/wp-content\/uploads\/2023\/11\/11pro.png 363w\" sizes=\"(max-width: 684px) 100vw, 684px\" \/><\/a><\/p>\n<p>Zvl\u00e1\u0161t\u011b v\u00a0tento \u010das by m\u011blo p\u0159\u00edm\u011b\u0159\u00ed a n\u00e1sledn\u00e9 jedn\u00e1n\u00ed velk\u00fd v\u00fdznam, neb dle zahrani\u010dn\u00edch expert\u016f p\u0159ipravovan\u00e1 skoro letn\u00ed rusk\u00e1 ofenziva m\u00e1 m\u00edt nov\u00e9 prvky \u00fa\u010dinn\u011bj\u0161\u00edho ni\u010den\u00ed. P\u0159i pohledu od n\u00e1s by Fialovy gran\u00e1ty tak\u00e9 mohly p\u0159ij\u00edt pozd\u011b, ale toto je sp\u00ed\u0161e m\u00e9 laick\u00e9 vyhodnocen\u00ed avizovan\u00e9ho rusk\u00e9ho \u00fatoku.<\/p>\n<p>Vzhledem k\u00a0v\u00fd\u0161e popsan\u00e9mu je mo\u017eno o\u010dek\u00e1vat dal\u0161\u00ed silnou vlnu ukrajinsk\u00fdch migrant\u016f. Z\u00a0druh\u00e9 strany migra\u010dn\u00ed pakt EU je hrozba jinak kulturn\u011b lad\u011bn\u00fdch p\u0159\u00edchoz\u00edch a do toho v\u0161eho pochybnosti o ministru Raku\u0161anovi, co vlastn\u011b vyjednal nebo sp\u00ed\u0161e co \u201epohnojil\u201c.<\/p>\n<p>Jedna skute\u010dnost se po opakovan\u00e9m \u201ep\u0159ehazov\u00e1n\u00edm zpr\u00e1v v\u00a0r\u016fzn\u011b cinknut\u00fdch m\u00e9di\u00edch\u201c a to neobjektivn\u00edmi vidlemi jev\u00ed st\u00e1le z\u0159eteln\u011bji: nelze vytvo\u0159it siln\u00fd v\u011bt\u0161inov\u00fd sv\u011btov\u00fd tlak na akt\u00e9ry nepravost\u00ed (co\u017e \u010dasto b\u00fdv\u00e1 z\u00e1m\u011brem), aby tyto ustaly. Kdy\u017e se sejde touha po moci, snaha co nejv\u00edce urvat ze sv\u011btov\u00e9ho bohatstv\u00ed, historick\u00e1 n\u00e1rodnostn\u00ed i n\u00e1bo\u017eensk\u00e9 nevra\u017eivost podporovan\u00e1 ziskuchtivost\u00ed zbrojn\u00edho pr\u016fmyslu, do toho i ne\u010dekan\u00e9 p\u0159\u00edrodn\u00ed zm\u011bny a navrch neschopnost (nebo tak\u00e9 v\u0161eho schopnost) lid\u00ed v\u00a0\u010dele r\u016fzn\u00fdch nadn\u00e1rodn\u00edch, ale i st\u00e1tn\u00edch a politick\u00fdch uskupen\u00ed \u2013 hled\u00e1 se objektivn\u00ed spravedliv\u00e9 \u0159e\u0161en\u00ed velmi t\u011b\u017ece.<\/p>\n<p><strong>\u00a0\u00a0P\u0159i t\u011bchto \u00favah\u00e1ch mn\u011b vytanul na mysli Cicero; tedy na z\u00e1v\u011br:<\/strong><\/p>\n<p>&#8211;\u00a0 \u00a0 \u00a0 &#8211;\u00a0 \u00a0V\u0161ichni chybujeme, jen hlup\u00e1k chyby opakuje.<\/p>\n<p>&#8211;\u00a0 \u00a0 \u00a0&#8211;\u00a0 \u00a0\u00a0Svoboda je \u00fa\u010dast na moci.<\/p>\n<p>&#8211;\u00a0 \u00a0 \u00a0 &#8211;\u00a0 \u00a0\u017d\u00edt znamen\u00e1 p\u0159em\u00fd\u0161let.<\/p>\n<p>&#8211;\u00a0 \u00a0 \u00a0 &#8211;\u00a0 \u00a0Dokud \u017eije\u0161, je t\u0159eba doufat.<\/p>\n<p><em><a href=\"https:\/\/vasevec.info\/blogy\/glorifikovanim-dilcich-uspechu-se-valka-nevyhrava\">Miroslav Kulhav\u00fd<\/a><\/em><br \/>\n<em>Jsem d\u016fchodce, kter\u00fd neztratil z\u00e1jem o d\u011bn\u00ed doma i v zahrani\u010d\u00ed<\/em><\/p>\n<p>&nbsp;<\/p>\n<p>&nbsp;<\/p>\n","protected":false},"excerpt":{"rendered":"<p>Nechci p\u00e1trat, zda to dostaly n\u011bkter\u00e1 m\u00e9dia \u00fakolem, pop\u0159\u00edpad\u011b je k takov\u00e9mu informov\u00e1n\u00ed naklon\u011bno veden\u00ed&#8230;<\/p>\n","protected":false},"author":2,"featured_media":11166,"comment_status":"closed","ping_status":"closed","sticky":false,"template":"","format":"standard","meta":[],"categories":[6],"tags":[1503,26,40],"_links":{"self":[{"href":"https:\/\/www.infokuryr.cz\/n\/wp-json\/wp\/v2\/posts\/51991"}],"collection":[{"href":"https:\/\/www.infokuryr.cz\/n\/wp-json\/wp\/v2\/posts"}],"about":[{"href":"https:\/\/www.infokuryr.cz\/n\/wp-json\/wp\/v2\/types\/post"}],"author":[{"embeddable":true,"href":"https:\/\/www.infokuryr.cz\/n\/wp-json\/wp\/v2\/users\/2"}],"replies":[{"embeddable":true,"href":"https:\/\/www.infokuryr.cz\/n\/wp-json\/wp\/v2\/comments?post=51991"}],"version-history":[{"count":0,"href":"https:\/\/www.infokuryr.cz\/n\/wp-json\/wp\/v2\/posts\/51991\/revisions"}],"wp:featuredmedia":[{"embeddable":true,"href":"https:\/\/www.infokuryr.cz\/n\/wp-json\/wp\/v2\/media\/11166"}],"wp:attachment":[{"href":"https:\/\/www.infokuryr.cz\/n\/wp-json\/wp\/v2\/media?parent=51991"}],"wp:term":[{"taxonomy":"category","embeddable":true,"href":"https:\/\/www.infokuryr.cz\/n\/wp-json\/wp\/v2\/categories?post=51991"},{"taxonomy":"post_tag","embeddable":true,"href":"https:\/\/www.infokuryr.cz\/n\/wp-json\/wp\/v2\/tags?post=51991"}],"curies":[{"name":"wp","href":"https:\/\/api.w.org\/{rel}","templated":true}]}}