{"id":51919,"date":"2024-04-19T05:25:18","date_gmt":"2024-04-19T03:25:18","guid":{"rendered":"https:\/\/www.infokuryr.cz\/n\/?p=51919"},"modified":"2024-04-19T05:25:18","modified_gmt":"2024-04-19T03:25:18","slug":"nemecko-zatklo-dva-udajne-sabotery-kteri-pracuji-pro-rusko","status":"publish","type":"post","link":"https:\/\/www.infokuryr.cz\/n\/2024\/04\/19\/nemecko-zatklo-dva-udajne-sabotery-kteri-pracuji-pro-rusko\/","title":{"rendered":"N\u011bmecko zatklo dva \u00fadajn\u00e9 sabot\u00e9ry, kte\u0159\u00ed \u201epracuj\u00ed pro Rusko\u201c"},"content":{"rendered":"<div id=\"fb-root\"><\/div>\n<p><span style=\"font-size: 18pt;\"><strong>Rusk\u00e1 ambas\u00e1da p\u0159\u00edpad odm\u00edtla jako \u201edo o\u010d\u00ed bij\u00edc\u00ed provokaci\u201c<\/strong><\/span><\/p>\n<p><span>V N\u011bmecku byli zat\u010deni dva mu\u017ei pro podez\u0159en\u00ed z pl\u00e1nov\u00e1n\u00ed sabot\u00e1\u017ee m\u00edstn\u00ed vojensk\u00e9 infrastruktury, v\u010detn\u011b americk\u00fdch z\u00e1kladen, uvedla ve \u010dtvrtek kancel\u00e1\u0159 gener\u00e1ln\u00edho prokur\u00e1tora. \u00da\u0159ady tvrd\u00ed, \u017ee nejm\u00e9n\u011b jednoho z podez\u0159el\u00fdch spojily s rusk\u00fdmi bezpe\u010dnostn\u00edmi slu\u017ebami.<\/span><\/p>\n<p><span>Zatyka\u010de na mu\u017ee, identifikovan\u00e9 pouze jako Dieter S. a Alexander J. \u2013 oba ozna\u010dovan\u00e9 jako n\u011bmecko-rusk\u00e9 dvoj\u00ed st\u00e1tn\u00ed ob\u010dany\u2013 vydal n\u011bmeck\u00fd Spolkov\u00fd soudn\u00ed dv\u016fr, nejvy\u0161\u0161\u00ed n\u00e1rodn\u00ed soud pro trestn\u00ed jurisdikci.<\/span><\/p>\n<p><span>Vy\u0161et\u0159ovatel\u00e9 uvedli, \u017ee Dieter S. byl\u00a0<\/span><em><span>\u201esiln\u011b podez\u0159el\u00fd\u201c<\/span><\/em><span>\u00a0z pr\u00e1ce pro ruskou\u00a0<\/span><em><span>\u201ezpravodajskou slu\u017ebu\u201c.<\/span><\/em><span>\u00a0\u00dadajn\u011b diskutoval o mo\u017en\u00fdch sabot\u00e1\u017en\u00edch operac\u00edch v N\u011bmecku s kontaktem v r\u00e1mci slu\u017eby minim\u00e1ln\u011b od \u0159\u00edjna 2023. C\u00edlem pl\u00e1n\u016f bylo\u00a0<\/span><em><span>\u201epodkopat vojenskou podporu poskytovanou N\u011bmeckem Ukrajin\u011b,\u201c<\/span><\/em><span>\u00a0uv\u00e1d\u00ed se v prohl\u00e1\u0161en\u00ed.<\/span><\/p>\n<p><span>B\u011bhem t\u011bchto rozhovor\u016f Dieter S. \u00fadajn\u011b vyj\u00e1d\u0159il, \u017ee je p\u0159ipraven prov\u00e9st\u00a0<\/span><em><span>\u201ev\u00fdbu\u0161n\u00e9 a \u017eh\u00e1\u0159sk\u00e9 \u00fatoky\u201c<\/span><\/em><span>\u00a0proti\u00a0<\/span><em><span>\u201evojensk\u00fdm a pr\u016fmyslov\u00fdm are\u00e1l\u016fm\u201c,<\/span><\/em><span>\u00a0v\u010detn\u011b americk\u00fdch z\u00e1kladen na n\u011bmeck\u00e9 p\u016fd\u011b.<\/span><\/p>\n<p><span>Dieter S. \u00fadajn\u011b po\u0159izoval fotografie a videoz\u00e1znamy takov\u00fdch str\u00e1nek, jako\u017e i vojensk\u00fdch transportn\u00edch konvoj\u016f, kter\u00e9 pak poslal sv\u00e9mu kontaktn\u00edmu zpravodaji, uv\u00e1d\u00ed se v prohl\u00e1\u0161en\u00ed.<\/span><\/p>\n<p><span>O roli druh\u00e9ho podez\u0159el\u00e9ho bylo zve\u0159ejn\u011bno jen velmi m\u00e1lo podrobnost\u00ed, p\u0159i\u010dem\u017e \u00fa\u0159edn\u00edci \u010dinn\u00ed v trestn\u00edm \u0159\u00edzen\u00ed uvedli pouze to, \u017ee Alexander J.\u00a0<\/span><em><span>\u201epom\u00e1hal\u201c<\/span><\/em><span>\u00a0hlavn\u00edmu podez\u0159el\u00e9mu p\u0159inejmen\u0161\u00edm od b\u0159ezna 2024.<\/span><\/p>\n<p><span>Dieter S. je obvin\u011bn z\u00a0<\/span><em><span>\u201ep\u0159\u00edpravy z\u00e1va\u017en\u00e9ho aktu n\u00e1sil\u00ed ohro\u017euj\u00edc\u00edho st\u00e1t\u201c,<\/span><\/em><span>\u00a0jako\u017e i z pr\u00e1ce pro zahrani\u010dn\u00ed zpravodajskou agenturu a p\u016fsoben\u00ed sabot\u00e1\u017en\u00edho agenta.<\/span><\/p>\n<p><span>Feder\u00e1ln\u00ed soudn\u00ed dv\u016fr na n\u011bj vydal samostatn\u00fd zatyka\u010d a uvedl, \u017ee existuje\u00a0<\/span><em><span>\u201esiln\u00e9 podez\u0159en\u00ed\u201c<\/span><\/em><span>\u00a0, \u017ee bojoval za Don\u011bckou lidovou republiku v letech 2014 a\u017e 2016, kdy ob\u011b republiky Donbasu po Majdanu vyhl\u00e1sily nez\u00e1vislost na Kyjev\u011b. p\u0159evrat. Je proto tak\u00e9 obvin\u011bn z\u00a0<\/span><em><span>\u201e\u010dlenstv\u00ed v zahrani\u010dn\u00ed teroristick\u00e9 organizaci\u201c,<\/span><\/em><span>\u00a0uvedla gener\u00e1ln\u00ed prokuratura s odkazem na DLR.<\/span><\/p>\n<p><span>Berl\u00edn reagoval na v\u00fdvoj t\u00edm, \u017ee znovu potvrdil sv\u016fj z\u00e1vazek pomoci vyzbrojit Kyjev.<\/span><\/p>\n<p><em><span>&#8222;Budeme nad\u00e1le poskytovat masivn\u00ed podporu Ukrajin\u011b a nenech\u00e1me se zastra\u0161it,&#8220;<\/span><\/em><span>\u00a0\u0159ekla ve \u010dtvrtek ministryn\u011b vnitra Nancy Faeserov\u00e1.<\/span><\/p>\n<p><span>Mezit\u00edm ministryn\u011b zahrani\u010d\u00ed Annalena Baerbock na\u0159\u00eddila sv\u00e9mu ministerstvu, aby kv\u016fli incidentu p\u0159edvolalo rusk\u00e9ho velvyslance Sergeje Nechaeva do Berl\u00edna, uvedla n\u011bmeck\u00e1 m\u00e9dia. Moskevsk\u00e1 diplomatick\u00e1 mise p\u0159edvol\u00e1n\u00ed potvrdila, ale odsoudila ho jako\u00a0<\/span><em><span>\u201edo o\u010d\u00ed bij\u00edc\u00ed provokaci, jej\u00edm\u017e c\u00edlem je rozdm\u00fdchat \u0161pion\u00e1\u017en\u00ed hysterii, kter\u00e1 u\u017e v N\u011bmecku nar\u016fst\u00e1\u201c.<\/span><\/em><\/p>\n<p><span>N\u011bmeck\u00e1 strana neposkytla\u00a0<\/span><em><span>\u201e\u017e\u00e1dn\u00fd d\u016fkaz\u201c,<\/span><\/em><span>\u00a0kter\u00fd by nazna\u010doval, \u017ee podez\u0159el\u00ed s\u00a0<\/span><em><span>\u201e\u00fadajn\u00fdm rusk\u00fdm ob\u010danstv\u00edm\u201c<\/span><\/em><span>\u00a0m\u011bli takov\u00e9 pl\u00e1ny nebo byli jakkoli napojeni na moskevsk\u00e9 bezpe\u010dnostn\u00ed slu\u017eby, uvedla ambas\u00e1da.<\/span><\/p>\n<p><span>Ru\u0161t\u00ed diplomat\u00e9 odm\u00edtli tvrzen\u00ed o rusk\u00e9 \u00fa\u010dasti na takov\u00fdch spiknut\u00edch jako\u00a0<\/span><em><span>\u201eabsurdn\u00ed a sm\u011b\u0161n\u00e9\u201c.<\/span><\/em><span>\u00a0Pokud maj\u00ed zat\u010den\u00ed mu\u017ei rusk\u00e9 ob\u010danstv\u00ed, n\u011bmeck\u00e9 ministerstvo zahrani\u010d\u00ed jim mus\u00ed\u00a0<\/span><em><span>\u201eokam\u017eit\u011b poskytnout konzul\u00e1rn\u00ed p\u0159\u00edstup\u201c<\/span><\/em><span>\u00a0, dodal.<\/span><\/p>\n<p><img decoding=\"async\" loading=\"lazy\" class=\"alignnone size-full wp-image-1185\" src=\"http:\/\/www.infokuryr.cz\/n\/wp-content\/uploads\/2021\/04\/kuryr-podpis.png\" alt=\"\" width=\"84\" height=\"24\" \/><\/p>\n<p>&nbsp;<\/p>\n","protected":false},"excerpt":{"rendered":"<p>Rusk\u00e1 ambas\u00e1da p\u0159\u00edpad odm\u00edtla jako \u201edo o\u010d\u00ed bij\u00edc\u00ed provokaci\u201c V N\u011bmecku byli zat\u010deni dva mu\u017ei&#8230;<\/p>\n","protected":false},"author":2,"featured_media":5994,"comment_status":"closed","ping_status":"closed","sticky":false,"template":"","format":"standard","meta":[],"categories":[7],"tags":[84,86,805,3961],"_links":{"self":[{"href":"https:\/\/www.infokuryr.cz\/n\/wp-json\/wp\/v2\/posts\/51919"}],"collection":[{"href":"https:\/\/www.infokuryr.cz\/n\/wp-json\/wp\/v2\/posts"}],"about":[{"href":"https:\/\/www.infokuryr.cz\/n\/wp-json\/wp\/v2\/types\/post"}],"author":[{"embeddable":true,"href":"https:\/\/www.infokuryr.cz\/n\/wp-json\/wp\/v2\/users\/2"}],"replies":[{"embeddable":true,"href":"https:\/\/www.infokuryr.cz\/n\/wp-json\/wp\/v2\/comments?post=51919"}],"version-history":[{"count":0,"href":"https:\/\/www.infokuryr.cz\/n\/wp-json\/wp\/v2\/posts\/51919\/revisions"}],"wp:featuredmedia":[{"embeddable":true,"href":"https:\/\/www.infokuryr.cz\/n\/wp-json\/wp\/v2\/media\/5994"}],"wp:attachment":[{"href":"https:\/\/www.infokuryr.cz\/n\/wp-json\/wp\/v2\/media?parent=51919"}],"wp:term":[{"taxonomy":"category","embeddable":true,"href":"https:\/\/www.infokuryr.cz\/n\/wp-json\/wp\/v2\/categories?post=51919"},{"taxonomy":"post_tag","embeddable":true,"href":"https:\/\/www.infokuryr.cz\/n\/wp-json\/wp\/v2\/tags?post=51919"}],"curies":[{"name":"wp","href":"https:\/\/api.w.org\/{rel}","templated":true}]}}