{"id":51892,"date":"2024-04-19T00:45:16","date_gmt":"2024-04-18T22:45:16","guid":{"rendered":"https:\/\/www.infokuryr.cz\/n\/?p=51892"},"modified":"2024-04-18T17:11:06","modified_gmt":"2024-04-18T15:11:06","slug":"izrael-zasahl-protivzdusnou-obranu-hizballahu-po-utoku-ktery-zranil-18-lidi-v-pohranicni-osade","status":"publish","type":"post","link":"https:\/\/www.infokuryr.cz\/n\/2024\/04\/19\/izrael-zasahl-protivzdusnou-obranu-hizballahu-po-utoku-ktery-zranil-18-lidi-v-pohranicni-osade\/","title":{"rendered":"Izrael zas\u00e1hl protivzdu\u0161nou obranu Hizball\u00e1hu po \u00fatoku, kter\u00fd zranil 18 lid\u00ed v pohrani\u010dn\u00ed osad\u011b"},"content":{"rendered":"<div id=\"fb-root\"><\/div>\n<p><strong><span>Izraelsk\u00e9 obrann\u00e9 s\u00edly (IDF) ozn\u00e1mily pozd\u011b 17. dubna, \u017ee provedly n\u00e1lety na m\u00edsto pat\u0159\u00edc\u00ed jednotce protivzdu\u0161n\u00e9 obrany Hizball\u00e1hu pobl\u00ed\u017e m\u011bsta Baalbek na severov\u00fdchod\u011b Libanonu.<\/span><\/strong><\/p>\n<p><span>Izraelsk\u00e9 st\u00edha\u010dky zas\u00e1hly infrastrukturu protivzdu\u0161n\u00e9 obrany Hizball\u00e1hu severn\u011b od Baalbeku, asi 100 kilometr\u016f od izraelsk\u00fdch hranic, uvedla IDF v kr\u00e1tk\u00e9m prohl\u00e1\u0161en\u00ed, ani\u017e by poskytla jak\u00e9koli dal\u0161\u00ed podrobnosti.<\/span><\/p>\n<p><span>Podle libanonsk\u00fdch m\u00e9di\u00ed k n\u00e1let\u016fm do\u0161lo u m\u011bsta Iaat. Videa z n\u00e1let\u016f byla zve\u0159ejn\u011bna na soci\u00e1ln\u00edch s\u00edt\u00edch. Nebyly hl\u00e1\u0161eny \u017e\u00e1dn\u00e9 ob\u011bti.<\/span><\/p>\n<p><iframe loading=\"lazy\" src=\"https:\/\/s2.cdnstatic.space\/wp-content\/uploads\/2024\/04\/twitsave.com_pg3srMBxcQNehQQw.mp4\" width=\"600\" height=\"338\" data-mce-fragment=\"1\"><\/iframe><\/p>\n<p><iframe loading=\"lazy\" src=\"https:\/\/s2.cdnstatic.space\/wp-content\/uploads\/2024\/04\/twitsave.com_AyLcoJhB6un1Kamy.mp4\" width=\"600\" height=\"338\" data-mce-fragment=\"1\"><\/iframe><\/p>\n<p><iframe loading=\"lazy\" src=\"https:\/\/s2.cdnstatic.space\/wp-content\/uploads\/2024\/04\/twitsave.com_WRsGb1CiwqKzuim7.mp4\" width=\"600\" height=\"338\" data-mce-fragment=\"1\"><\/iframe><\/p>\n<p><span>Baalbek je zn\u00e1mou ba\u0161tou Hizball\u00e1hu. \u00datok znamenal \u0161est\u00fd p\u0159\u00edpad, kdy IDF zas\u00e1hly pozice skupiny pobl\u00ed\u017e m\u011bsta od st\u0159et\u016f na hranici s Libanonem na pozad\u00ed izraelsk\u00e9 v\u00e1lky v p\u00e1smu Gazy.<\/span><\/p>\n<p><span>N\u00e1lety hluboko v Libanonu p\u0159i\u0161ly v reakci na \u00fatok na pohrani\u010dn\u00ed osadu Arab al-Aramshe, p\u0159i kter\u00e9m bylo zran\u011bno 14 izraelsk\u00fdch voj\u00e1k\u016f a \u010dty\u0159i civilist\u00e9.<\/span><\/p>\n<p><span>K odpov\u011bdnosti za \u00fatok se p\u0159ihl\u00e1sil Hizball\u00e1h a tvrdil, \u017ee byl zam\u011b\u0159en na komunitn\u00ed centrum, kter\u00e9 vyu\u017e\u00edvala pr\u016fzkumn\u00e1 jednotka IDF s raketami a drony. V prohl\u00e1\u0161en\u00ed skupina uvedla, \u017ee \u00fatok byl proveden na podporu palestinsk\u00e9ho lidu a odporu v Gaze a tak\u00e9 v reakci na zabit\u00ed t\u0159\u00ed jej\u00edch bojovn\u00edk\u016f p\u0159i izraelsk\u00fdch \u00faderech v ji\u017en\u00edm Libanonu o den d\u0159\u00edve.<\/span><\/p>\n<p><span>Videoz\u00e1znam, kter\u00fd pozd\u011bji zve\u0159ejnila skupina Military Media, odhalil, \u017ee p\u0159i \u00fatoku na komunitn\u00ed centrum v Arab al-Aramshe byly pou\u017eity protitankov\u00e9 \u0159\u00edzen\u00e9 st\u0159ely Almas a sebevra\u017eedn\u00e9 drony typu Ababil-2, oba vyroben\u00e9 \u00cdr\u00e1nem.<\/span><\/p>\n<p><span>B\u011bhem \u00fatoku nezazn\u011bly varovn\u00e9 sir\u00e9ny. IDF vy\u0161et\u0159ovalo, pro\u010d nebyly alarmy aktivov\u00e1ny p\u0159edem a pro\u010d nebyly drony zachyceny.<\/span><\/p>\n<p><iframe loading=\"lazy\" src=\"https:\/\/s2.cdnstatic.space\/wp-content\/uploads\/2024\/04\/arab-ar.mp4\" width=\"600\" height=\"338\" data-mce-fragment=\"1\"><\/iframe><\/p>\n<p><span>\u00datoky na Baalbek nebyly koncem izraelsk\u00e9 reakce. Brzy 18. dubna IDF zah\u00e1jila vlnu n\u00e1let\u016f proti ji\u017en\u00edmu Libanonu, srdci Hizball\u00e1hu.<\/span><\/p>\n<p><span>Izraelsk\u00e1 arm\u00e1da v prohl\u00e1\u0161en\u00ed uvedla, \u017ee jej\u00ed st\u00edha\u010dky zas\u00e1hly dv\u011b budovy pou\u017e\u00edvan\u00e9 Hizball\u00e1hem a dal\u0161\u00ed infrastrukturu ve m\u011bst\u011b Khiam. A ve m\u011bst\u011b Kafr Kila n\u00e1let zabil dva bojovn\u00edky Hizball\u00e1hu, dodalo IDF. Hizball\u00e1h pozd\u011bji uznal, \u017ee byli zabiti dva bojovn\u00edci.<\/span><\/p>\n<p><iframe loading=\"lazy\" src=\"https:\/\/s2.cdnstatic.space\/wp-content\/uploads\/2024\/04\/twitsave.com_uRkjvOyDvMfO83Zg.mp4\" width=\"600\" height=\"338\" data-mce-fragment=\"1\"><\/iframe><\/p>\n<p><span>Od vypuknut\u00ed izraelsk\u00e9 v\u00e1lky v Gaze loni v \u0159\u00edjnu za\u010dal Hizball\u00e1h a jeho spojenci podnikat t\u00e9m\u011b\u0159 ka\u017edodenn\u00ed \u00fatoky proti IDF na podporu hnut\u00ed Hamas a dal\u0161\u00edch palestinsk\u00fdch ozbrojen\u00fdch frakc\u00ed v P\u00e1smu.<\/span><\/p>\n<p><span>Dosud si hrani\u010dn\u00ed st\u0159ety vy\u017e\u00e1daly na izraelsk\u00e9 stran\u011b osm mrtv\u00fdch civilist\u016f a tak\u00e9 nejm\u00e9n\u011b deset voj\u00e1k\u016f a z\u00e1lo\u017en\u00edk\u016f IDF. Na libanonsk\u00e9 stran\u011b bylo zabito v\u00edce ne\u017e 400 lid\u00ed, v\u010detn\u011b 262 bojovn\u00edk\u016f Hizball\u00e1hu a nejm\u00e9n\u011b 70 civilist\u016f.<\/span><\/p>\n<p><img decoding=\"async\" loading=\"lazy\" class=\"alignnone size-full wp-image-1185\" src=\"http:\/\/www.infokuryr.cz\/n\/wp-content\/uploads\/2021\/04\/kuryr-podpis.png\" alt=\"\" width=\"84\" height=\"24\" \/><\/p>\n<p>&nbsp;<\/p>\n","protected":false},"excerpt":{"rendered":"<p>Izraelsk\u00e9 obrann\u00e9 s\u00edly (IDF) ozn\u00e1mily pozd\u011b 17. dubna, \u017ee provedly n\u00e1lety na m\u00edsto pat\u0159\u00edc\u00ed jednotce&#8230;<\/p>\n","protected":false},"author":2,"featured_media":51893,"comment_status":"closed","ping_status":"closed","sticky":false,"template":"","format":"standard","meta":[],"categories":[7],"tags":[1917,6772,107,5135],"_links":{"self":[{"href":"https:\/\/www.infokuryr.cz\/n\/wp-json\/wp\/v2\/posts\/51892"}],"collection":[{"href":"https:\/\/www.infokuryr.cz\/n\/wp-json\/wp\/v2\/posts"}],"about":[{"href":"https:\/\/www.infokuryr.cz\/n\/wp-json\/wp\/v2\/types\/post"}],"author":[{"embeddable":true,"href":"https:\/\/www.infokuryr.cz\/n\/wp-json\/wp\/v2\/users\/2"}],"replies":[{"embeddable":true,"href":"https:\/\/www.infokuryr.cz\/n\/wp-json\/wp\/v2\/comments?post=51892"}],"version-history":[{"count":1,"href":"https:\/\/www.infokuryr.cz\/n\/wp-json\/wp\/v2\/posts\/51892\/revisions"}],"predecessor-version":[{"id":51894,"href":"https:\/\/www.infokuryr.cz\/n\/wp-json\/wp\/v2\/posts\/51892\/revisions\/51894"}],"wp:featuredmedia":[{"embeddable":true,"href":"https:\/\/www.infokuryr.cz\/n\/wp-json\/wp\/v2\/media\/51893"}],"wp:attachment":[{"href":"https:\/\/www.infokuryr.cz\/n\/wp-json\/wp\/v2\/media?parent=51892"}],"wp:term":[{"taxonomy":"category","embeddable":true,"href":"https:\/\/www.infokuryr.cz\/n\/wp-json\/wp\/v2\/categories?post=51892"},{"taxonomy":"post_tag","embeddable":true,"href":"https:\/\/www.infokuryr.cz\/n\/wp-json\/wp\/v2\/tags?post=51892"}],"curies":[{"name":"wp","href":"https:\/\/api.w.org\/{rel}","templated":true}]}}