{"id":51888,"date":"2024-04-19T00:43:56","date_gmt":"2024-04-18T22:43:56","guid":{"rendered":"https:\/\/www.infokuryr.cz\/n\/?p=51888"},"modified":"2024-04-18T17:02:35","modified_gmt":"2024-04-18T15:02:35","slug":"195-den-izraelska-armada-se-stahuje-z-uprchlickeho-tabora-nuseirat-v-gaze-rika-rafah","status":"publish","type":"post","link":"https:\/\/www.infokuryr.cz\/n\/2024\/04\/19\/195-den-izraelska-armada-se-stahuje-z-uprchlickeho-tabora-nuseirat-v-gaze-rika-rafah\/","title":{"rendered":"195. den: Izraelsk\u00e1 arm\u00e1da se stahuje z uprchlick\u00e9ho t\u00e1bora Nuseirat v Gaze, \u0159\u00edk\u00e1 Rafah"},"content":{"rendered":"<div id=\"fb-root\"><\/div>\n<p><span style=\"font-size: 18pt;\"><strong>18.dubna 2024<\/strong><\/span><\/p>\n<p><span style=\"font-size: 14pt;\"><strong>Palestinsk\u00fd \u010cerven\u00fd p\u016flm\u011bs\u00edc obvinil izraelskou arm\u00e1du, \u017ee br\u00e1n\u00ed l\u00e9ka\u0159sk\u00fdm t\u00fdm\u016fm dostat se ke zran\u011bn\u00fdm. Mezit\u00edm Human Rights Watch uvedla, \u017ee d\u016fkazy ukazuj\u00ed, \u017ee izrael\u0161t\u00ed voj\u00e1ci se \u00fa\u010dastn\u00ed \u00fatok\u016f osadn\u00edk\u016f na Z\u00e1padn\u00edm b\u0159ehu Jord\u00e1nu.<\/strong><\/span><\/p>\n<h2 class=\"wp-block-heading\"><strong><span>Ztr\u00e1ty\u00a0<\/span><\/strong><\/h2>\n<ul>\n<li><span>33 970 + zabit\u00fdch* a nejm\u00e9n\u011b 76 770 zran\u011bn\u00fdch v p\u00e1smu Gazy.*<\/span><\/li>\n<li><span>Na okupovan\u00e9m Z\u00e1padn\u00edm b\u0159ehu a ve v\u00fdchodn\u00edm Jeruzal\u00e9m\u011b bylo zabito v\u00edce ne\u017e 468 Palestinc\u016f.**<\/span><\/li>\n<li><span>Izrael reviduje odhadovan\u00fd po\u010det ob\u011bt\u00ed ze 7. \u0159\u00edjna na 1 139.<\/span><\/li>\n<li><span>Od 7. \u0159\u00edjna bylo zabito 604 izraelsk\u00fdch voj\u00e1k\u016f a nejm\u00e9n\u011b 6800 zran\u011bno.***<\/span><\/li>\n<\/ul>\n<p><em><span>*Ministerstvo zdravotnictv\u00ed Gazy potvrdilo toto \u010d\u00edslo na sv\u00e9m telegramov\u00e9m kan\u00e1lu 18. dubna 2024. N\u011bkter\u00e9 organizace na ochranu lidsk\u00fdch pr\u00e1v odhaduj\u00ed, \u017ee po\u010det ob\u011bt\u00ed bude mnohem vy\u0161\u0161\u00ed, kdy\u017e se po\u010d\u00edtaj\u00ed s t\u011bmi, o kter\u00fdch se p\u0159edpokl\u00e1d\u00e1, \u017ee jsou mrtv\u00ed.<\/span><\/em><\/p>\n<p><em><span>** Po\u010det ob\u011bt\u00ed na Z\u00e1padn\u00edm b\u0159ehu Jord\u00e1nu a v Jeruzal\u00e9m\u011b nen\u00ed pravideln\u011b aktualizov\u00e1n. Podle ministerstva zdravotnictv\u00ed PA z 5. dubna je to nejnov\u011bj\u0161\u00ed \u00fadaj.<\/span><\/em><\/p>\n<p><em><span>*** Tento \u00fadaj zve\u0159ejnila izraelsk\u00e1 arm\u00e1da a ukazuje voj\u00e1ky, jejich\u017e jm\u00e9na \u201esm\u011bla b\u00fdt zve\u0159ejn\u011bna\u201c. Po\u010det zran\u011bn\u00fdch izraelsk\u00fdch voj\u00e1k\u016f je podle zpr\u00e1v izraelsk\u00fdch m\u00e9di\u00ed.<\/span><\/em><\/p>\n<h2 class=\"wp-block-heading\"><strong><span>Kl\u00ed\u010dov\u00fd v\u00fdvoj\u00a0<\/span><\/strong><\/h2>\n<ul>\n<li><span>Izrael zabil za posledn\u00edch 24 hodin v Gaze 71 Palestinc\u016f, 106 zranil, \u010d\u00edm\u017e se po\u010det ob\u011bt\u00ed od 7. \u0159\u00edjna zv\u00fd\u0161il na 33 970 a po\u010det zran\u011bn\u00fdch na 76 664, uvedlo ministerstvo zdravotnictv\u00ed v Gaze.<\/span><\/li>\n<li><span>Palestinsk\u00e1 spole\u010dnost \u010cerven\u00e9ho p\u016flm\u011bs\u00edce tvrd\u00ed, \u017ee izraelsk\u00e9 s\u00edly br\u00e1n\u00ed jejich t\u00fdm\u016fm dostat se ke zran\u011bn\u00fdm v p\u00e1smu Gazy<\/span><\/li>\n<li><span>\u0160\u00e9f UNRWA po\u017eaduje vy\u0161et\u0159en\u00ed izraelsk\u00fdch zlo\u010din\u016f v Gaze<\/span><\/li>\n<li><span>Velitel izraelsk\u00e9 arm\u00e1dy \u0159ekl, \u017ee izraelsk\u00e9 jednotky zam\u00ed\u0159\u00ed do Rafahu pot\u00e9, co dokon\u010d\u00ed sv\u016fj n\u00e1let v uprchlick\u00e9m t\u00e1bo\u0159e Nuseirat.<\/span><\/li>\n<li><span>Libanon: Izrael ozn\u00e1mil, \u017ee p\u0159i \u00fatoku Hizball\u00e1hu v severn\u00ed Galileji bylo zran\u011bno 19 voj\u00e1k\u016f.\u00a0<\/span><\/li>\n<li><span>Hizball\u00e1h \u0159\u00edk\u00e1, \u017ee jeden z jeho velitel\u016f byl zabit p\u0159i izraelsk\u00e9m \u00fatoku na m\u011bsto v ji\u017en\u00edm Libanonu.<\/span><\/li>\n<li><span>Human Rights Watch tvrd\u00ed, \u017ee izrael\u0161t\u00ed voj\u00e1ci se \u00fa\u010dastn\u00ed vlny \u00fatok\u016f osadn\u00edk\u016f proti Palestinc\u016fm na Z\u00e1padn\u00edm b\u0159ehu Jord\u00e1nu.<\/span><\/li>\n<\/ul>\n<h2 class=\"wp-block-heading\"><strong><span>Gaza: Izrael zabil za posledn\u00edch 24 hodin 56 Palestinc\u016f<\/span><\/strong><\/h2>\n<p><span>Palestinsk\u00e9 ministerstvo zdravotnictv\u00ed se s\u00eddlem v Gaze ozn\u00e1milo, \u017ee za posledn\u00edch 24 hodin bylo p\u0159i izraelsk\u00fdch n\u00e1letech zabito 56 Palestinc\u016f a 89 dal\u0161\u00edch bylo zran\u011bno.<\/span><\/p>\n<p><span>Mezit\u00edm v severn\u00edm p\u00e1smu Gazy izraelsk\u00e9 s\u00edly zabily \u010dty\u0159i Palestince p\u0159i \u00faderu na \u0161kolu v uprchlick\u00e9m t\u00e1bo\u0159e Shati&#8216; z\u00e1padn\u011b od m\u011bsta Gaza, kde s\u00eddlili vys\u00eddlen\u00ed Palestinci. Izraelsk\u00e9 \u00fatoky tak\u00e9 zabily 12 Palestinc\u016f, kte\u0159\u00ed se shrom\u00e1\u017edili, aby z\u00edskali p\u0159\u00edstup k internetu ve \u010dtvrti Sheikh Radwan ve m\u011bst\u011b Gaza.<\/span><\/p>\n<p><span>V centr\u00e1ln\u00edm p\u00e1smu Gazy se izraelsk\u00e9 s\u00edly po sedmi dnech obl\u00e9h\u00e1n\u00ed a n\u00e1let\u016f st\u00e1hly z uprchlick\u00e9ho t\u00e1bora Nuseirat a vesnice Mighraqa. B\u011bhem obl\u00e9h\u00e1n\u00ed izraelsk\u00e9 s\u00edly intenzivn\u011b bombardovaly Nuseirat, zejm\u00e9na v jeho severn\u00ed \u010d\u00e1sti. V \u00fater\u00fd izraelsk\u00e9 s\u00edly n\u00e1siln\u011b vyhostily vys\u00eddlen\u00e9 rodiny, kter\u00e9 se uch\u00fdlily do \u0161koly Mahdiyeh al-Shawa v oblasti.<\/span><\/p>\n<p><span>M\u00edstn\u00ed zdroje uvedly, \u017ee izraelsk\u00e9 s\u00edly ve st\u0159edu v okol\u00ed Nuseiratu zni\u010dily \u0161est obytn\u00fdch v\u011b\u017e\u00ed, ne\u017e se st\u00e1hly.<\/span><\/p>\n<p><span>V ji\u017en\u00edm p\u00e1smu Gazy zabily izraelsk\u00e9 s\u00edly osmi\u010dlennou rodinu p\u0159i \u00faderu na m\u00edstnost, ve kter\u00e9 se rodina ukryla v\u00fdchodn\u011b od Rafahu. Mezi zabit\u00fdmi \u010dleny rodiny byli oba rodi\u010de, jejich p\u011bt d\u011bt\u00ed a matka otce.<\/span><\/p>\n<p><span>V Khan Younis palestinsk\u00e9 l\u00e9ka\u0159sk\u00e9 t\u00fdmy na\u0161ly t\u011bla 11 Palestinc\u016f, kte\u0159\u00ed byli zabiti p\u0159i p\u0159edchoz\u00edch izraelsk\u00fdch bombov\u00fdch \u00fatoc\u00edch.<\/span><\/p>\n<h2 class=\"wp-block-heading\"><strong><span>\u010cerven\u00fd p\u016flm\u011bs\u00edc \u0159\u00edk\u00e1, \u017ee izraelsk\u00e9 s\u00edly br\u00e1n\u00ed t\u00fdm\u016fm dostat se ke zran\u011bn\u00fdm v Gaze<\/span><\/strong><\/h2>\n<p><span>Podle palestinsk\u00e9 spole\u010dnosti \u010cerven\u00e9ho p\u016flm\u011bs\u00edce izraelsk\u00e9 s\u00edly nad\u00e1le br\u00e1n\u00ed l\u00e9ka\u0159sk\u00fdm t\u00fdm\u016fm dostat se ke zran\u011bn\u00fdm v p\u00e1smu Gazy.<\/span><\/p>\n<p><span>Mluv\u010d\u00ed PRCS, Raed al-Nims, ve \u010dtvrtek \u0159ekl, \u017ee izraelsk\u00e9 s\u00edly zablokovaly sanitk\u00e1m organizace p\u0159\u00edstup ke zran\u011bn\u00fdm Palestinc\u016fm v n\u011bkolika \u010d\u00e1stech p\u00e1sma Gazy a nad\u00e1le blokuj\u00ed p\u0159\u00edstup zran\u011bn\u00fdch do zb\u00fdvaj\u00edc\u00edch nemocnic.<\/span><\/p>\n<p><span>Al-Nims poznamenal, \u017ee PRCS a palestinsk\u00fd zdravotnick\u00fd person\u00e1l v Gaze pracuj\u00ed pod kritick\u00fdm nedostatkem zdravotnick\u00e9ho materi\u00e1lu, a to kv\u016fli omezen\u00edm uvalen\u00fdm izraelskou arm\u00e1dou na vstup zdravotnick\u00e9ho materi\u00e1lu do zb\u00fdvaj\u00edc\u00edch nemocnic a l\u00e9ka\u0159sk\u00fdch st\u0159edisek v P\u00e1smu.<\/span><\/p>\n<p><span>Podle PCRS se zran\u011bn\u00ed Palestinci \u201ehromad\u00ed\u201c v nemocnic\u00edch kv\u016fli nedostatku z\u00e1sob a dod\u00e1v\u00e1, \u017ee vys\u00eddlen\u00e9 rodiny se ukr\u00fdvaj\u00ed ve v\u0161ech nemocnic\u00edch v Gaze.<\/span><\/p>\n<p><span>Za\u010d\u00e1tkem minul\u00e9ho t\u00fddne PCRS v prohl\u00e1\u0161en\u00ed uvedla, \u017ee 27 jej\u00edch zdravotnick\u00fdch pracovn\u00edk\u016f bylo zabito izraelsk\u00fdmi \u00fadery od 7. \u0159\u00edjna. Izraelsk\u00e9 s\u00edly propustily sedm pracovn\u00edk\u016f PCRS minul\u00fd t\u00fdden po 50 dnech zadr\u017eov\u00e1n\u00ed v p\u00e1smu Gazy. \u0160est \u010dlen\u016f PCRS je nad\u00e1le zadr\u017eov\u00e1no v izraelsk\u00e9 vazb\u011b.<\/span><\/p>\n<h2 class=\"wp-block-heading\"><span>Izrael a Hizball\u00e1h zahajuj\u00ed p\u0159eshrani\u010dn\u00ed \u00fatoky<\/span><\/h2>\n<p><span>Izraelsk\u00e1 arm\u00e1da ve st\u0159edu ozn\u00e1mila, \u017ee 19 jej\u00edch voj\u00e1k\u016f bylo zran\u011bno, z toho \u0161est v kritick\u00e9m stavu, p\u0159i n\u00e1letu dronu a raket Hizball\u00e1hu v severn\u00ed Galileji.<\/span><\/p>\n<p><span>\u00datok byl zam\u011b\u0159en na budovu pou\u017e\u00edvanou izraelsk\u00fdmi voj\u00e1ky jako vojenskou stanici v palestinsk\u00e9m m\u011bst\u011b Arab al-Aramsheh v severn\u00ed Galileji, kter\u00e9 se nach\u00e1z\u00ed na severu okupovan\u00e9 Palestiny. Podle izraelsk\u00e9 arm\u00e1dy byla budova zasa\u017eena dronem \u201ekamikadze\u201c a n\u011bkolika protiopevn\u011bn\u00edmi.<\/span><\/p>\n<p><span>K odpov\u011bdnosti za \u00fatok se p\u0159ihl\u00e1sil Hizball\u00e1h, kter\u00fd v prohl\u00e1\u0161en\u00ed uvedl, \u017ee p\u0159i\u0161el v reakci na p\u0159edchoz\u00ed izraelsk\u00e9 \u00fatoky na ji\u017en\u00ed Libanon.<\/span><\/p>\n<p><span>Izraelsk\u00e1 arm\u00e1da pozd\u011bji prohl\u00e1sila, \u017ee bombardovala pozice v ji\u017en\u00edm Libanonu, o kter\u00fdch tvrdila, \u017ee je pou\u017e\u00edval Hizball\u00e1h. Libanonsk\u00e1 skupina pozd\u011bji truchlila nad dv\u011bma sv\u00fdmi bojovn\u00edky, kte\u0159\u00ed byli podle n\u00ed zabiti p\u0159i izraelsk\u00e9m \u00fatoku na m\u011bsto Kafr Kalla v ji\u017en\u00edm Libanonu. Libanonsk\u00e1 m\u00e9dia uvedla, \u017ee izraelsk\u00e9 bomby, v\u010detn\u011b fosforov\u00fdch, byly svr\u017eeny na m\u011bsta Kafr Kalla, al-Khyam a Naqoura.<\/span><\/p>\n<p><span>Izrael a Hizball\u00e1h jsou zapojeny do ka\u017edodenn\u00edch p\u0159eshrani\u010dn\u00edch boj\u016f od 8. \u0159\u00edjna, kdy Hizball\u00e1h za\u010dal \u00fato\u010dit na izraelsk\u00e9 pozice kr\u00e1tce pot\u00e9, co Izrael po \u00fatoc\u00edch ze 7. \u0159\u00edjna zah\u00e1jil sv\u016fj \u00fatok na p\u00e1smo Gazy.<\/span><\/p>\n<p><span>Libanonsk\u00e9 \u00fa\u0159ady ozn\u00e1mily, \u017ee bylo zabito p\u0159es 313 libanonsk\u00fdch ob\u010dan\u016f, v\u010detn\u011b nejm\u00e9n\u011b 66 civilist\u016f, zat\u00edmco Hizball\u00e1h ozn\u00e1mil, \u017ee bylo zabito 280 jeho bojovn\u00edk\u016f. Mezit\u00edm se asi 100 000 Libanon\u016f odst\u011bhovalo ze sv\u00fdch domov\u016f v ji\u017en\u00edm Libanonu.<\/span><\/p>\n<p><span>Na izraelsk\u00e9 stran\u011b uprchlo z pohrani\u010dn\u00edho regionu na severu asi 120 000 lid\u00ed. Izraelsk\u00e1 arm\u00e1da nezve\u0159ejnila po\u010det ob\u011bt\u00ed na sv\u00e9 severn\u00ed front\u011b.<\/span><\/p>\n<h2 class=\"wp-block-heading\"><strong><span>Human Rights Watch: Izrael\u0161t\u00ed voj\u00e1ci se \u00fa\u010dastn\u00ed \u0159\u00e1d\u011bn\u00ed osadn\u00edk\u016f na Z\u00e1padn\u00edm b\u0159ehu Jord\u00e1nu<\/span><\/strong><\/h2>\n<p><span>Izraelsk\u00e1 arm\u00e1da se pod\u00edlela na pokra\u010duj\u00edc\u00edch \u00fatoc\u00edch izraelsk\u00fdch osadn\u00edk\u016f proti Palestinc\u016fm na okupovan\u00e9m Z\u00e1padn\u00edm b\u0159ehu, uvedla ve st\u0159edu Human Rights Watch.<\/span><\/p>\n<p><span>Skupina pro lidsk\u00e1 pr\u00e1va ve zpr\u00e1v\u011b uvedla, \u017ee od 7. \u0159\u00edjna vy\u0161et\u0159ovala \u00fatoky osadn\u00edk\u016f na p\u011bt palestinsk\u00fdch venkovsk\u00fdch komunit a shrom\u00e1\u017edila sv\u011bdectv\u00ed 27 palestinsk\u00fdch p\u0159e\u017eiv\u0161\u00edch. Podle HRW se t\u011bchto \u00fatok\u016f \u00fa\u010dastnili izrael\u0161t\u00ed voj\u00e1ci, kte\u0159\u00ed m\u011bli na sob\u011b uniformy izraelsk\u00e9 arm\u00e1dy a dr\u017eeli st\u0159eln\u00e9 zbran\u011b. Skupina dodala, \u017ee v jin\u00fdch p\u0159\u00edpadech se izraelsk\u00e9 arm\u00e1d\u011b nepoda\u0159ilo ochr\u00e1nit Palestince p\u0159ed \u00fatoky osadn\u00edk\u016f.<\/span><\/p>\n<p><span>Podle zpr\u00e1vy Izrael po 7. \u0159\u00edjnu povolal do vojensk\u00e9 slu\u017eby asi 5 500 izraelsk\u00fdch osadn\u00edk\u016f, z nich\u017e n\u011bkte\u0159\u00ed m\u011bli z\u00e1znam v trestn\u00edm rejst\u0159\u00edku protipalestinsk\u00fdch \u00fatok\u016f. Osadn\u00edci byli naverbov\u00e1ni hlavn\u011b do sil \u201eRegion\u00e1ln\u00ed obrany\u201c. HRW uvedla, \u017ee izraelsk\u00e1 vl\u00e1da distribuovala p\u0159ibli\u017en\u011b 7 000 st\u0159eln\u00fdch zbran\u00ed t\u011bmto a dal\u0161\u00edm polovojensk\u00fdm skupin\u00e1m osadn\u00edk\u016f.<\/span><\/p>\n<p><span>HRW tak\u00e9 pouk\u00e1zala na zpr\u00e1vy OSN a izraelsk\u00fdch skupin pro lidsk\u00e1 pr\u00e1va, \u017ee izrael\u0161t\u00ed osadn\u00edci po \u00fatoc\u00edch ze 7. \u0159\u00edjna rozd\u00e1vali v palestinsk\u00fdch vesnic\u00edch v\u00fdhru\u017en\u00e9 let\u00e1ky, nab\u00e1daj\u00edc\u00ed Palestince, aby \u201eut\u00edkali do Jord\u00e1nska\u201c, a varovali, \u017ee \u201eden pomsty p\u0159ich\u00e1z\u00ed\u201c.<\/span><\/p>\n<p><span>Zpr\u00e1va p\u0159ipomn\u011bla, \u017ee od 7. \u0159\u00edjna izrael\u0161t\u00ed osadn\u00edci za\u00fato\u010dili na p\u0159ibli\u017en\u011b 20 palestinsk\u00fdch venkovsk\u00fdch komunit, p\u0159i\u010dem\u017e sedm z nich zcela vyhnali ze sv\u00e9 p\u016fdy, co\u017e vedlo k zabit\u00ed 17 Palestinc\u016f osadn\u00edky a vys\u00eddlen\u00ed p\u0159ibli\u017en\u011b 1200 lid\u00ed. Mezit\u00edm bylo od \u0159\u00edjna p\u0159i \u00fatoc\u00edch Palestinc\u016f zabito sedm izraelsk\u00fdch osadn\u00edk\u016f.<\/span><\/p>\n<p><span>V b\u0159eznu USA uvalily sankce na \u010dty\u0159i izraelsk\u00e9 osadn\u00edky za \u00fa\u010dast na n\u00e1sil\u00ed proti Palestinc\u016fm na okupovan\u00e9m Z\u00e1padn\u00edm b\u0159ehu Jord\u00e1nu. Pozd\u011bji izraelsk\u00e1 m\u00e9dia uvedla, \u017ee jeden ze \u010dty\u0159 sankcionovan\u00fdch jednotlivc\u016f vybudoval svou z\u00e1kladnu pro ileg\u00e1ln\u00ed osadn\u00edky v ji\u017en\u00edch kopc\u00edch Hebronu s pomoc\u00ed stavebn\u00ed firmy, kterou z velk\u00e9 \u010d\u00e1sti vlastn\u00ed ofici\u00e1ln\u00ed m\u00edstn\u00ed vl\u00e1da osady Har Hebron.<\/span><\/p>\n<p><span>Mezit\u00edm kl\u00ed\u010dov\u00fd izraelsk\u00fd kabinet, zejm\u00e9na izraelsk\u00ed minist\u0159i bezpe\u010dnosti a financ\u00ed Itamar Ben-Gvir a Bezalel Smotrich, nad\u00e1le otev\u0159en\u011b vyjad\u0159ovali svou podporu pos\u00edlen\u00ed postaven\u00ed osadn\u00edk\u016f na Z\u00e1padn\u00edm b\u0159ehu Jord\u00e1nu.<\/span><\/p>\n<p><span>Od minul\u00e9ho v\u00edkendu izrael\u0161t\u00ed osadn\u00edci zabili \u010dty\u0159i Palestince p\u0159i\u00a0<\/span><a href=\"https:\/\/mondoweiss.net\/2024\/04\/unleashed-israeli-settlers-rampage-through-west-bank-villages-kill-two-people-injure-dozens\/\"><span>s\u00e9rii \u00fatok\u016f proti palestinsk\u00fdm vesnic\u00edm v\u00fdchodn\u011b od Ramall\u00e1hu a N\u00e1bulusu<\/span><\/a><span>\u00a0. Obyvatel\u00e9 \u0159ekli\u00a0<\/span><em><span>Mondoweissovi<\/span><\/em><span>\u00a0, \u017ee \u00fatoky zahrnovaly vyp\u00e1len\u00ed des\u00edtek dom\u016f, aut a kas\u00e1ren pro dobytek.<\/span><\/p>\n<p><em><span style=\"font-size: 10pt;\"><strong>\u00davodn\u00ed fotografie:<\/strong> PALESTINCI SE VRACEJ\u00cd DO NUSEIRATU VE ST\u0158EDN\u00cdM P\u00c1SMU GAZY POT\u00c9, CO IZRAELSK\u00c1 ARM\u00c1DA ST\u00c1HLA VOJ\u00c1KY Z OBLASTI, TAK\u017dE V OBLASTI Z\u016eSTALA JEN JEDNA BRIG\u00c1DA. 18. DUBNA 2024. (OMARASHTAWY\/ APAIMAGES)<\/span><\/em><\/p>\n<p><span class=\"by\"><span>OD\u00a0<\/span><\/span><a class=\"author url fn\" title=\"P\u0159\u00edsp\u011bvky od Qassama Muaddiho\" href=\"https:\/\/mondoweiss.net\/author\/qassam-muaddi\/\" rel=\"author\"><span>QASSAMA MUADDIHO<\/span><\/a><\/p>\n<p>&nbsp;<\/p>\n","protected":false},"excerpt":{"rendered":"<p>18.dubna 2024 Palestinsk\u00fd \u010cerven\u00fd p\u016flm\u011bs\u00edc obvinil izraelskou arm\u00e1du, \u017ee br\u00e1n\u00ed l\u00e9ka\u0159sk\u00fdm t\u00fdm\u016fm dostat se ke&#8230;<\/p>\n","protected":false},"author":2,"featured_media":51889,"comment_status":"closed","ping_status":"closed","sticky":false,"template":"","format":"standard","meta":[],"categories":[7],"tags":[348,178,107,6518],"_links":{"self":[{"href":"https:\/\/www.infokuryr.cz\/n\/wp-json\/wp\/v2\/posts\/51888"}],"collection":[{"href":"https:\/\/www.infokuryr.cz\/n\/wp-json\/wp\/v2\/posts"}],"about":[{"href":"https:\/\/www.infokuryr.cz\/n\/wp-json\/wp\/v2\/types\/post"}],"author":[{"embeddable":true,"href":"https:\/\/www.infokuryr.cz\/n\/wp-json\/wp\/v2\/users\/2"}],"replies":[{"embeddable":true,"href":"https:\/\/www.infokuryr.cz\/n\/wp-json\/wp\/v2\/comments?post=51888"}],"version-history":[{"count":0,"href":"https:\/\/www.infokuryr.cz\/n\/wp-json\/wp\/v2\/posts\/51888\/revisions"}],"wp:featuredmedia":[{"embeddable":true,"href":"https:\/\/www.infokuryr.cz\/n\/wp-json\/wp\/v2\/media\/51889"}],"wp:attachment":[{"href":"https:\/\/www.infokuryr.cz\/n\/wp-json\/wp\/v2\/media?parent=51888"}],"wp:term":[{"taxonomy":"category","embeddable":true,"href":"https:\/\/www.infokuryr.cz\/n\/wp-json\/wp\/v2\/categories?post=51888"},{"taxonomy":"post_tag","embeddable":true,"href":"https:\/\/www.infokuryr.cz\/n\/wp-json\/wp\/v2\/tags?post=51888"}],"curies":[{"name":"wp","href":"https:\/\/api.w.org\/{rel}","templated":true}]}}