{"id":51886,"date":"2024-04-19T00:42:18","date_gmt":"2024-04-18T22:42:18","guid":{"rendered":"https:\/\/www.infokuryr.cz\/n\/?p=51886"},"modified":"2024-04-18T16:57:08","modified_gmt":"2024-04-18T14:57:08","slug":"uber-se-po-osmilete-nepritomnosti-vraci-do-madarska","status":"publish","type":"post","link":"https:\/\/www.infokuryr.cz\/n\/2024\/04\/19\/uber-se-po-osmilete-nepritomnosti-vraci-do-madarska\/","title":{"rendered":"Uber se po osmilet\u00e9 nep\u0159\u00edtomnosti vrac\u00ed do Ma\u010farska"},"content":{"rendered":"<div id=\"fb-root\"><\/div>\n<h2 class=\"s-tagline fw-tagline\"><span>Uber opustil Ma\u010farsko v roce 2016 pod tlakem m\u00edstn\u00edch taxik\u00e1\u0159\u016f<\/span><\/h2>\n<p><span>Po osmilet\u00e9 absenci zaplnila nejv\u011bt\u0161\u00ed sv\u011btov\u00e1 spole\u010dnost Uber sv\u00e9 jedin\u00e9 pr\u00e1zdn\u00e9 m\u00edsto ve st\u0159edn\u00ed Evrop\u011b a vr\u00e1tila se do Ma\u010farska po dohod\u011b s budape\u0161\u0165skou tradi\u010dn\u00ed taxislu\u017ebou\u00a0<\/span><a class=\"ek-link\" href=\"https:\/\/telex.hu\/gazdasag\/2024\/04\/16\/uber-fotaxi-engedely-szemelyszallitas-budapest\"><span>F\u0151taxi<\/span><\/a><span>\u00a0.<\/span><\/p>\n<p><span>Po Budape\u0161\u0165sk\u00e9m dopravn\u00edm centru dal 16. dubna 2024 ke spu\u0161t\u011bn\u00ed v Budape\u0161ti souhlas tak\u00e9 N\u00e1rodn\u00ed dopravn\u00ed \u00fa\u0159ad, \u010d\u00edm\u017e byl dokon\u010den form\u00e1ln\u00ed schvalovac\u00ed proces.<\/span><\/p>\n<p><span>Se schv\u00e1len\u00edm v ruce nyn\u00ed t\u00fdm Uberu pot\u0159ebuje nabrat \u0159idi\u010de pro platformu, ke kter\u00fdm se mohou p\u0159ipojit b\u011bhem n\u011bkolika dn\u00ed. O\u010dek\u00e1v\u00e1 se, \u017ee slu\u017eba bude spu\u0161t\u011bna v Budape\u0161ti za\u010d\u00e1tkem l\u00e9ta, dodal Uber.<\/span><\/p>\n<p><span>Uber pl\u00e1nuje vstoupit na ma\u010farsk\u00fd trh ve spolupr\u00e1ci se spole\u010dnost\u00ed F\u0151taxi, jej\u00ed\u017e \u017e\u00e1dost o licenci podala v \u00fanoru F Mobilit\u00e1s Kft., dce\u0159in\u00e1 spole\u010dnost F\u0151taxi. Spole\u010dnost F\u0151taxi ned\u00e1vno zaslala sv\u00fdm \u0159idi\u010d\u016fm intern\u00ed dopis, ve kter\u00e9m je ujistila, \u017ee s n\u00e1vratem Uberu z\u00edskaj\u00ed jen lep\u0161\u00ed podm\u00ednky. V dopise bylo uvedeno, \u017ee spolupr\u00e1ce by pro jeho \u0159idi\u010de znamenala je\u0161t\u011b v\u00edce j\u00edzd a v\u00fdnos\u016f, ale nevysv\u011btlil pro\u010d ani jak.<\/span><\/p>\n<p><span>Uber opustil Ma\u010farsko v roce 2016 po protestech tradi\u010dn\u00edch m\u00edstn\u00edch spole\u010dnost\u00ed, \u017ee jeho obchodn\u00ed model podkop\u00e1v\u00e1 jejich \u017eivobyt\u00ed.<\/span><\/p>\n<p><span>Podle dohody bude Uber fungovat pod z\u00e1\u0161titou F\u0151taxi, ale jeho aplikace a slu\u017eby na n\u011bm budou nez\u00e1visl\u00e9.<\/span><\/p>\n<p><span>\u201eAplikace a slu\u017eba F\u0151taxi nebudou ovlivn\u011bny pl\u00e1novan\u00fdm vstupem Uberu. Aplikace F\u0151taxi bude nad\u00e1le fungovat jako doposud a aplikace Uber bude k dispozici pro vol\u00e1n\u00ed \u0159idi\u010d\u016f Uberu, kte\u0159\u00ed budou p\u0159epravovat cestuj\u00edc\u00ed s Uber Taxi,\u201c napsal Uber v odpov\u011bdi na dotaz zpravodajsk\u00e9ho port\u00e1lu Telex.<\/span><\/p>\n<p><img decoding=\"async\" loading=\"lazy\" class=\"alignnone size-full wp-image-1185\" src=\"http:\/\/www.infokuryr.cz\/n\/wp-content\/uploads\/2021\/04\/kuryr-podpis.png\" alt=\"\" width=\"84\" height=\"24\" \/><\/p>\n<p>&nbsp;<\/p>\n","protected":false},"excerpt":{"rendered":"<p>Uber opustil Ma\u010farsko v roce 2016 pod tlakem m\u00edstn\u00edch taxik\u00e1\u0159\u016f Po osmilet\u00e9 absenci zaplnila nejv\u011bt\u0161\u00ed&#8230;<\/p>\n","protected":false},"author":2,"featured_media":51887,"comment_status":"closed","ping_status":"closed","sticky":false,"template":"","format":"standard","meta":[],"categories":[7],"tags":[78,7144,7145],"_links":{"self":[{"href":"https:\/\/www.infokuryr.cz\/n\/wp-json\/wp\/v2\/posts\/51886"}],"collection":[{"href":"https:\/\/www.infokuryr.cz\/n\/wp-json\/wp\/v2\/posts"}],"about":[{"href":"https:\/\/www.infokuryr.cz\/n\/wp-json\/wp\/v2\/types\/post"}],"author":[{"embeddable":true,"href":"https:\/\/www.infokuryr.cz\/n\/wp-json\/wp\/v2\/users\/2"}],"replies":[{"embeddable":true,"href":"https:\/\/www.infokuryr.cz\/n\/wp-json\/wp\/v2\/comments?post=51886"}],"version-history":[{"count":0,"href":"https:\/\/www.infokuryr.cz\/n\/wp-json\/wp\/v2\/posts\/51886\/revisions"}],"wp:featuredmedia":[{"embeddable":true,"href":"https:\/\/www.infokuryr.cz\/n\/wp-json\/wp\/v2\/media\/51887"}],"wp:attachment":[{"href":"https:\/\/www.infokuryr.cz\/n\/wp-json\/wp\/v2\/media?parent=51886"}],"wp:term":[{"taxonomy":"category","embeddable":true,"href":"https:\/\/www.infokuryr.cz\/n\/wp-json\/wp\/v2\/categories?post=51886"},{"taxonomy":"post_tag","embeddable":true,"href":"https:\/\/www.infokuryr.cz\/n\/wp-json\/wp\/v2\/tags?post=51886"}],"curies":[{"name":"wp","href":"https:\/\/api.w.org\/{rel}","templated":true}]}}