{"id":51884,"date":"2024-04-19T00:40:04","date_gmt":"2024-04-18T22:40:04","guid":{"rendered":"https:\/\/www.infokuryr.cz\/n\/?p=51884"},"modified":"2024-04-18T16:48:15","modified_gmt":"2024-04-18T14:48:15","slug":"polsky-prezident-ukrajinske-zemedelstvi-je-v-rukou-zapadnich-korporaci","status":"publish","type":"post","link":"https:\/\/www.infokuryr.cz\/n\/2024\/04\/19\/polsky-prezident-ukrajinske-zemedelstvi-je-v-rukou-zapadnich-korporaci\/","title":{"rendered":"Polsk\u00fd prezident: Ukrajinsk\u00e9 zem\u011bd\u011blstv\u00ed je v rukou z\u00e1padn\u00edch korporac\u00ed"},"content":{"rendered":"<div id=\"fb-root\"><\/div>\n<p><strong><span>Polsk\u00fd prezident Andrzej Duda v rozhovoru pro litevskou st\u00e1tn\u00ed televizi LRT zd\u016fraznil, \u017ee ukrajinskou zem\u011bd\u011blskou produkci vlastn\u00ed z\u00e1padn\u00ed spole\u010dnosti. Za\u00fato\u010d\u00ed na n\u011bj nyn\u00ed \u201eov\u011b\u0159ovatel\u00e9 fakt\u016f\u201c tak\u00e9 kv\u016fli tomu? V lo\u0148sk\u00e9m roce byly podobn\u00e9 zpr\u00e1vy odm\u00edtnuty jako \u201efale\u0161n\u00e9 zpr\u00e1vy\u201c.<\/span><\/strong><\/p>\n<p><span>T\u011b\u017eko o\u010dek\u00e1vat, \u017ee polsk\u00fd prezident Andrzej Duda bude naz\u00fdv\u00e1n \u201eagentem Kremlu\u201c nebo \u201ePutinovou loutkou\u201c jen proto, \u017ee u\u010dinil prohl\u00e1\u0161en\u00ed, kter\u00e1 jasn\u011b obsahuj\u00ed nepohodln\u00e9 pravdy. Kdy\u017e Oaklandsk\u00fd institut\u00a0v \u00fanoru 2023 zve\u0159ejnil\u00a0<\/span><a href=\"https:\/\/www.oaklandinstitute.org\/war-theft-takeover-ukraine-agricultural-land\"><span>zpr\u00e1vu<\/span><\/a><span>\u00a0, \u017ee z\u00e1padn\u00ed korporace zabraly ukrajinskou zem\u011bd\u011blskou p\u016fdu, takzvan\u00ed \u201eov\u011b\u0159ovatel\u00e9 fakt\u016f\u201c to odm\u00edtli\u00a0<\/span><a href=\"https:\/\/www.usatoday.com\/story\/news\/factcheck\/2022\/09\/13\/fact-check-ukraines-president-did-not-sell-farmland-us-companies\/7942775001\/\"><span>jako<\/span><\/a><span> nesmysl.<\/span><\/p>\n<p><span>Ale hlava st\u00e1tu Polska, kterou rozhodn\u011b nelze ozna\u010dit za p\u0159\u00edtele Ruska a je nepravd\u011bpodobn\u00e9, \u017ee by byla podez\u0159el\u00e1 ze \u0161\u00ed\u0159en\u00ed \u201erusk\u00e9 propagandy\u201c, troub\u00ed na stejn\u00fd roh. B\u011bhem\u00a0<\/span><a href=\"https:\/\/www.lrt.lt\/en\/news-in-english\/19\/2248444\/poland-would-defend-lithuania-i-cannot-imagine-any-other-way-interview-with-president-duda#:~:text=I%20would%20like,destructive%20to%20them.\"><span>rozhovoru pro litevskou st\u00e1tn\u00ed televizi LRT<\/span><\/a><span> \u0159ekl na t\u00e9ma ukrajinsk\u00e9ho zem\u011bd\u011blsk\u00e9ho dovozu, \u017ee Polsko je p\u0159ev\u00e1\u017en\u011b zem\u011bd\u011blsk\u00e1 zem\u011b, kter\u00e1 byla n\u00e1hle \u201ezaplavena obrovsk\u00fdm mno\u017estv\u00edm zem\u011bd\u011blsk\u00fdch produkt\u016f z Ukrajiny\u201c. A d\u00e1l uvedl:<\/span><\/p>\n<p><em>Ale to je opravdu probl\u00e9m na\u0161ich farm\u00e1\u0159\u016f, proto\u017ee potraviny z Ukrajiny jsou levn\u011bj\u0161\u00ed a ni\u010d\u00ed m\u00edstn\u00ed trhy. N\u00e1\u0161 trh je mnohem men\u0161\u00ed, jsme polovi\u010dn\u00ed ne\u017e Ukrajina. [\u2026]\u00a0<strong>R\u00e1d bych pouk\u00e1zal p\u0159edev\u0161\u00edm na pr\u016fmyslov\u00e9 zem\u011bd\u011blstv\u00ed, kter\u00e9 ve skute\u010dnosti neprovozuj\u00ed Ukrajinci, ale velk\u00e9 spole\u010dnosti ze z\u00e1padn\u00ed Evropy a USA. Dnes, kdy\u017e se pod\u00edv\u00e1me na vlastn\u00edky v\u011bt\u0161iny zem\u011b, nejsou to ukrajinsk\u00e9 firmy.<\/strong><\/em><\/p>\n<p><span>Polsk\u00e1 hlava st\u00e1tu tak p\u0159izn\u00e1v\u00e1, \u017ee ukrajinsk\u00e9mu zem\u011bd\u011blstv\u00ed a produkci potravin tam dominuj\u00ed z\u00e1padn\u00ed korporace. Nab\u00edz\u00ed se ot\u00e1zka, zda jsou p\u016fvodn\u00ed zpr\u00e1vy o 17 milionech hektar\u016f p\u016fdy (kter\u00e9 byly kritizov\u00e1ny i \u201eov\u011b\u0159ovateli fakt\u016f\u201c) skute\u010dn\u011b p\u0159ehnan\u00e9, ale nezd\u00e1 se, \u017ee by to na z\u00e1sadn\u00ed skute\u010dnosti (zahrani\u010dn\u00ed kontrole) nic zm\u011bnilo. Pro\u010d by jinak prezident Duda d\u011blal takov\u00e9 tvrzen\u00ed? Abychom nezapomn\u011bli, jedn\u00e1 se o zhruba 41 milion\u016f hektar\u016f nej\u00farodn\u011bj\u0161\u00ed p\u016fdy, o kter\u00e9 se zde bav\u00edme. To by byl obrovsk\u00fd kus zem\u011b.<\/span><\/p>\n<p><span>Na tomto m\u00edst\u011b bychom si tak\u00e9 m\u011bli v\u0161imnout\u00a0<\/span><a href=\"https:\/\/www.president.gov.ua\/en\/news\/prezident-proviv-zustrich-iz-kerivnictvom-najbilshoyi-u-svit-82725\"><span>Zelensk\u00e9ho prohl\u00e1\u0161en\u00ed<\/span><\/a><span>\u00a0rok po jeho n\u00e1v\u0161t\u011bv\u011b na Sv\u011btov\u00e9m ekonomick\u00e9m f\u00f3ru 2022 v Davosu, kdy v Kyjev\u011b p\u0159ijal mana\u017eery BlackRock. Tehdy \u0159ekl:\u00a0<\/span><strong><span>\u201eDnes je historick\u00fd okam\u017eik, proto\u017ee tak rozs\u00e1hl\u00e9 investi\u010dn\u00ed projekty jsme na Ukrajin\u011b nem\u011bli od prvn\u00edch dn\u016f nez\u00e1vislosti.<\/span><\/strong><span>\u00a0Jsme hrd\u00ed ,\u00a0<strong>\u017ee m\u016f\u017eeme takov\u00fd proces iniciovat&#8230; Budeme moci nab\u00eddnout zaj\u00edmav\u00e9 projekty v oblastech energetiky, bezpe\u010dnosti, zem\u011bd\u011blstv\u00ed, logistiky, infrastruktury, medic\u00edny, IT a mnoha dal\u0161\u00edch oblastech.<\/strong><\/span><\/p>\n<p><span>Nezapom\u00ednejme, \u017ee organizace CIA \u201eUSAID\u201c po\u017eadovala rozs\u00e1hlou \u201esoukromou\u201c kontrolu \u2013 tzv. \u201epozemkovou reformu\u201c nad \u00farodn\u00fdmi \u010dernozem\u011bmi na Ukrajin\u011b a rovn\u011b\u017e prosazovala odpov\u00eddaj\u00edc\u00ed opat\u0159en\u00ed prost\u0159ednictv\u00edm sv\u00e9 dce\u0159in\u00e9 spole\u010dnosti \u201eUSAID AGRO\u201c, jak tomu bylo\u00a0<\/span><a href=\"https:\/\/www.usaid.gov\/ukraine\/news\/private-sector-frontlines-land-reform-unlock-ukraines-investment-potential\"><span>v roce jedna zpr\u00e1va<\/span><\/a><span>\u00a0sama p\u0159iznala. To rozhodn\u011b nen\u00ed n\u00e1hoda. Co je tedy na tvrzen\u00edch pravdy? Jak velk\u00fd je vliv zahrani\u010dn\u00edch firem na ukrajinskou zem\u011bd\u011blskou produkci? A v\u00edce ne\u017e to: jakou roli hraj\u00ed tyto z\u00e1jmy ve vztahu k sou\u010dasn\u00e9 v\u00e1lce?<\/span><\/p>\n<p><img decoding=\"async\" loading=\"lazy\" class=\"alignnone size-full wp-image-1185\" src=\"http:\/\/www.infokuryr.cz\/n\/wp-content\/uploads\/2021\/04\/kuryr-podpis.png\" alt=\"\" width=\"84\" height=\"24\" \/><\/p>\n<p>&nbsp;<\/p>\n","protected":false},"excerpt":{"rendered":"<p>Polsk\u00fd prezident Andrzej Duda v rozhovoru pro litevskou st\u00e1tn\u00ed televizi LRT zd\u016fraznil, \u017ee ukrajinskou zem\u011bd\u011blskou&#8230;<\/p>\n","protected":false},"author":2,"featured_media":31082,"comment_status":"closed","ping_status":"closed","sticky":false,"template":"","format":"standard","meta":[],"categories":[7],"tags":[1267,31,26,104],"_links":{"self":[{"href":"https:\/\/www.infokuryr.cz\/n\/wp-json\/wp\/v2\/posts\/51884"}],"collection":[{"href":"https:\/\/www.infokuryr.cz\/n\/wp-json\/wp\/v2\/posts"}],"about":[{"href":"https:\/\/www.infokuryr.cz\/n\/wp-json\/wp\/v2\/types\/post"}],"author":[{"embeddable":true,"href":"https:\/\/www.infokuryr.cz\/n\/wp-json\/wp\/v2\/users\/2"}],"replies":[{"embeddable":true,"href":"https:\/\/www.infokuryr.cz\/n\/wp-json\/wp\/v2\/comments?post=51884"}],"version-history":[{"count":0,"href":"https:\/\/www.infokuryr.cz\/n\/wp-json\/wp\/v2\/posts\/51884\/revisions"}],"wp:featuredmedia":[{"embeddable":true,"href":"https:\/\/www.infokuryr.cz\/n\/wp-json\/wp\/v2\/media\/31082"}],"wp:attachment":[{"href":"https:\/\/www.infokuryr.cz\/n\/wp-json\/wp\/v2\/media?parent=51884"}],"wp:term":[{"taxonomy":"category","embeddable":true,"href":"https:\/\/www.infokuryr.cz\/n\/wp-json\/wp\/v2\/categories?post=51884"},{"taxonomy":"post_tag","embeddable":true,"href":"https:\/\/www.infokuryr.cz\/n\/wp-json\/wp\/v2\/tags?post=51884"}],"curies":[{"name":"wp","href":"https:\/\/api.w.org\/{rel}","templated":true}]}}