{"id":51879,"date":"2024-04-19T00:37:47","date_gmt":"2024-04-18T22:37:47","guid":{"rendered":"https:\/\/www.infokuryr.cz\/n\/?p=51879"},"modified":"2024-04-18T16:27:00","modified_gmt":"2024-04-18T14:27:00","slug":"4x-ockovani-dospivajici-maji-o-318-vyssi-pravdepodobnost-umrti-nez-neockovani-vrstevnici","status":"publish","type":"post","link":"https:\/\/www.infokuryr.cz\/n\/2024\/04\/19\/4x-ockovani-dospivajici-maji-o-318-vyssi-pravdepodobnost-umrti-nez-neockovani-vrstevnici\/","title":{"rendered":"4x o\u010dkovan\u00ed dosp\u00edvaj\u00edc\u00ed maj\u00ed o 318 % vy\u0161\u0161\u00ed pravd\u011bpodobnost \u00famrt\u00ed ne\u017e neo\u010dkovan\u00ed vrstevn\u00edci"},"content":{"rendered":"<div id=\"fb-root\"><\/div>\n<div class=\"elementor-element elementor-element-1fb4c2c elementor-widget elementor-widget-theme-post-content\" data-id=\"1fb4c2c\" data-element_type=\"widget\" data-widget_type=\"theme-post-content.default\">\n<div class=\"elementor-widget-container\">\n<p class=\"has-medium-font-size\"><span style=\"font-size: 18pt;\"><strong>Historie na prvn\u00ed pohled<\/strong><\/span><\/p>\n<ul>\n<li><span>Podle \u00fadaj\u016f britsk\u00e9ho \u00fa\u0159adu pro n\u00e1rodn\u00ed statistiku m\u011bli mlad\u00ed lid\u00e9, kte\u0159\u00ed byli v\u00edcekr\u00e1t o\u010dkov\u00e1ni proti COVID, v\u00fdrazn\u011b vy\u0161\u0161\u00ed riziko \u00famrt\u00ed ne\u017e ti, kte\u0159\u00ed se nenechali o\u010dkovat.<\/span><\/li>\n<li><span>Anal\u00fdza The Expos\u00e9 zjistila, \u017ee v \u00fanoru 2023 byla \u00famrtnost mezi t\u011bmi, kte\u0159\u00ed dostali \u010dty\u0159i o\u010dkov\u00e1n\u00ed proti COVID-19, o 318 % vy\u0161\u0161\u00ed ne\u017e u neo\u010dkovan\u00e9 skupiny.<\/span><\/li>\n<li><span>V ostatn\u00edch zkouman\u00fdch m\u011bs\u00edc\u00edch byla \u00famrtnost o 221 % a\u017e 290 % vy\u0161\u0161\u00ed u dosp\u00edvaj\u00edc\u00edch, kte\u0159\u00ed byli o\u010dkov\u00e1ni \u010dty\u0159mi, ne\u017e u neo\u010dkovan\u00fdch.<\/span><\/li>\n<li><span>Jin\u00e1 studie zjistila, \u017ee u o\u010dkovan\u00fdch d\u011bt\u00ed je v\u00fdrazn\u011b vy\u0161\u0161\u00ed pravd\u011bpodobnost vzniku astmatu, alergi\u00ed, ekz\u00e9m\u016f, respira\u010dn\u00edch infekc\u00ed, probl\u00e9m\u016f s chov\u00e1n\u00edm a dal\u0161\u00edch zdravotn\u00edch poruch ve srovn\u00e1n\u00ed s neo\u010dkovan\u00fdmi d\u011btmi.<\/span><\/li>\n<li><span>Samostatn\u00fd v\u00fdzkum zjistil, \u017ee na ka\u017ed\u00fd zachr\u00e1n\u011bn\u00fd \u017eivot p\u0159ipad\u00e1 t\u00e9m\u011b\u0159 14kr\u00e1t v\u00edce \u00famrt\u00ed zp\u016fsoben\u00fdch injekc\u00ed modifikovan\u00e9 mRNA [COVID-19].<\/span><\/li>\n<\/ul>\n<p><span>Podle \u00fadaj\u016f britsk\u00e9ho \u00fa\u0159adu pro n\u00e1rodn\u00ed statistiku (ONS) mlad\u00ed lid\u00e9, kte\u0159\u00ed byli v\u00edcekr\u00e1t o\u010dkov\u00e1ni proti COVID, m\u011bli v\u00fdrazn\u011b vy\u0161\u0161\u00ed pravd\u011bpodobnost \u00famrt\u00ed ne\u017e ti, kte\u0159\u00ed se nenechali o\u010dkovat. \u00dadaje zahrnuj\u00ed \u00famrt\u00ed podle stavu o\u010dkov\u00e1n\u00ed od 1. dubna 2021 do 31. kv\u011btna 2023, kdy byla o\u010dkovac\u00ed kampa\u0148 COVID-19 pln\u011b \u00fa\u010dinn\u00e1.<\/span><\/p>\n<p><span>Anal\u00fdza dat ze strany Expos\u00e9 odhalila znepokojiv\u00e9 zji\u0161t\u011bn\u00ed, \u017ee nejh\u016f\u0159e dopadli ti, kte\u0159\u00ed m\u011bli nejv\u00edce o\u010dkov\u00e1n\u00ed proti COVID-19:<\/span><\/p>\n<p><em><span>\u201eNa\u0161e anal\u00fdza se zam\u011b\u0159ila na \u00famrtnost na 100 000 osoborok\u016f od ledna do kv\u011btna 2023 mezi obyvateli Anglie ve v\u011bku 18 a\u017e 39 let, a to, co jsme zjistili, je skute\u010dn\u011b \u0161okuj\u00edc\u00ed. Prvotn\u00ed pozorov\u00e1n\u00ed \u00fadaj\u016f ukazuje, \u017ee lid\u00e9 v t\u00e9to v\u011bkov\u00e9 skupin\u011b, kte\u0159\u00ed dostali \u010dty\u0159i d\u00e1vky vakc\u00edny proti COVID-19, m\u011bli vy\u0161\u0161\u00ed \u00famrtnost ne\u017e jejich neo\u010dkovan\u00ed vrstevn\u00edci.<\/span><\/em><\/p>\n<p class=\"has-medium-font-size\"><span style=\"font-size: 18pt;\"><strong>\u00damrtnost o 318 % vy\u0161\u0161\u00ed u \u010dty\u0159n\u00e1sobn\u011b o\u010dkovan\u00fdch dosp\u00edvaj\u00edc\u00edch<\/strong><\/span><\/p>\n<p><span>Jak uvedl kanadsk\u00fd onkolog a v\u00fdzkumn\u00edk rakoviny Dr. William Makis poznamenal: \u201e\u010c\u00edm v\u00edce sn\u00edmk\u016f mRNA z\u00edsk\u00e1te, t\u00edm v\u011bt\u0161\u00ed po\u0161kozen\u00ed imunitn\u00edho syst\u00e9mu m\u016f\u017ee v\u00e9st k \u0159ad\u011b zdravotn\u00edch probl\u00e9m\u016f, v neposledn\u00ed \u0159ad\u011b k vy\u0161\u0161\u00edmu riziku zhor\u0161en\u00e9ho dohledu nad rakovinou a\u00a0<\/span><a href=\"https:\/\/takecontrol.substack.com\/p\/turbo-tumors-linked-to-covid-jabs\" target=\"_blank\" rel=\"noreferrer noopener\" data-type=\"link\" data-id=\"https:\/\/takecontrol.substack.com\/p\/turbo-tumors-linked-to-covid-jabs\"><span>turborakovin<\/span><\/a><span>\u00a0.<\/span><\/p>\n<p><span>Expos\u00e9 anal\u00fdza nazna\u010duje, \u017ee v\u00edcen\u00e1sobn\u00e1 o\u010dkov\u00e1n\u00ed tak\u00e9 zvy\u0161uj\u00ed \u00famrtnost ve v\u011bkov\u00e9 skupin\u011b 18 a\u017e 39 let. Ka\u017ed\u00fd m\u011bs\u00edc m\u011bli ti, kte\u0159\u00ed byli o\u010dkov\u00e1ni \u010dty\u0159mi COVID-19, v\u00fdrazn\u011b vy\u0161\u0161\u00ed riziko \u00famrt\u00ed ne\u017e ti, kte\u0159\u00ed \u017e\u00e1dn\u00e9 o\u010dkov\u00e1n\u00ed nedostali. Nap\u0159\u00edklad v lednu 2023 byla \u00famrtnost mezi t\u011bmi, kte\u0159\u00ed nikdy nebyli o\u010dkov\u00e1ni proti COVID-19, 31,1 na 100 000 osoborok\u016f.<\/span><\/p>\n<p><span>Naproti tomu u t\u011bch, kte\u0159\u00ed dostali \u010dty\u0159n\u00e1sobn\u00e9 o\u010dkov\u00e1n\u00ed, byla \u00famrtnost 106 na 100 000 osoborok\u016f. Dokonce i mezi t\u011bmi, kte\u0159\u00ed byli o\u010dkov\u00e1ni proti COVID-19, byla \u00famrtnost mnohem vy\u0161\u0161\u00ed ne\u017e u neo\u010dkovan\u00fdch, a to 53,3 na 100 000 osoborok\u016f tento m\u011bs\u00edc. Podle expos\u00e9:<\/span><\/p>\n<p><em><span>\u201eVe zb\u00fdvaj\u00edc\u00edch m\u011bs\u00edc\u00edch se \u00famrtnost neo\u010dkovan\u00fdch adolescent\u016f a mlad\u00fdch dosp\u011bl\u00fdch dr\u017eela v rozmez\u00ed asi 20 na 100 000 osoborok\u016f. U \u010dty\u0159n\u00e1sobn\u011b o\u010dkovan\u00fdch adolescent\u016f a mlad\u00fdch dosp\u011bl\u00fdch klesla \u00famrtnost na 80,9 na 100 000 pouze v dubnu a ve zb\u00fdvaj\u00edc\u00edch m\u011bs\u00edc\u00edch z\u016fstala mezi 85 a 106 na 100 000.<\/span><\/em><\/p>\n<p><em><span>Od ledna do kv\u011btna byla pr\u016fm\u011brn\u00e1 \u00famrtnost na 100 000 osoborok\u016f 26,56 u neo\u010dkovan\u00fdch dosp\u00edvaj\u00edc\u00edch a mlad\u00fdch dosp\u011bl\u00fdch a \u0161okuj\u00edc\u00edch 94,58 na 100 000 u \u010dty\u0159n\u00e1sobn\u011b o\u010dkovan\u00fdch dosp\u00edvaj\u00edc\u00edch a mlad\u00fdch dosp\u011bl\u00fdch. To znamen\u00e1, \u017ee ti \u010dty\u0159ikr\u00e1t o\u010dkovan\u00ed m\u011bli v pr\u016fm\u011bru o 256 % vy\u0161\u0161\u00ed riziko \u00famrt\u00ed ne\u017e ti neo\u010dkovan\u00ed, podle \u00famrtnosti na 100 000 lid\u00ed.\u201c<\/span><\/em><\/p>\n<p><span>V \u00fanoru 2023 v\u0161ak m\u011bli ti, kte\u0159\u00ed byli o\u010dkov\u00e1ni \u010dty\u0159mi COVID-19, o 318 % vy\u0161\u0161\u00ed \u00famrtnost ne\u017e neo\u010dkovan\u00e1 skupina. V ostatn\u00edch m\u011bs\u00edc\u00edch byla \u00famrtnost dosp\u00edvaj\u00edc\u00edch se \u010dty\u0159mi o\u010dkov\u00e1n\u00edmi o 221 % a\u017e 290 % vy\u0161\u0161\u00ed ne\u017e u neo\u010dkovan\u00fdch.<\/span><\/p>\n<p><span>\u201eTato \u010d\u00edsla jsou extr\u00e9mn\u011b znepokojiv\u00e1 a siln\u011b nazna\u010duj\u00ed, \u017ee o\u010dkov\u00e1n\u00ed proti Covid-19 zvy\u0161uje \u00famrtnost \u010dlov\u011bka, co\u017e zase nazna\u010duje, \u017ee o\u010dkov\u00e1n\u00ed proti Covid-19 zab\u00edj\u00ed teenagery a mlad\u00e9 dosp\u011bl\u00e9 po des\u00edtk\u00e1ch tis\u00edc,\u201c uv\u00e1d\u00ed The Expos\u00e9.<\/span><\/p>\n<p class=\"has-medium-font-size\"><span style=\"font-size: 18pt;\"><strong>Vakc\u00edny COVID-19 zabily v\u00edce lid\u00ed, ne\u017e zachr\u00e1nily<\/strong><\/span><\/p>\n<p><span>Jin\u00fd v\u00fdzkum dosp\u011bl k podobn\u00fdm z\u00e1v\u011br\u016fm, \u017ee injekce mRNA COVID mohou b\u00fdt fat\u00e1ln\u00ed. Nyn\u00ed sta\u017een\u00e1 zpr\u00e1va publikovan\u00e1 v \u010dasopise Cureus vyz\u00fdvala ke glob\u00e1ln\u00edmu moratoriu na o\u010dkov\u00e1n\u00ed mRNA COVID-19 s odkazem na v\u00fdznamn\u00fd n\u00e1r\u016fst z\u00e1va\u017en\u00fdch ne\u017e\u00e1douc\u00edch p\u0159\u00edhod mezi t\u011bmi, kte\u0159\u00ed dostali injekci, a na \u201enep\u0159ijateln\u011b vysok\u00fd pom\u011br \u0161kod a p\u0159\u00ednos\u016f\u201c.<\/span><\/p>\n<p><span>S p\u0159ihl\u00e9dnut\u00edm k absolutn\u00edmu riziku a \u201epo\u010dtu pot\u0159ebn\u00e9mu k o\u010dkov\u00e1n\u00ed\u201c (NNV), co\u017e je metrika, kter\u00e1 ud\u00e1v\u00e1, kolik lid\u00ed je t\u0159eba o\u010dkovat, aby se p\u0159ede\u0161lo jednomu dal\u0161\u00edmu p\u0159\u00edpadu konkr\u00e9tn\u00ed nemoci, recenze zjistila, \u017ee \u201eza ka\u017ed\u00fd zachr\u00e1n\u011bn\u00fd \u017eivot \u201et\u00e9m\u011b\u0159 14kr\u00e1t v\u00edce \u00famrt\u00ed bylo zp\u016fsobeno injekcemi modifikovan\u00e9 mRNA\u201c.<\/span><\/p>\n<p><span>Na ot\u00e1zku, pro\u010d byla studie sta\u017eena, autor studie Steve Kirsch odpov\u011bd\u011bl: &#8222;Jde o podporu p\u0159\u00edb\u011bhu.&#8220; Internista a kardiolog Dr. Peter McCullough, dal\u0161\u00ed autor studie, ozna\u010dil sta\u017een\u00ed za \u201eudivuj\u00edc\u00ed akt v\u011bdeck\u00e9 cenzury\u201c.<\/span><\/p>\n<p><span>Auto\u0159i studie \u2013 M. Nathaniel Mead, Stephanie Seneff, Ph.D., Russ Wolfinger, Ph.D., Jessica Rose, Ph.D., Kris Denhaerynck, Ph.D., Kirsch a McCullough \u2013 se neptali jen glob\u00e1ln\u00ed moratorium na mRNA vakcinaci COVID-19, ale tak\u00e9 uvedl, \u017ee injekce by m\u011bly b\u00fdt okam\u017eit\u011b odstran\u011bny z o\u010dkovac\u00edho kalend\u00e1\u0159e pro d\u011bti a p\u0159eo\u010dkov\u00e1n\u00ed by m\u011bly b\u00fdt pozastaveny.<\/span><\/p>\n<p><span>&#8222;Je neetick\u00e9 a nerozumn\u00e9 d\u00e1t d\u00edt\u011bti experiment\u00e1ln\u00ed vakc\u00ednu, kde se riziko \u00famrt\u00ed na Covid-19 bl\u00ed\u017e\u00ed nule, ale riziko trval\u00e9ho po\u0161kozen\u00ed srdce je 2,2 procenta na z\u00e1klad\u011b nejlep\u0161\u00edch dostupn\u00fdch prospektivn\u00edch \u00fadaj\u016f,&#8220; p\u00ed\u0161e se v dokumentu.<\/span><\/p>\n<p><span>Moratorium je opr\u00e1vn\u011bn\u00e9 kv\u016fli riziku z\u00e1va\u017en\u00fdch ne\u017e\u00e1douc\u00edch p\u0159\u00edhod, mechanism\u016fm za t\u011bmito ne\u017e\u00e1douc\u00edmi p\u0159\u00edhodami, \u00fadaj\u016fm o \u00famrtnosti a probl\u00e9m\u016fm s ne\u00fa\u010dinnost\u00ed, kontrolou a zpracov\u00e1n\u00edm vakc\u00edn. Podle zpr\u00e1vy:<\/span><\/p>\n<p><em><span>\u201eSchvalov\u00e1n\u00ed vakc\u00edn mRNA COVID-19 feder\u00e1ln\u00ed agenturou na celost\u00e1tn\u00ed \u00farovni pro celou populaci nebylo podpo\u0159eno poctiv\u00fdm posouzen\u00edm v\u0161ech relevantn\u00edch \u00fadaj\u016f o schv\u00e1len\u00ed a vhodnou rovnov\u00e1hou rizik a p\u0159\u00ednos\u016f.<\/span><\/em><\/p>\n<p><em><span>Vzhledem k rozs\u00e1hl\u00fdm, dob\u0159e zdokumentovan\u00fdm SAE [z\u00e1va\u017en\u00fdm ne\u017e\u00e1douc\u00edm p\u0159\u00edhod\u00e1m] a nep\u0159ijateln\u011b vysok\u00e9mu pom\u011bru \u0161kod a p\u0159\u00ednos\u016f vyz\u00fdv\u00e1me vl\u00e1dy, aby prosazovaly celosv\u011btov\u00e9 moratorium na produkty modifikovan\u00e9 mRNA, dokud nebudou v\u0161echny relevantn\u00ed ot\u00e1zky t\u00fdkaj\u00edc\u00ed se kauzality, zbytkov\u00e9 DNA a aberantn\u00edho proteinu. v\u00fdroba je zodpov\u011bzena.\u201c<\/span><\/em><\/p>\n<p class=\"has-medium-font-size\"><span style=\"font-size: 18pt;\"><strong>Jsou neo\u010dkovan\u00e9 d\u011bti zdrav\u011bj\u0161\u00ed ne\u017e o\u010dkovan\u00e9?<\/strong><\/span><\/p>\n<p><span>Dal\u0161\u00ed studie, kter\u00e1 je v rozporu s vypr\u00e1v\u011bn\u00edm, byla tak\u00e9 sta\u017eena. Studie Dr. Paul Thomas, kter\u00e9mu byla odebr\u00e1na l\u00e9ka\u0159sk\u00e1 licence pot\u00e9, co se vyslovil ve prosp\u011bch informovan\u00e9ho souhlasu s o\u010dkov\u00e1n\u00edm, a James Lyons-Weiler z Institutu pro \u010dist\u00e9 a aplikovan\u00e9 znalosti (IPAK) analyzovali data z pediatrick\u00e9 praxe za obdob\u00ed deseti let.<\/span><\/p>\n<p><span>Zam\u011b\u0159ila se na srovn\u00e1n\u00ed zdravotn\u00edch v\u00fdsledk\u016f mezi o\u010dkovan\u00fdmi a neo\u010dkovan\u00fdmi d\u011btmi. \u00dadaje uk\u00e1zaly, \u017ee o\u010dkovan\u00e9 d\u011bti m\u011bly v\u00fdrazn\u011b vy\u0161\u0161\u00ed m\u00edru:<\/span><\/p>\n<ul>\n<li><span>astma<\/span><\/li>\n<li><span>Alergie<\/span><\/li>\n<li><span>ekz\u00e9m<\/span><\/li>\n<li><span>Sinusitida<\/span><\/li>\n<li><span>gastroenteritida<\/span><\/li>\n<li><span>Infekce d\u00fdchac\u00edch cest<\/span><\/li>\n<li><span>Infekce st\u0159edn\u00edho ucha<\/span><\/li>\n<li><span>Z\u00e1n\u011bt spojivek<\/span><\/li>\n<li><span>Probl\u00e9my s d\u00fdch\u00e1n\u00edm<\/span><\/li>\n<li><span>probl\u00e9my s chov\u00e1n\u00edm<\/span><\/li>\n<\/ul>\n<p><span>Nav\u00edc \u017e\u00e1dn\u00e9 z 561 neo\u010dkovan\u00fdch d\u011bt\u00ed nem\u011blo poruchu pozornosti s hyperaktivitou (ADHD), zat\u00edmco 0,063 % \u010d\u00e1ste\u010dn\u011b a pln\u011b o\u010dkovan\u00fdch d\u011bt\u00ed ji m\u011blo. \u201eD\u016fsledky t\u011bchto v\u00fdsledk\u016f na \u010dist\u00fd dopad o\u010dkov\u00e1n\u00ed na ve\u0159ejn\u00e9 zdrav\u00ed na celou populaci a na informovan\u00fd souhlas pro lidsk\u00e9 zdrav\u00ed jsou p\u0159esv\u011bd\u010div\u00e9,\u201c p\u00ed\u0161\u00ed.<\/span><\/p>\n<p><span>Studie tak\u00e9 ukazuje, \u017ee m\u00edra poruch autistick\u00e9ho spektra v jejich praxi byla polovi\u010dn\u00ed ne\u017e celost\u00e1tn\u00ed pr\u016fm\u011br USA (0,84 % oproti 1,69 %). M\u00edra praxe ADHD byla tak\u00e9 p\u0159ibli\u017en\u011b polovi\u010dn\u00ed ne\u017e celost\u00e1tn\u00ed m\u00edra. \u201eData nazna\u010duj\u00ed, \u017ee neo\u010dkovan\u00e9 d\u011bti v ordinaci nejsou nezdrav\u011bj\u0161\u00ed ne\u017e ty o\u010dkovan\u00e9, a celkov\u00e9 v\u00fdsledky mohou dokonce nazna\u010dovat, \u017ee neo\u010dkovan\u00ed d\u011bt\u0161t\u00ed pacienti v ordinaci jsou celkov\u011b zdrav\u011bj\u0161\u00ed ne\u017e ti o\u010dkovan\u00ed,\u201c uvedli auto\u0159i.<\/span><\/p>\n<p><span>V\u00fdzkumn\u00edci po\u017eaduj\u00ed dal\u0161\u00ed studie na toto t\u00e9ma, kter\u00e9 by m\u011bly b\u00fdt provedeny nez\u00e1visle na o\u010dkovac\u00edm pr\u016fmyslu, a zd\u016fraz\u0148uj\u00ed pot\u0159ebu nezaujat\u00e9ho v\u00fdzkumu k pochopen\u00ed \u00fa\u010dink\u016f o\u010dkov\u00e1n\u00ed na zdrav\u00ed d\u011bt\u00ed. Kanadsk\u00fd onkolog a v\u00fdzkumn\u00edk rakoviny Dr. William Makis vysv\u011btlil:<\/span><\/p>\n<p><em><span>\u201eV\u00fdsledky nebyly ani vzd\u00e1len\u011b srovnateln\u00e9. Je to tot\u00e1ln\u00ed knockout. P\u0159i poslechu televizn\u00edch m\u00e9di\u00ed byste si mysleli, \u017ee v\u00fdsledky budou p\u0159esn\u00fdm opakem t\u011bchto zji\u0161t\u011bn\u00ed. Existuje d\u016fvod, pro\u010d za 100 let o\u010dkov\u00e1n\u00ed d\u011bt\u00ed NIKDY neprob\u011bhly retrospektivn\u00ed studie.<\/span><\/em><\/p>\n<p><em><span>Necht\u011bli byste vid\u011bt 5, 10, 15 nebo dokonce 20let\u00e9 studie o o\u010dkovan\u00fdch a neo\u010dkovan\u00fdch d\u011btech? Nebylo by to VELMI u\u017eite\u010dn\u00e9? Pro\u010d takov\u00e9 studie nikdy nebyly?<\/span><\/em><\/p>\n<p><em><span>Dok\u00e1zali by na 100% a nade v\u0161\u00ed pochybnost, \u017ee vakc\u00edny nejen\u017ee NEZABRA\u0147UJ\u00cd infekci a p\u0159enos, ale v\u00e1\u017en\u011b po\u0161kozuj\u00ed d\u011bti &#8211; zejm\u00e9na s alergiemi, z\u00e1n\u011bty st\u0159edn\u00edho ucha, autismem, d\u00fdchac\u00edmi probl\u00e9my, infekcemi dutin, respira\u010dn\u00edmi infekcemi, o\u010dn\u00edmi infekcemi, gastrointestin\u00e1ln\u00ed infekce, ekz\u00e9my a poruchy chov\u00e1n\u00ed.<\/span><\/em><\/p>\n<p><em><span>POKUD VAKC\u00cdNY P\u0158EDCH\u00c1ZEJ\u00cd INFEKC\u00cdM, tak pro\u010d jsou infekce u v\u0161ech Dr. Thomas o\u010dkoval d\u011bti v\u00fdrazn\u011b vy\u0161\u0161\u00ed? Jedn\u00e1 se o v\u00e1\u017en\u00e1 chronick\u00e1 onemocn\u011bn\u00ed, kter\u00e1 m\u011bn\u00ed \u017eivot. Vakc\u00edny posouvaj\u00ed imunitn\u00ed syst\u00e9m k alergi\u00edm a autoimunit\u011b a dal\u0161\u00ed typy infekc\u00ed jsou st\u00e1le \u010dast\u011bj\u0161\u00ed.<\/span><\/em><\/p>\n<p><em><span>Co to ve zkratce znamen\u00e1? Znamen\u00e1 to, \u017ee vakc\u00edny ni\u010d\u00ed imunitn\u00ed syst\u00e9m d\u00edt\u011bte, ka\u017ed\u00e9 o\u010dkov\u00e1n\u00ed je jin\u00e9, s jin\u00fdmi \u017eiv\u00fdmi viry a toxiny a jako prvn\u00ed zas\u00e1hnou d\u00edt\u011b se slab\u0161\u00edm imunitn\u00edm syst\u00e9mem.\u201c<\/span><\/em><\/p>\n<p class=\"has-medium-font-size\"><span style=\"font-size: 18pt;\"><strong>Jin\u00e9 studie ukazuj\u00ed, \u017ee zdravotn\u00ed probl\u00e9my jsou \u010dast\u011bj\u0161\u00ed u o\u010dkovan\u00fdch d\u011bt\u00ed<\/strong><\/span><\/p>\n<p><span>Zat\u00edmco mainstream pouze prosazuje my\u0161lenku, \u017ee \u201evakc\u00edny jsou bezpe\u010dn\u00e9 a \u00fa\u010dinn\u00e9\u201c, n\u011bkolik studi\u00ed uk\u00e1zalo, \u017ee tomu tak v\u017edy nen\u00ed. Studie zkoumala zdravotn\u00ed v\u00fdsledky\u00a0<\/span><a href=\"https:\/\/takecontrol.substack.com\/p\/vaccinated-vs-unvaccinated-populations\" target=\"_blank\" rel=\"noreferrer noopener\" data-type=\"link\" data-id=\"https:\/\/takecontrol.substack.com\/p\/vaccinated-vs-unvaccinated-populations\"><span>o\u010dkovan\u00fdch a neo\u010dkovan\u00fdch d\u011bt\u00ed<\/span><\/a><span>\u00a0ze t\u0159\u00ed l\u00e9ka\u0159sk\u00fdch prax\u00ed ve Spojen\u00fdch st\u00e1tech.<\/span><\/p>\n<p><span>U o\u010dkovan\u00fdch d\u011bt\u00ed bylo oproti neo\u010dkovan\u00fdm mnohem vy\u0161\u0161\u00ed riziko, \u017ee budou trp\u011bt r\u016fzn\u00fdmi zdravotn\u00edmi probl\u00e9my. Zejm\u00e9na pravd\u011bpodobnost rozvoje t\u011b\u017ek\u00fdch alergi\u00ed, autismu, gastrointestin\u00e1ln\u00edch onemocn\u011bn\u00ed, astmatu, ADHD a chronick\u00fdch u\u0161n\u00edch infekc\u00ed byla u o\u010dkovan\u00fdch d\u011bt\u00ed v\u00fdrazn\u011b vy\u0161\u0161\u00ed.<\/span><\/p>\n<p><span>O\u010dkovan\u00e9 d\u011bti m\u011bly v\u00edce ne\u017e \u010dty\u0159ikr\u00e1t vy\u0161\u0161\u00ed riziko z\u00e1va\u017en\u00fdch alergi\u00ed a v\u00edce ne\u017e dvacetkr\u00e1t vy\u0161\u0161\u00ed riziko ADHD ve srovn\u00e1n\u00ed s neo\u010dkovan\u00fdmi d\u011btmi. U o\u010dkovan\u00fdch d\u011bt\u00ed, kter\u00e9 nebyly kojeny nebo porodily c\u00edsa\u0159sk\u00fdm \u0159ezem, bylo nejvy\u0161\u0161\u00ed riziko negativn\u00edch zdravotn\u00edch n\u00e1sledk\u016f.<\/span><\/p>\n<p><span>Jin\u00e1 studie zjistila, \u017ee d\u011bti, kter\u00e9 byly o\u010dkov\u00e1ny p\u0159ed sv\u00fdmi prvn\u00edmi narozeninami, m\u011bly vy\u0161\u0161\u00ed riziko opo\u017ed\u011bn\u00e9ho v\u00fdvoje, astmatu a u\u0161n\u00edch infekc\u00ed. \u010c\u00edm v\u00edce d\u00e1vek vakc\u00edny d\u011bti dostaly, t\u00edm vy\u0161\u0161\u00ed bylo jejich riziko t\u011bchto zdravotn\u00edch probl\u00e9m\u016f. Nav\u00edc, kdy\u017e v\u011bdci sledovali v\u00fdvojov\u00e1 zpo\u017ed\u011bn\u00ed v pr\u016fb\u011bhu \u010dasu, riziko se zv\u00fd\u0161ilo, kdy\u017e d\u011bti st\u00e1rly, od 6 do 24 m\u011bs\u00edc\u016f.<\/span><\/p>\n<p><span>Riziko \u010dty\u0159 zdravotn\u00edch poruch \u2013 v\u00fdvojov\u00e9 opo\u017ed\u011bn\u00ed, astma, u\u0161n\u00ed infekce a gastrointestin\u00e1ln\u00ed onemocn\u011bn\u00ed \u2013 se tak\u00e9 zv\u00fd\u0161ilo, kdy\u017e se v\u011bk mo\u017en\u00e9 diagn\u00f3zy zv\u00fd\u0161il z minim\u00e1ln\u011b 3 let na minim\u00e1ln\u011b 5 let. V dal\u0161\u00edm p\u0159\u00edkladu v\u00fdzkumn\u00edci zkoumali zdrav\u00ed doma vzd\u011blan\u00fdch americk\u00fdch d\u011bt\u00ed a porovn\u00e1vali ty, kter\u00e9 byly o\u010dkovan\u00e9, s t\u011bmi, kter\u00e9 o\u010dkovan\u00e9 nebyly.<\/span><\/p>\n<p><span>Zat\u00edmco u o\u010dkovan\u00fdch d\u011bt\u00ed bylo m\u00e9n\u011b pravd\u011bpodobn\u00e9, \u017ee onemocn\u00ed plan\u00fdmi ne\u0161tovicemi nebo \u010dern\u00fdm ka\u0161lem (pertuse), \u010dast\u011bji trp\u00ed z\u00e1palem plic, u\u0161n\u00edmi infekcemi, alergiemi a neurov\u00fdvojov\u00fdmi poruchami, jako jsou poruchy u\u010den\u00ed, ADHD nebo autismus.<\/span><\/p>\n<p><span>Zvl\u00e1\u0161t\u011b vysok\u00e9 riziko neurov\u00fdvojov\u00fdch poruch bylo zji\u0161t\u011bno u p\u0159ed\u010dasn\u011b narozen\u00fdch i o\u010dkovan\u00fdch d\u011bt\u00ed; Tyto d\u011bti m\u011bly 6,6kr\u00e1t vy\u0161\u0161\u00ed pravd\u011bpodobnost rozvoje neurov\u00fdvojov\u00e9 poruchy ne\u017e ostatn\u00ed d\u011bti.<\/span><\/p>\n<p><span>Skute\u010dnost, \u017ee u neo\u010dkovan\u00fdch d\u011bt\u00ed nebyla zji\u0161t\u011bna \u017e\u00e1dn\u00e1 souvislost mezi p\u0159ed\u010dasn\u00fdm porodem a NDD, vyvol\u00e1v\u00e1 znepokojivou mo\u017enost, \u017ee o\u010dkovac\u00ed sch\u00e9ma p\u0159ed\u010dasn\u011b narozen\u00fdch d\u011bt\u00ed m\u016f\u017ee b\u00fdt odpov\u011bdn\u00e9 za neurologick\u00e9 poruchy, se kter\u00fdmi se setk\u00e1vaj\u00ed n\u011bkte\u0159\u00ed p\u0159ed\u010dasn\u011b narozen\u00e9 d\u011bti, o nich\u017e se d\u0159\u00edve p\u0159edpokl\u00e1dalo, \u017ee jsou jednodu\u0161e d\u016fsledkem p\u0159ed\u010dasn\u011b narozen\u00fdch d\u011bt\u00ed. narozen\u00ed.<\/span><\/p>\n<p><span>P\u0159edchoz\u00ed v\u00fdzkum publikovan\u00fd v \u010dasopise Human &amp; Experimental Toxicology tak\u00e9 uk\u00e1zal, \u017ee d\u011btsk\u00e1 \u00famrtnost koreluje s proo\u010dkovanost\u00ed d\u011bt\u00ed, p\u0159i\u010dem\u017e zem\u011b s vysokou proo\u010dkovanost\u00ed maj\u00ed vy\u0161\u0161\u00ed d\u011btskou \u00famrtnost. Re-anal\u00fdza studie, publikovan\u00e1 v \u00fanoru 2023 v \u010dasopise Cureus, potvrdila pozitivn\u00ed korelaci mezi\u00a0<\/span><a href=\"https:\/\/takecontrol.substack.com\/p\/infant-vaccines-lead-higher-infant-mortality\" target=\"_blank\" rel=\"noreferrer noopener\" data-type=\"link\" data-id=\"https:\/\/takecontrol.substack.com\/p\/infant-vaccines-lead-higher-infant-mortality\"><span>po\u010dtem d\u00e1vek vakc\u00edn a d\u011btskou \u00famrtnost\u00ed<\/span><\/a><span>\u00a0.<\/span><\/p>\n<p><span>V sou\u010dasn\u00e9 dob\u011b by o\u010dkovac\u00ed sch\u00e9ma pro d\u011bti nem\u011blo b\u00fdt pova\u017eov\u00e1no za bezpe\u010dn\u00e9 a \u00fa\u010dinn\u00e9 pro ka\u017ed\u00e9ho \u2013 a souvislost mezi o\u010dkov\u00e1n\u00edm mRNA COVID-19 a zv\u00fd\u0161enou \u00famrtnost\u00ed a dal\u0161\u00edmi v\u00fdznamn\u00fdmi zdravotn\u00edmi probl\u00e9my by m\u011bla d\u00e1t ka\u017ed\u00e9mu pauzu. Pokud se u v\u00e1s po o\u010dkov\u00e1n\u00ed COVID-19 nebo jin\u00e9m o\u010dkov\u00e1n\u00ed objevily neobvykl\u00e9 p\u0159\u00edznaky, m\u011bli byste vyhledat odbornou pomoc.<\/span><\/p>\n<p><span>Front Line COVID-19 Critical Care Alliance (FLCCC) tak\u00e9 vyvinula l\u00e9\u010debn\u00fd protokol pro zran\u011bn\u00ed zp\u016fsoben\u00e1 o\u010dkov\u00e1n\u00edm COVID-19. Jmenuje se\u00a0<\/span><a href=\"https:\/\/covid19criticalcare.com\/protocol\/i-recover-post-vaccine-treatment\/\" target=\"_blank\" rel=\"noreferrer noopener\" data-type=\"link\" data-id=\"https:\/\/covid19criticalcare.com\/protocol\/i-recover-post-vaccine-treatment\/\"><span>I-RECOVER<\/span><\/a><span>\u00a0a lze jej st\u00e1hnout na adrese covid19criticalcare.com.<\/span><\/p>\n<p><em>Anal\u00fdza od Dr. Josef Mercola<\/em><\/p>\n<p><strong><span style=\"font-size: 18pt;\">Prameny:<\/span><\/strong><\/p>\n<ul>\n<li><sup><span>1,\u00a0<\/span><\/sup>\u00a0<sup><span>3,\u00a0<\/span><\/sup>\u00a0<sup><span>5,\u00a0<\/span><\/sup>\u00a0<sup><span>6,\u00a0<\/span><\/sup>\u00a0<sup><span>7\u00a0<\/span><\/sup>\u00a0<a href=\"https:\/\/expose-news.com\/2024\/03\/03\/ons-confirms-4x-vaxxed-have-high-mortalitity-rate\/\" target=\"_blank\" rel=\"noreferrer noopener\"><span>The Expose 3. b\u0159ezna 2024<\/span><\/a><\/li>\n<li><sup><span>2\u00a0<\/span><\/sup>\u00a0<a href=\"https:\/\/www.ons.gov.uk\/peoplepopulationandcommunity\/birthsdeathsandmarriages\/deaths\/datasets\/deathsbyvaccinationstatusengland\" target=\"_blank\" rel=\"noreferrer noopener\"><span>Spojen\u00e9 kr\u00e1lovstv\u00ed \u00da\u0159ad pro n\u00e1rodn\u00ed statistiku, \u00damrt\u00ed podle stavu o\u010dkov\u00e1n\u00ed, Anglie, 25. srpna 2023<\/span><\/a><\/li>\n<li><sup><span>4\u00a0<\/span><\/sup>\u00a0<a href=\"https:\/\/rumble.com\/v3jxx2d-is-the-covid-vaccine-causing-turbo-cancers.html\" target=\"_blank\" rel=\"noreferrer noopener\"><span>Rumble, The HighWire s Del Bigtreem, Zp\u016fsobuje vakc\u00edna COVID Turbo rakovinu? 22. z\u00e1\u0159\u00ed 2023<\/span><\/a><\/li>\n<li><sup><span>8\u00a0<\/span><\/sup>\u00a0<a href=\"https:\/\/www.cureus.com\/articles\/203052-covid-19-mrna-vaccines-lessons-learned-from-the-registrational-trials-and-global-vaccination-campaign#!\/\" target=\"_blank\" rel=\"noreferrer noopener\"><span>Cureus 24. ledna 2024<\/span><\/a><\/li>\n<li><sup><span>9,\u00a0<\/span><\/sup>\u00a0<sup><span>15\u00a0<\/span><\/sup>\u00a0<a href=\"https:\/\/www.cureus.com\/articles\/203052-covid-19-mrna-vaccines-lessons-learned-from-the-registrational-trials-and-global-vaccination-campaign#!\/#abstract\" target=\"_blank\" rel=\"noreferrer noopener\"><span>Cureus 24. ledna 2024, Abstrakt<\/span><\/a><\/li>\n<li><sup><span>10\u00a0<\/span><\/sup>\u00a0<a href=\"https:\/\/www.cureus.com\/articles\/203052-covid-19-mrna-vaccines-lessons-learned-from-the-registrational-trials-and-global-vaccination-campaign#!\/#review\" target=\"_blank\" rel=\"noreferrer noopener\"><span>Cureus 24. ledna 2024, recenze<\/span><\/a><\/li>\n<li><sup><span>11\u00a0<\/span><\/sup>\u00a0<a href=\"https:\/\/kirschsubstack.com\/p\/our-paper-critical-of-the-covid-vaccines\" target=\"_blank\" rel=\"noreferrer noopener\"><span>Substack, zpravodaj Steva Kirsche z 18. \u00fanora 2024<\/span><\/a><\/li>\n<li><sup><span>12\u00a0<\/span><\/sup>\u00a0<a href=\"https:\/\/petermcculloughmd.substack.com\/p\/breaking-springer-nature-cureus-journal\" target=\"_blank\" rel=\"noreferrer noopener\"><span>Substack, odv\u00e1\u017en\u00fd diskurz 24. \u00fanora 2024<\/span><\/a><\/li>\n<li><sup><span>13\u00a0<\/span><\/sup>\u00a0<a href=\"https:\/\/www.worldtribune.com\/new-study-mrna-covid-shots-caused-more-deaths-than-they-saved\/\" target=\"_blank\" rel=\"noreferrer noopener\"><span>World Tribune 5. \u00fanora 2024<\/span><\/a><\/li>\n<li><sup><span>14\u00a0<\/span><\/sup>\u00a0<a href=\"https:\/\/childrenshealthdefense.org\/defender\/scientists-global-moratorium-mrna-vaccines-removal-childhood-schedule\/\" target=\"_blank\" rel=\"noreferrer noopener\"><span>Obrana zdrav\u00ed d\u011bt\u00ed 29. ledna 2024<\/span><\/a><\/li>\n<li><sup><span>16,\u00a0<\/span><\/sup>\u00a0<sup><span>18,\u00a0<\/span><\/sup>\u00a0<sup><span>19\u00a0<\/span><\/sup>\u00a0<a href=\"https:\/\/www.ncbi.nlm.nih.gov\/pmc\/articles\/PMC7709050\/\" target=\"_blank\" rel=\"noreferrer noopener\"><span>Int J Environ Res Ve\u0159ejn\u00e9 zdrav\u00ed. listopad 2020; 17(22): 8674<\/span><\/a><\/li>\n<li><sup><span>17,\u00a0<\/span><\/sup>\u00a0<sup><span>20\u00a0<\/span><\/sup>\u00a0<a href=\"https:\/\/makismd.substack.com\/p\/video-vaccinated-children-vs-unvaccinated\" target=\"_blank\" rel=\"noreferrer noopener\"><span>Substack, COVID Intel, Dr. William Makis 2. dubna 2024<\/span><\/a><\/li>\n<li><sup><span>21\u00a0<\/span><\/sup>\u00a0<a href=\"https:\/\/www.oatext.com\/health-effects-in-vaccinated-versus-unvaccinated-children-with-covariates-for-breastfeeding-status-and-type-of-birth.php\" target=\"_blank\" rel=\"noreferrer noopener\"><span>JTranslSci 7: 12. \u010dervna 2021 DOI: 10.15761\/JTS.1000459<\/span><\/a><\/li>\n<li><sup><span>22\u00a0<\/span><\/sup>\u00a0<a href=\"https:\/\/www.ncbi.nlm.nih.gov\/pmc\/articles\/PMC7268563\/\" target=\"_blank\" rel=\"noreferrer noopener\"><span>SAGE Open Med. 8: 2050312120925344<\/span><\/a><\/li>\n<li><sup><span>23\u00a0<\/span><\/sup>\u00a0<a href=\"https:\/\/www.oatext.com\/Pilot-comparative-study-on-the-health-of-vaccinated-and-unvaccinated-6-to-12-year-old-U-S-children.php\" target=\"_blank\" rel=\"noreferrer noopener\"><span>J Transl Sci 3: 24. dubna 2017 DOI: 10.15761\/JTS.1000186<\/span><\/a><\/li>\n<li><sup><span>24\u00a0<\/span><\/sup>\u00a0<a href=\"https:\/\/journals.sagepub.com\/doi\/10.1177\/0960327111407644\" target=\"_blank\" rel=\"noreferrer noopener\"><span>Human &amp; Experimental Toxicology 4. kv\u011btna 2011<\/span><\/a><\/li>\n<li><sup><span>25\u00a0<\/span><\/sup>\u00a0<a href=\"https:\/\/www.cureus.com\/articles\/134233-reaffirming-a-positive-correlation-between-number-of-vaccine-doses-and-infant-mortality-rates-a-response-to-critics#!\/\" target=\"_blank\" rel=\"noreferrer noopener\"><span>Cureus 2. \u00fanora 2023; 15(2):e34566<\/span><\/a><\/li>\n<li><sup><span>26\u00a0<\/span><\/sup>\u00a0<a href=\"https:\/\/covid19criticalcare.com\/protocol\/i-recover-post-vaccine-treatment\/\" target=\"_blank\" rel=\"noreferrer noopener\"><span>Covid19criticalcare.com<\/span><\/a><\/li>\n<\/ul>\n<\/div>\n<\/div>\n<div class=\"elementor-element elementor-element-8c57238 quelle dc-has-condition dc-condition-empty elementor-widget elementor-widget-heading\" data-id=\"8c57238\" data-element_type=\"widget\" data-widget_type=\"heading.default\">\n<h3 class=\"elementor-heading-title elementor-size-default\"><span style=\"font-size: 10pt;\"><a href=\"https:\/\/articles.mercola.com\/sites\/articles\/archive\/2024\/04\/13\/covid-vaccine-mortality-rate-youth.aspx\" target=\"_blank\" rel=\"nofollow noopener\">ZDROJ<\/a><\/p>\n<p><\/span><\/h3>\n<\/div>\n","protected":false},"excerpt":{"rendered":"<p>Historie na prvn\u00ed pohled Podle \u00fadaj\u016f britsk\u00e9ho \u00fa\u0159adu pro n\u00e1rodn\u00ed statistiku m\u011bli mlad\u00ed lid\u00e9, kte\u0159\u00ed&#8230;<\/p>\n","protected":false},"author":2,"featured_media":13901,"comment_status":"closed","ping_status":"closed","sticky":false,"template":"","format":"standard","meta":[],"categories":[7],"tags":[23,694,213,839,523,651],"_links":{"self":[{"href":"https:\/\/www.infokuryr.cz\/n\/wp-json\/wp\/v2\/posts\/51879"}],"collection":[{"href":"https:\/\/www.infokuryr.cz\/n\/wp-json\/wp\/v2\/posts"}],"about":[{"href":"https:\/\/www.infokuryr.cz\/n\/wp-json\/wp\/v2\/types\/post"}],"author":[{"embeddable":true,"href":"https:\/\/www.infokuryr.cz\/n\/wp-json\/wp\/v2\/users\/2"}],"replies":[{"embeddable":true,"href":"https:\/\/www.infokuryr.cz\/n\/wp-json\/wp\/v2\/comments?post=51879"}],"version-history":[{"count":0,"href":"https:\/\/www.infokuryr.cz\/n\/wp-json\/wp\/v2\/posts\/51879\/revisions"}],"wp:featuredmedia":[{"embeddable":true,"href":"https:\/\/www.infokuryr.cz\/n\/wp-json\/wp\/v2\/media\/13901"}],"wp:attachment":[{"href":"https:\/\/www.infokuryr.cz\/n\/wp-json\/wp\/v2\/media?parent=51879"}],"wp:term":[{"taxonomy":"category","embeddable":true,"href":"https:\/\/www.infokuryr.cz\/n\/wp-json\/wp\/v2\/categories?post=51879"},{"taxonomy":"post_tag","embeddable":true,"href":"https:\/\/www.infokuryr.cz\/n\/wp-json\/wp\/v2\/tags?post=51879"}],"curies":[{"name":"wp","href":"https:\/\/api.w.org\/{rel}","templated":true}]}}