{"id":51873,"date":"2024-04-19T00:33:06","date_gmt":"2024-04-18T22:33:06","guid":{"rendered":"https:\/\/www.infokuryr.cz\/n\/?p=51873"},"modified":"2024-04-18T15:25:29","modified_gmt":"2024-04-18T13:25:29","slug":"data-nizozemske-vlady-byla-hacknuta-a-bylo-ukradeno-ohromujici-mnozstvi-dat-o-vedlejsich-ucincich-covid","status":"publish","type":"post","link":"https:\/\/www.infokuryr.cz\/n\/2024\/04\/19\/data-nizozemske-vlady-byla-hacknuta-a-bylo-ukradeno-ohromujici-mnozstvi-dat-o-vedlejsich-ucincich-covid\/","title":{"rendered":"Data nizozemsk\u00e9 vl\u00e1dy byla hacknuta a bylo ukradeno ohromuj\u00edc\u00ed mno\u017estv\u00ed dat o vedlej\u0161\u00edch \u00fa\u010dinc\u00edch Covid!"},"content":{"rendered":"<div id=\"fb-root\"><\/div>\n<p><strong><span>\u0160kody zp\u016fsoben\u00e9 injekc\u00ed COVID: \u00da\u017easn\u00e9 mno\u017estv\u00ed shrom\u00e1\u017ed\u011bn\u00fdch dat. Nyn\u00ed jsou viditeln\u00e9 miliony z\u00e1znam\u016f.<\/span><\/strong><\/p>\n<p><span>Jim Ferguson ned\u00e1vno hovo\u0159il s datov\u00fdm analytikem Wouterem Aukemou, b\u00fdval\u00fdm poslancem Wybrenem van Haga a Anne Merel Kloosterman, z\u00e1stupkyn\u00ed ob\u011bt\u00ed vakc\u00edn. Ferguson zve\u0159ejnil rozhovor na X v \u00fater\u00fd.<\/span><\/p>\n<p><span>B\u011bhem rozhovoru se Aukema pod\u011blil o pozoruhodn\u00fd objev, kter\u00fd u\u010dinil. Rozhodl se st\u00e1hnout v\u0161echny hl\u00e1\u0161en\u00e9 p\u0159\u00edpady ne\u017e\u00e1douc\u00edch \u00fa\u010dink\u016f z webov\u00fdch str\u00e1nek Evropsk\u00e9 l\u00e9kov\u00e9 agentury (EMA). Tedy nejen korona vakc\u00edny, ale i dal\u0161\u00ed l\u00e9ky.<\/span><\/p>\n<p><span>Ru\u010dn\u00ed stahov\u00e1n\u00ed t\u011bchto dat by zam\u011bstnalo 100 lid\u00ed na 100 let, a tak napsal skript pro automatizaci procesu. T\u00edmto zp\u016fsobem se mu poda\u0159ilo st\u00e1hnout v\u0161echna data EMA b\u011bhem dvou hodin.<\/span><\/p>\n<p><strong>Napsal na X:<\/strong><\/p>\n<p><em><span>Exkluzivn\u00ed aktu\u00e1ln\u00ed zpr\u00e1va: nizozemsk\u00e1 vl\u00e1dn\u00ed data byla hacknuta a ukradeno ohromuj\u00edc\u00ed mno\u017estv\u00ed vedlej\u0161\u00edch \u00fa\u010dink\u016f Covid.<\/span><\/em><span>\u00a0\u00da\u017easn\u00e9 mno\u017estv\u00ed ukraden\u00fdch dat. Nyn\u00ed jsou viditeln\u00e9 miliony z\u00e1znam\u016f. Doch\u00e1z\u00ed k masivn\u00edmu pokusu o zakryt\u00ed, nejen ze strany vl\u00e1dy v Holandsku, ale v ka\u017ed\u00e9m n\u00e1rod\u011b, kter\u00fd byl infiltrov\u00e1n globalisty. Po\u010det zbyte\u010dn\u00fdch \u00famrt\u00ed exploduje, ale na\u0161e vl\u00e1dy ml\u010d\u00ed. Se mnou z Holandska jsou nizozem\u0161t\u00ed bojovn\u00edci za svobodu a hleda\u010di pravdy, b\u00fdval\u00fd nizozemsk\u00fd poslanec a podnikatel Wybren van Haga, obchodn\u00edk a datov\u00fd expert Wouter Aukema a Anne Merel Kloosterman, kter\u00e1 zastupuje mnoho ob\u011bt\u00ed o\u010dkov\u00e1n\u00ed. Nizozemsk\u00fd ministr zdravotnictv\u00ed lhal a mus\u00ed n\u00e9st odpov\u011bdnost. Poslanci jsou nuceni k soudu, ale rad\u0161i zaplat\u00ed pokuty ulo\u017een\u00e9 soudy, ne\u017e aby rozd\u00e1vali informace!!! Co mus\u00ed skr\u00fdvat?<\/span><\/p>\n<div class=\"twitter-tweet twitter-tweet-rendered\"><iframe id=\"twitter-widget-0\" class=\"\" title=\"P\u0159\u00edsp\u011bvek X\" src=\"https:\/\/platform.twitter.com\/embed\/Tweet.html?dnt=false&amp;embedId=twitter-widget-0&amp;features=eyJ0ZndfdGltZWxpbmVfbGlzdCI6eyJidWNrZXQiOltdLCJ2ZXJzaW9uIjpudWxsfSwidGZ3X2ZvbGxvd2VyX2NvdW50X3N1bnNldCI6eyJidWNrZXQiOnRydWUsInZlcnNpb24iOm51bGx9LCJ0ZndfdHdlZXRfZWRpdF9iYWNrZW5kIjp7ImJ1Y2tldCI6Im9uIiwidmVyc2lvbiI6bnVsbH0sInRmd19yZWZzcmNfc2Vzc2lvbiI6eyJidWNrZXQiOiJvbiIsInZlcnNpb24iOm51bGx9LCJ0ZndfZm9zbnJfc29mdF9pbnRlcnZlbnRpb25zX2VuYWJsZWQiOnsiYnVja2V0Ijoib24iLCJ2ZXJzaW9uIjpudWxsfSwidGZ3X21peGVkX21lZGlhXzE1ODk3Ijp7ImJ1Y2tldCI6InRyZWF0bWVudCIsInZlcnNpb24iOm51bGx9LCJ0ZndfZXhwZXJpbWVudHNfY29va2llX2V4cGlyYXRpb24iOnsiYnVja2V0IjoxMjA5NjAwLCJ2ZXJzaW9uIjpudWxsfSwidGZ3X3Nob3dfYmlyZHdhdGNoX3Bpdm90c19lbmFibGVkIjp7ImJ1Y2tldCI6Im9uIiwidmVyc2lvbiI6bnVsbH0sInRmd19kdXBsaWNhdGVfc2NyaWJlc190b19zZXR0aW5ncyI6eyJidWNrZXQiOiJvbiIsInZlcnNpb24iOm51bGx9LCJ0ZndfdXNlX3Byb2ZpbGVfaW1hZ2Vfc2hhcGVfZW5hYmxlZCI6eyJidWNrZXQiOiJvbiIsInZlcnNpb24iOm51bGx9LCJ0ZndfdmlkZW9faGxzX2R5bmFtaWNfbWFuaWZlc3RzXzE1MDgyIjp7ImJ1Y2tldCI6InRydWVfYml0cmF0ZSIsInZlcnNpb24iOm51bGx9LCJ0ZndfbGVnYWN5X3RpbWVsaW5lX3N1bnNldCI6eyJidWNrZXQiOnRydWUsInZlcnNpb24iOm51bGx9LCJ0ZndfdHdlZXRfZWRpdF9mcm9udGVuZCI6eyJidWNrZXQiOiJvbiIsInZlcnNpb24iOm51bGx9fQ%3D%3D&amp;frame=false&amp;hideCard=false&amp;hideThread=false&amp;id=1780143132832641333&amp;lang=de&amp;origin=https%3A%2F%2Funcutnews.ch%2Fdaten-der-niederlaendischen-regierung-gehackt-und-eine-erstaunliche-menge-an-daten-von-covid-nebenwirkungen-erbeutet%2F&amp;sessionId=9814854e5c5b15caacd50a742e0374b79ec4f547&amp;theme=light&amp;widgetsVersion=2615f7e52b7e0%3A1702314776716&amp;width=550px\" frameborder=\"0\" scrolling=\"no\" allowfullscreen=\"allowfullscreen\" data-tweet-id=\"1780143132832641333\" data-mce-fragment=\"1\"><\/iframe><\/div>\n<p><span>Po zaveden\u00ed koronavirov\u00e9 vakcinace po\u010det hl\u00e1\u0161en\u00fdch ne\u017e\u00e1douc\u00edch \u00fa\u010dink\u016f explodoval. O rok pozd\u011bji se stalo n\u011bco pozoruhodn\u00e9ho. Koncem roku 2022 a za\u010d\u00e1tkem roku 2023 explodoval po\u010det vedlej\u0161\u00edch \u00fa\u010dink\u016f n\u011bkter\u00fdch l\u00e9k\u016f, jako je Inflectra (infliximab) na z\u00e1n\u011bt a Keytruda (pembrolizumab) na rakovinu.<\/span><\/p>\n<p><span>To znamen\u00e1, \u017ee rok po zaveden\u00ed korona vakc\u00edny byly n\u00e1hle p\u0159edeps\u00e1ny l\u00e9ky na z\u00e1n\u011bt a rakovinu mnohem v\u00edce lidem ne\u017e obvykle.<\/span><\/p>\n<p><span>&#8222;Toto je velmi znepokojuj\u00edc\u00ed sign\u00e1l,&#8220; \u0159\u00edk\u00e1 Aukema. &#8222;To je docela \u0161okuj\u00edc\u00ed,&#8220; odpov\u011bd\u011bl Ferguson.<\/span><\/p>\n<p><span>Zeptal se sv\u00fdch t\u0159\u00ed host\u016f, zda si mysl\u00ed, \u017ee existuje program sni\u017eov\u00e1n\u00ed po\u010dtu obyvatel. &#8222;Podle m\u00e9ho v\u00fdzkumu: ano,&#8220; odpov\u011bd\u011bl Kloosterman.<\/span><\/p>\n<p><span>Aukema \u0159ekl, \u017ee nev\u00ed, jestli za t\u00edm byl n\u011bjak\u00fd zlov\u011bstn\u00fd z\u00e1m\u011br. &#8222;Zam\u011b\u0159uji se hlavn\u011b na data.&#8220;<\/span><\/p>\n<p><span>Van Haga si myslel, \u017ee je to zaj\u00edmav\u00e1 ot\u00e1zka. Podle jeho n\u00e1zoru n\u00e1s dr\u017e\u00ed jako rukojm\u00ed komunistick\u00e9 monstrum. Vych\u00e1zel z paralel s Pol Potem a Stalinem: \u00fato\u010dili tak\u00e9 na farm\u00e1\u0159e, vlastn\u00edky p\u016fdy a samotnou povahu soukrom\u00e9ho vlastnictv\u00ed.<\/span><\/p>\n<p><span>&#8222;\u0158\u00edkaj\u00ed, \u017ee lidstvo je pro planetu \u0161patn\u00e9, cht\u011bj\u00ed se n\u00e1s zbavit,&#8220; \u0159ekl Van Haga o t\u011bch, kte\u0159\u00ed jsou nad n\u00e1mi. \u201eJe to zvl\u00e1\u0161tn\u00ed ideologie. Cht\u011bj\u00ed, abychom zem\u0159eli, nem\u011bli d\u011bti a byli zabiti.&#8220;<\/span><\/p>\n<p><span>&#8222;To je velmi znepokojuj\u00edc\u00ed,&#8220; dodal Ferguson.<\/span><\/p>\n<p><img decoding=\"async\" loading=\"lazy\" class=\"alignnone size-full wp-image-1185\" src=\"http:\/\/www.infokuryr.cz\/n\/wp-content\/uploads\/2021\/04\/kuryr-podpis.png\" alt=\"\" width=\"84\" height=\"24\" \/><\/p>\n<p>&nbsp;<\/p>\n<p>&nbsp;<\/p>\n","protected":false},"excerpt":{"rendered":"<p>\u0160kody zp\u016fsoben\u00e9 injekc\u00ed COVID: \u00da\u017easn\u00e9 mno\u017estv\u00ed shrom\u00e1\u017ed\u011bn\u00fdch dat. Nyn\u00ed jsou viditeln\u00e9 miliony z\u00e1znam\u016f. Jim Ferguson&#8230;<\/p>\n","protected":false},"author":2,"featured_media":30290,"comment_status":"closed","ping_status":"closed","sticky":false,"template":"","format":"standard","meta":[],"categories":[7],"tags":[23,1620,2502,1301,651],"_links":{"self":[{"href":"https:\/\/www.infokuryr.cz\/n\/wp-json\/wp\/v2\/posts\/51873"}],"collection":[{"href":"https:\/\/www.infokuryr.cz\/n\/wp-json\/wp\/v2\/posts"}],"about":[{"href":"https:\/\/www.infokuryr.cz\/n\/wp-json\/wp\/v2\/types\/post"}],"author":[{"embeddable":true,"href":"https:\/\/www.infokuryr.cz\/n\/wp-json\/wp\/v2\/users\/2"}],"replies":[{"embeddable":true,"href":"https:\/\/www.infokuryr.cz\/n\/wp-json\/wp\/v2\/comments?post=51873"}],"version-history":[{"count":0,"href":"https:\/\/www.infokuryr.cz\/n\/wp-json\/wp\/v2\/posts\/51873\/revisions"}],"wp:featuredmedia":[{"embeddable":true,"href":"https:\/\/www.infokuryr.cz\/n\/wp-json\/wp\/v2\/media\/30290"}],"wp:attachment":[{"href":"https:\/\/www.infokuryr.cz\/n\/wp-json\/wp\/v2\/media?parent=51873"}],"wp:term":[{"taxonomy":"category","embeddable":true,"href":"https:\/\/www.infokuryr.cz\/n\/wp-json\/wp\/v2\/categories?post=51873"},{"taxonomy":"post_tag","embeddable":true,"href":"https:\/\/www.infokuryr.cz\/n\/wp-json\/wp\/v2\/tags?post=51873"}],"curies":[{"name":"wp","href":"https:\/\/api.w.org\/{rel}","templated":true}]}}