{"id":51871,"date":"2024-04-19T00:31:33","date_gmt":"2024-04-18T22:31:33","guid":{"rendered":"https:\/\/www.infokuryr.cz\/n\/?p=51871"},"modified":"2024-04-18T15:12:10","modified_gmt":"2024-04-18T13:12:10","slug":"andrew-korybko-macron-neustale-diskredituje-francii-tim-ze-na-fronte-zahranicni-politiky-dela-chybu-za-chybou","status":"publish","type":"post","link":"https:\/\/www.infokuryr.cz\/n\/2024\/04\/19\/andrew-korybko-macron-neustale-diskredituje-francii-tim-ze-na-fronte-zahranicni-politiky-dela-chybu-za-chybou\/","title":{"rendered":"Andrew Korybko: Macron neust\u00e1le diskredituje Francii t\u00edm, \u017ee na front\u011b zahrani\u010dn\u00ed politiky d\u011bl\u00e1 chybu za chybou"},"content":{"rendered":"<div id=\"fb-root\"><\/div>\n<p><strong>T\u00edmto tempem u\u017e nen\u00ed \u017e\u00e1dn\u00e1 v\u011brohodn\u00e1 \u0161ance, \u017ee Francie o\u017eiv\u00ed sv\u00e9 nez\u00e1visl\u00e9 zahrani\u010dn\u011bpolitick\u00e9 tradice po p\u011bti hlavn\u00edch zahrani\u010dn\u011bpolitick\u00fdch chyb\u00e1ch, kter\u00fdch se Macron dopustil jen za posledn\u00ed dva roky. Reputaci sv\u00e9 zem\u011b zp\u016fsobil takovou \u0161kodu, \u017ee ji nelze napravit, dokud z\u016fstane u moci.<\/strong><\/p>\n<p>Francouzsk\u00e9\u00a0<a href=\"https:\/\/www.lemonde.fr\/en\/france\/article\/2024\/04\/15\/macron-calls-for-israel-to-avoid-escalation-but-says-iran-s-attack-was-disproportionate_6668437_7.html\">zachycen\u00ed \u00edr\u00e1nsk\u00fdch raket nad Jord\u00e1nskem\u00a0<\/a>na za\u010d\u00e1tku tohoto m\u011bs\u00edce je Macronovou nejnov\u011bj\u0161\u00ed chybou, kter\u00e1 d\u00e1le diskredituje jeho zemi na zahrani\u010dn\u011bpolitick\u00e9 front\u011b. V roce 2018 si francouzsk\u00fd v\u016fdce\u00a0<a href=\"https:\/\/uk.news.yahoo.com\/without-france-lebanon-probably-war-162535845.html\">p\u0159ipsal z\u00e1sluhy\u00a0<\/a>za to, \u017ee zabr\u00e1nil p\u00e1du Libanonu do ob\u010dansk\u00e9 v\u00e1lky o rok d\u0159\u00edve pot\u00e9, co jeho diplomatick\u00e1 intervence pomohla vy\u0159e\u0161it krizi, kter\u00e1 vznikla po skand\u00e1ln\u00ed rezignaci b\u00fdval\u00e9ho premi\u00e9ra Har\u00edr\u00edho v Sa\u00fadsk\u00e9 Ar\u00e1bii. Zhruba v t\u00e9 dob\u011b koncem roku 2017 za\u010dal Macron tak\u00e9 mluvit o\u00a0<a href=\"https:\/\/www.bbc.com\/news\/world-europe-46108633\">budov\u00e1n\u00ed evropsk\u00e9 arm\u00e1dy\u00a0<\/a>.<\/p>\n<p>D\u00edky t\u011bmto krok\u016fm si mnoz\u00ed mysleli, \u017ee se Francie sna\u017e\u00ed o\u017eivit sv\u00e9 nez\u00e1visl\u00e9 zahrani\u010dn\u011b-politick\u00e9 tradice, jejich\u017e vn\u00edm\u00e1n\u00ed potvrdilo, \u017ee Macron na konci roku 2019\u00a0<a href=\"https:\/\/www.economist.com\/europe\/2019\/11\/07\/emmanuel-macron-warns-europe-nato-is-becoming-brain-dead\">The Economist \u0159ekl\u00a0<\/a>, \u017ee NATO ztratilo mozek. Amerika se pozd\u011bji Francii pomstila t\u00edm, \u017ee o dva roky pozd\u011bji uko\u0159istila s Austr\u00e1li\u00ed mnohamiliardovou dohodu o jadern\u00e9 ponorce, aby vytvo\u0159ila AUKUS. Rozd\u00edln\u00e9 zahrani\u010dn\u011bpolitick\u00e9 vize mezi t\u011bmito dv\u011bma v pr\u016fb\u011bhu p\u011bti let 2017\u20132021 se jasn\u011b staly trendem.<\/p>\n<p>To se v\u0161ak za\u010dalo m\u011bnit pot\u00e9, co o p\u016fl roku pozd\u011bji na za\u010d\u00e1tku roku 2022 vypukla na Ukrajin\u011b\u00a0<a href=\"https:\/\/korybko.substack.com\/p\/20-constructive-critiques-about-russias\">z\u00e1stupn\u00e1 v\u00e1lka\u00a0<\/a><a href=\"https:\/\/astutenews.com\/2022\/03\/russia-is-waging-an-existential-struggle-in-defense-of-its-independence-sovereignty\/\">NATO-Rusko\u00a0<\/a>, proto\u017ee Francie okam\u017eit\u011b nasko\u010dila do americk\u00e9ho vlaku sankcionov\u00e1n\u00edm Ruska a vyzbrojen\u00edm Ukrajiny. To byla Macronova prvn\u00ed velk\u00e1 zahrani\u010dn\u011bpolitick\u00e1 chyba, proto\u017ee zdiskreditovala p\u0159edstavu, kterou se od roku 2017 sna\u017eil vybudovat, \u017ee Francie pod jeho veden\u00edm o\u017eiv\u00ed sv\u00e9 nez\u00e1visl\u00e9 zahrani\u010dn\u011bpolitick\u00e9 tradice.<\/p>\n<p>Achillovou patou tohoto p\u0159\u00edstupu po celou dobu z\u016fst\u00e1vala Afrika, kde Francie nad\u00e1le vl\u00e1dla sv\u00fdm b\u00fdval\u00fdm imperi\u00e1ln\u00edm poddan\u00fdm prost\u0159ednictv\u00edm hrub\u00e9 formy neokolonialismu, kter\u00fd brzdil jejich socioekonomick\u00fd rozvoj. Na t\u00e9to front\u011b nebyla velk\u00e1 dynamika a\u017e do roku 2022-2023 pot\u00e9, co se p\u0159\u00edslu\u0161n\u00e9 vlasteneck\u00e9 vojensk\u00e9 p\u0159evraty v\u00a0<a href=\"https:\/\/korybko.substack.com\/p\/burkina-fasos-interim-president-told\">Burkin\u011b Faso\u00a0<\/a>a\u00a0<a href=\"https:\/\/korybko.substack.com\/p\/heres-why-the-us-is-responsible-for\">Niger\u00a0<\/a>spojily, aby\u00a0<a href=\"https:\/\/korybko.substack.com\/p\/nigeria-is-to-blame-for-the-sahelian\">osvobodily Sahel\u00a0<\/a>z francouzsk\u00e9 \u201esf\u00e9ry vlivu\u201c, p\u0159edt\u00edm mohl Macron reformovat tuto politiku, aby to preventivn\u011b odvr\u00e1til.<\/p>\n<p>V tom spo\u010d\u00edv\u00e1 druh\u00e1 z jeho hlavn\u00edch zahrani\u010dn\u011bpolitick\u00fdch chyb od t\u00e9 doby, kdy nezach\u00e1zel s t\u011bmito zem\u011bmi s respektem, kter\u00fd si zaslou\u017e\u00ed, zejm\u00e9na t\u00edm, \u017ee nenab\u00edzel nouzovou pomoc, kter\u00e1 by jim pomohla zvl\u00e1dnout dom\u00e1c\u00ed krize zp\u016fsoben\u00e9 protirusk\u00fdmi sankcemi Z\u00e1padu, co\u017e nakonec znamenalo konec z \u201eFran\u00e7afrique\u201c. Francie tam mohla m\u00edsto toho vyhl\u00e1sit skute\u010dn\u011b nez\u00e1vislou zahrani\u010dn\u00ed politiku navr\u017eenou tak, aby si zachovala sv\u016fj historick\u00fd vliv v sou\u010dasn\u00fdch podm\u00ednk\u00e1ch, co\u017e by j\u00ed umo\u017enilo\u00a0<a href=\"https:\/\/korybko.substack.com\/p\/russias-newfound-appeal-to-african\">l\u00e9pe\u00a0<\/a><a href=\"https:\/\/korybko.substack.com\/p\/american-officials-told-politico\">konkurovat\u00a0<\/a>Rusku.<\/p>\n<p>Panika, kterou v Pa\u0159\u00ed\u017ei vyvolal \u00fastup Francie ze Sahelu, p\u0159im\u011bla Macrona, aby to kompenzoval pokusem o vytvo\u0159en\u00ed \u201esf\u00e9ry vlivu\u201c na ji\u017en\u00edm Kavkaze se zam\u011b\u0159en\u00edm na Arm\u00e9nii. Za t\u00edmto \u00fa\u010delem se jeho zem\u011b p\u0159ipojila k USA ve snaze vyl\u00e1kat Arm\u00e9nii z CSTO vyu\u017eit\u00edm fale\u0161n\u00fdch p\u0159edstav o nespolehlivosti Ruska. Tento p\u0159\u00edb\u011bh o informa\u010dn\u00ed v\u00e1lce byl v arm\u00e9nsk\u00e9 spole\u010dnosti agresivn\u011b propagov\u00e1n\u00a0<a href=\"https:\/\/korybko.substack.com\/p\/the-artificially-manufactured-ethnic\">ultranacionalistickou lobby diaspory\u00a0<\/a>se s\u00eddlem ve Francii (Pa\u0159\u00ed\u017e) a USA (Kalifornie).<\/p>\n<p>I kdy\u017e to bylo \u00fasp\u011b\u0161n\u00e9 v tom smyslu, \u017ee Arm\u00e9nie\u00a0<a href=\"https:\/\/korybko.substack.com\/p\/armenias-decision-to-freeze-participation\">zmrazila svou \u00fa\u010dast v CSTO\u00a0<\/a>a\u00a0<a href=\"https:\/\/korybko.substack.com\/p\/lavrov-warned-armenia-against-ceding\">rozhodn\u011b se obr\u00e1tila\u00a0<\/a>sm\u011brem k Z\u00e1padu, od kter\u00e9ho nyn\u00ed hled\u00e1 \u201e\u00a0<a href=\"https:\/\/korybko.substack.com\/p\/korybko-to-azeri-media-heres-why\">bezpe\u010dnostn\u00ed\u00a0<\/a><a href=\"https:\/\/korybko.substack.com\/p\/western-security-guarantees-for-armenia\">z\u00e1ruky\u00a0<\/a>\u201c, bylo to pravd\u011bpodobn\u011b Pyrrhovo v\u00edt\u011bzstv\u00ed pro Francii, proto\u017ee to zni\u010dilo vztahy s Tureckem. Vzhledem k tomu, \u017ee tato zem\u011b m\u00e1 obrovsk\u00fd vliv v cel\u00e9m isl\u00e1msk\u00e9m sv\u011bt\u011b, lze francouzskou proarm\u00e9nskou politiku pova\u017eovat za t\u0159et\u00ed hlavn\u00ed Macronovu chybu zahrani\u010dn\u00ed politiky, proto\u017ee negativn\u011b ovlivnila pohled muslim\u016f na Francii.<\/p>\n<p>Pokud jde o \u010dtvrtou, jednalo se o jeho hrozbu z konce \u00fanora prov\u00e9st\u00a0<a href=\"https:\/\/thealtworld.com\/andrew_korybko\/natos-debate-over-whether-to-conventionally-intervene-in-ukraine-shows-its-desperation\">konven\u010dn\u00ed vojenskou intervenci na Ukrajin\u011b\u00a0<\/a>, kter\u00e1 by podle n\u011bj mohla nastat v okol\u00ed Kyjeva anebo\u00a0<a href=\"https:\/\/korybko.substack.com\/p\/france-will-likely-seek-to-secure\">Od\u011bsy\u00a0<\/a>v p\u0159\u00edpad\u011b, \u017ee Rusko\u00a0<a href=\"https:\/\/korybko.substack.com\/p\/the-ukrainian-intelligence-committee\">dos\u00e1hne pr\u016flomu\u00a0<\/a>p\u0159es frontov\u00e9 linie n\u011bkdy koncem tohoto roku. D\u016fvod, pro\u010d to lze pova\u017eovat za velkou zahrani\u010dn\u011bpolitickou chybu, je ten, \u017ee to okam\u017eit\u011b odhalilo hlubok\u00e9 rozpory uvnit\u0159 NATO ohledn\u011b tohoto sc\u00e9n\u00e1\u0159e pot\u00e9, co mnoho v\u016fdc\u016f odsoudilo jeho neuv\u00e1\u017een\u00e9 tvrzen\u00ed, \u017ee to \u201enelze vylou\u010dit\u201c.<\/p>\n<p>Evidentn\u011b si myslel, \u017ee prezentovat Francii jako extr\u00e9mn\u011b jest\u0159\u00e1b\u00ed k Rusku by z\u00e1padn\u00ed elitu a jej\u00ed spole\u010dnost oslovilo, ale pot\u00e9, co reagovali zd\u011b\u0161en\u00edm, se stal prav\u00fd opak. Francie zdaleka nevypadala jako v\u016fdce, ale vypadala jako voln\u00e9 d\u011blo, kter\u00e9 riskovalo rozpout\u00e1n\u00ed t\u0159et\u00ed sv\u011btov\u00e9 v\u00e1lky \u0161patn\u00fdm odhadem, s n\u011bkter\u00fdmi obavami, \u017ee se Macronovo nechvaln\u011b zn\u00e1m\u00e9 ego kone\u010dn\u011b st\u00e1v\u00e1 nebezpe\u010d\u00edm pro v\u0161echny. Tyto nov\u011b objeven\u00e9 vjemy pochopiteln\u011b zdiskreditovaly Francii v o\u010d\u00edch jej\u00edch spojenc\u016f.<\/p>\n<p>A kone\u010dn\u011b p\u00e1tou a zat\u00edm posledn\u00ed velkou zahrani\u010dn\u011bpolitickou chybou bylo, kdy\u017e Macron na\u0159\u00eddil sv\u00fdm pilot\u016fm v Jord\u00e1nsku, aby zachytili n\u011bkter\u00e9 rakety, kter\u00e9\u00a0<a href=\"https:\/\/korybko.substack.com\/p\/a-duma-member-described-irans-retaliation\">\u00cdr\u00e1n odp\u00e1lil proti Izraeli\u00a0<\/a>jako odvetu za\u00a0<a href=\"https:\/\/thealtworld.com\/andrew_korybko\/israels-bombing-of-the-iranian-consulate-in-damascus-was-a-strategic-mistake\">bombardov\u00e1n\u00ed jeho konzul\u00e1tu v Dama\u0161ku\u00a0<\/a>. T\u00edm zasadil smrtelnou r\u00e1nu francouzsk\u00e9 m\u011bkk\u00e9 s\u00edle v isl\u00e1msk\u00e9m sv\u011bt\u011b, na jeho\u017e zlep\u0161en\u00ed po diplomatick\u00e9 intervenci v Libanonu koncem roku 2017 tak tvrd\u011b pracoval. T\u00edm, \u017ee Macron otev\u0159en\u011b stoj\u00ed na stran\u011b Izraele, riskuje tak\u00e9 vyvol\u00e1n\u00ed hn\u011bvu francouzsk\u00fdch muslim\u016f.<\/p>\n<p>Tato demografick\u00e1 skupina je snadno mobilizovateln\u00e1 a m\u00e1 zku\u0161enosti s rozvracen\u00edm spole\u010dnosti rozs\u00e1hl\u00fdmi protesty, kter\u00e9 jejich komunitn\u00ed v\u016fdci v pr\u016fb\u011bhu let organizovali pod r\u016fzn\u00fdmi z\u00e1minkami. Jsou tak\u00e9 d\u016fle\u017eit\u00fdm volebn\u00edm blokem, mezi nimi jsou ob\u010dan\u00e9, co\u017e by mohlo zna\u010dn\u011b zt\u00ed\u017eit jeho schopnost jmenovat n\u00e1stupce, jakmile vypr\u0161\u00ed jeho druh\u00e9 funk\u010dn\u00ed obdob\u00ed v roce 2027. Francouz\u0161t\u00ed muslimov\u00e9 mohou volit jin\u00e9 kandid\u00e1ty, a t\u00edm sn\u00ed\u017eit \u0161ance, \u017ee Macron\u016fv preferovan\u00fd postupuje do druh\u00e9ho kola.<\/p>\n<p>Macronovo \u0159\u00e1d\u011bn\u00ed velk\u00fdch zahrani\u010dn\u011bpolitick\u00fdch chyb nemus\u00ed b\u00fdt jen jeho osobn\u00ed z\u00e1sluhou, ale m\u016f\u017ee b\u00fdt alespo\u0148 \u010d\u00e1ste\u010dn\u011b p\u0159isuzov\u00e1no syst\u00e9mov\u00fdm faktor\u016fm. Valdajsk\u00fd klub minul\u00fd m\u011bs\u00edc zve\u0159ejnil svou studii \u201e\u00a0<a href=\"https:\/\/valdaiclub.com\/files\/44267\/\">Vytv\u00e1\u0159en\u00ed n\u00e1rodn\u00edch z\u00e1jm\u016f: Jak diplomatick\u00e1 p\u0159\u00edprava ovliv\u0148uje suverenitu\u00a0<\/a>\u201c, ve kter\u00e9 tvrd\u00ed, \u017ee reformy prov\u00e1d\u011bn\u00e9 za jeho vl\u00e1dy riskuj\u00ed sn\u00ed\u017een\u00ed role n\u00e1rodn\u00edch diplomatick\u00fdch tradic. V praxi se n\u00e1rodn\u00ed funkcion\u00e1\u0159i prom\u011b\u0148uj\u00ed v glob\u00e1ln\u00ed, nebo v podstat\u011b loutky USA.<\/p>\n<p>Koneckonc\u016f, zat\u00edmco Macron m\u00e1 posledn\u00ed slovo v zahrani\u010dn\u00ed politice, je tak\u00e9 doporu\u010dov\u00e1n diplomatick\u00fdmi experty ohledn\u011b nejlep\u0161\u00edho mo\u017en\u00e9ho p\u0159\u00edstupu k prosazov\u00e1n\u00ed francouzsk\u00fdch z\u00e1jm\u016f v jak\u00e9koli dan\u00e9 situaci. Nam\u00edsto toho, aby konceptualizovali tyto z\u00e1jmy jako n\u00e1rodn\u00ed, jako to ud\u011blali na za\u010d\u00e1tku jeho prezidentstv\u00ed b\u011bhem libanonsk\u00e9 krize v roce 2017 p\u0159ed jeho reformami na po\u010d\u00e1tku roku 2022, v roce, kdy v\u0161echno za\u010dalo j\u00edt z kopce, za\u010dali je ch\u00e1pat jako neodd\u011bliteln\u00e9 od kolektivn\u00edho Z\u00e1padu. To se rovnalo \u00fastupu suverenity.<\/p>\n<p>Kone\u010dn\u00fdm v\u00fdsledkem bylo, \u017ee se Francie nad\u0161en\u011b p\u0159ipojila k z\u00e1stupn\u00e9 v\u00e1lce NATO proti Rusku, ztratila svou \u201esf\u00e9ru vlivu\u201c v Sahelu, zni\u010dila vztahy s Tureckem (kter\u00e9 ji\u017e byly oslabeny kv\u016fli Macronov\u00fdm p\u0159edchoz\u00edm spor\u016fm) spojenectv\u00edm s Arm\u00e9ni\u00ed, ztratila d\u016fv\u011bru NATO spojenci t\u00edm, \u017ee prozradila podrobnosti o jejich tajn\u00fdch debat\u00e1ch o konven\u010dn\u00edm zasahov\u00e1n\u00ed na Ukrajin\u011b, a zdiskreditovala se p\u0159ed v\u0161emi muslimy t\u00edm, \u017ee se otev\u0159en\u011b postavila na stranu Izraele proti \u00cdr\u00e1nu pot\u00e9, co sest\u0159elila jeho p\u0159il\u00e9taj\u00edc\u00ed rakety nad Jord\u00e1nem.<\/p>\n<p>T\u00edmto tempem u\u017e nen\u00ed \u017e\u00e1dn\u00e1 v\u011brohodn\u00e1 \u0161ance, \u017ee Francie o\u017eiv\u00ed sv\u00e9 nez\u00e1visl\u00e9 zahrani\u010dn\u011bpolitick\u00e9 tradice po p\u011bti hlavn\u00edch zahrani\u010dn\u011bpolitick\u00fdch chyb\u00e1ch, kter\u00fdch se Macron dopustil jen za posledn\u00ed dva roky. Reputaci sv\u00e9 zem\u011b zp\u016fsobil takovou \u0161kodu, \u017ee ji nelze napravit, dokud z\u016fstane u moci. Je\u0161t\u011b hor\u0161\u00ed je, \u017ee doma nar\u00e1\u017e\u00ed do sr\u0161n\u00edho hn\u00edzda t\u00edm, \u017ee riskuje dal\u0161\u00ed muslimsk\u00e9 nepokoje kv\u016fli sv\u00e9 tvrd\u00e9 proizraelsk\u00e9 politice, co\u017e v\u0161echno je pro budoucnost Francie v nadch\u00e1zej\u00edc\u00edch letech \u0161patn\u00e9.<\/p>\n<p><a href=\"https:\/\/korybko.substack.com\/p\/macron-keeps-discrediting-france\">Andrew Korybko, PhD<\/a><\/p>\n<p><img decoding=\"async\" loading=\"lazy\" class=\"alignnone  wp-image-22017\" src=\"http:\/\/www.infokuryr.cz\/n\/wp-content\/uploads\/2023\/01\/andrew-korybko-300x300.jpg\" alt=\"\" width=\"191\" height=\"191\" srcset=\"https:\/\/www.infokuryr.cz\/n\/wp-content\/uploads\/2023\/01\/andrew-korybko-300x300.jpg 300w, https:\/\/www.infokuryr.cz\/n\/wp-content\/uploads\/2023\/01\/andrew-korybko-150x150.jpg 150w, https:\/\/www.infokuryr.cz\/n\/wp-content\/uploads\/2023\/01\/andrew-korybko.jpg 400w\" sizes=\"(max-width: 191px) 100vw, 191px\" \/><\/p>\n<p>&nbsp;<\/p>\n","protected":false},"excerpt":{"rendered":"<p>T\u00edmto tempem u\u017e nen\u00ed \u017e\u00e1dn\u00e1 v\u011brohodn\u00e1 \u0161ance, \u017ee Francie o\u017eiv\u00ed sv\u00e9 nez\u00e1visl\u00e9 zahrani\u010dn\u011bpolitick\u00e9 tradice po&#8230;<\/p>\n","protected":false},"author":2,"featured_media":35898,"comment_status":"closed","ping_status":"closed","sticky":false,"template":"","format":"standard","meta":[],"categories":[7],"tags":[1042,130,307,122],"_links":{"self":[{"href":"https:\/\/www.infokuryr.cz\/n\/wp-json\/wp\/v2\/posts\/51871"}],"collection":[{"href":"https:\/\/www.infokuryr.cz\/n\/wp-json\/wp\/v2\/posts"}],"about":[{"href":"https:\/\/www.infokuryr.cz\/n\/wp-json\/wp\/v2\/types\/post"}],"author":[{"embeddable":true,"href":"https:\/\/www.infokuryr.cz\/n\/wp-json\/wp\/v2\/users\/2"}],"replies":[{"embeddable":true,"href":"https:\/\/www.infokuryr.cz\/n\/wp-json\/wp\/v2\/comments?post=51871"}],"version-history":[{"count":0,"href":"https:\/\/www.infokuryr.cz\/n\/wp-json\/wp\/v2\/posts\/51871\/revisions"}],"wp:featuredmedia":[{"embeddable":true,"href":"https:\/\/www.infokuryr.cz\/n\/wp-json\/wp\/v2\/media\/35898"}],"wp:attachment":[{"href":"https:\/\/www.infokuryr.cz\/n\/wp-json\/wp\/v2\/media?parent=51871"}],"wp:term":[{"taxonomy":"category","embeddable":true,"href":"https:\/\/www.infokuryr.cz\/n\/wp-json\/wp\/v2\/categories?post=51871"},{"taxonomy":"post_tag","embeddable":true,"href":"https:\/\/www.infokuryr.cz\/n\/wp-json\/wp\/v2\/tags?post=51871"}],"curies":[{"name":"wp","href":"https:\/\/api.w.org\/{rel}","templated":true}]}}