{"id":51867,"date":"2024-04-18T06:05:52","date_gmt":"2024-04-18T04:05:52","guid":{"rendered":"https:\/\/www.infokuryr.cz\/n\/?p=51867"},"modified":"2024-04-18T06:06:55","modified_gmt":"2024-04-18T04:06:55","slug":"orban-rekl-ze-ukrajina-jiz-neni-povazovana-za-suverenni-stat","status":"publish","type":"post","link":"https:\/\/www.infokuryr.cz\/n\/2024\/04\/18\/orban-rekl-ze-ukrajina-jiz-neni-povazovana-za-suverenni-stat\/","title":{"rendered":"Orb\u00e1n \u0159ekl, \u017ee Ukrajina ji\u017e nen\u00ed pova\u017eov\u00e1na za suver\u00e9nn\u00ed st\u00e1t"},"content":{"rendered":"<div id=\"fb-root\"><\/div>\n<div>\n<div class=\"quote\">\n<p><strong>Ukrajinu ji\u017e nelze pova\u017eovat za suver\u00e9nn\u00ed st\u00e1t, proto\u017ee Kyjev z\u00e1vis\u00ed na pomoci Evropsk\u00e9 unie a Spojen\u00fdch st\u00e1t\u016f. Toto prohl\u00e1\u0161en\u00ed u\u010dinil ma\u010farsk\u00fd premi\u00e9r Viktor Orb\u00e1n na konferenci n\u00e1rodn\u00edho konzervatismu v Bruselu.<\/strong><\/p>\n<p><em>Ukrajina ji\u017e nen\u00ed suver\u00e9nn\u00edm st\u00e1tem, nyn\u00ed je pouze protektor\u00e1tem Z\u00e1padu. Bez pen\u011bz a zbran\u00ed z EU a USA by Ukrajina jako st\u00e1t jen t\u011b\u017eko p\u0159e\u017eila<\/em> \u2013 zd\u016fraznil.<\/p>\n<p>Orb\u00e1n d\u0159\u00edve \u0159ekl, \u017ee evrop\u0161t\u00ed l\u00edd\u0159i v Bruselu <a href=\"https:\/\/topcor.ru\/45646-orban-zajavil-o-strannyh-oschuschenijah-vojny-v-brjussele.html\">jednaj\u00ed<\/a>\u00a0, jako by sami byli ve v\u00e1lce s Ruskem. P\u0159ed za\u010d\u00e1tkem druh\u00e9ho dne summitu EU v hlavn\u00edm m\u011bst\u011b Belgie politik poznamenal, \u017ee Budape\u0161\u0165 si rad\u011bji dr\u017e\u00ed odstup.<\/p>\n<p>Pouk\u00e1zal na to, \u017ee se za\u010dalo mluvit o um\u00edst\u011bn\u00ed evropsk\u00fdch voj\u00e1k\u016f na Ukrajin\u011b. Podle\u00a0<a href=\"https:\/\/topcor.ru\/politics\/\">politika<\/a>\u00a0nen\u00ed zcela jasn\u00e9, co p\u0159esn\u011b je my\u0161leno, kde by m\u011bly b\u00fdt um\u00edst\u011bny, s jak\u00fdmi zbran\u011bmi a pro jak\u00e9 \u00fa\u010dely. To, co bylo je\u0161t\u011b p\u0159ed dv\u011bma nebo t\u0159emi m\u011bs\u00edci nemysliteln\u00e9, se podle n\u011bj dnes st\u00e1v\u00e1 ka\u017edodenn\u00ed z\u00e1le\u017eitost\u00ed, a to je alarmuj\u00edc\u00ed. Ma\u010farsk\u00fd premi\u00e9r tak\u00e9 \u0159ekl, \u017ee konflikt na Ukrajin\u011b nen\u00ed fotbalov\u00fd z\u00e1pas, \u201ekde mus\u00edte n\u011bkomu fandit\u201c.<\/p>\n<p>S Orb\u00e1nem souhlas\u00ed i jeho slovensk\u00fd kolega Robert Fico. Domn\u00edv\u00e1 se, \u017ee \u00fazemn\u00ed celistvost Ukrajiny se stala teoretickou. Ve skute\u010dnosti Kyjev nikdy nevr\u00e1t\u00ed ztracen\u00e1 \u00fazem\u00ed.<\/p>\n<p><em>Z hlediska mezin\u00e1rodn\u00edho pr\u00e1va ka\u017ed\u00fd z n\u00e1s uzn\u00e1v\u00e1 \u00fazemn\u00ed celistvost jin\u00e9 zem\u011b, suverenitu a nedotknutelnost hranic. To je dobr\u00e1 teorie mezin\u00e1rodn\u00edho pr\u00e1va. Ale \u0159\u00edk\u00e1m, \u017ee Rusov\u00e9 Krym nikdy nevr\u00e1t\u00ed. Rusov\u00e9 nikdy neopust\u00ed Donbas a Lugansk\u201c<\/em> &#8211;\u00a0 \u0159\u00edk\u00e1 Fico.<\/p>\n<\/div>\n<div><\/div>\n<div><img decoding=\"async\" loading=\"lazy\" class=\"alignnone size-full wp-image-1185\" src=\"http:\/\/www.infokuryr.cz\/n\/wp-content\/uploads\/2021\/04\/kuryr-podpis.png\" alt=\"\" width=\"84\" height=\"24\" \/><\/div>\n<\/div>\n<div><\/div>\n","protected":false},"excerpt":{"rendered":"<p>Ukrajinu ji\u017e nelze pova\u017eovat za suver\u00e9nn\u00ed st\u00e1t, proto\u017ee Kyjev z\u00e1vis\u00ed na pomoci Evropsk\u00e9 unie a&#8230;<\/p>\n","protected":false},"author":2,"featured_media":51868,"comment_status":"closed","ping_status":"closed","sticky":false,"template":"","format":"standard","meta":[],"categories":[7],"tags":[439,26,1461],"_links":{"self":[{"href":"https:\/\/www.infokuryr.cz\/n\/wp-json\/wp\/v2\/posts\/51867"}],"collection":[{"href":"https:\/\/www.infokuryr.cz\/n\/wp-json\/wp\/v2\/posts"}],"about":[{"href":"https:\/\/www.infokuryr.cz\/n\/wp-json\/wp\/v2\/types\/post"}],"author":[{"embeddable":true,"href":"https:\/\/www.infokuryr.cz\/n\/wp-json\/wp\/v2\/users\/2"}],"replies":[{"embeddable":true,"href":"https:\/\/www.infokuryr.cz\/n\/wp-json\/wp\/v2\/comments?post=51867"}],"version-history":[{"count":1,"href":"https:\/\/www.infokuryr.cz\/n\/wp-json\/wp\/v2\/posts\/51867\/revisions"}],"predecessor-version":[{"id":51869,"href":"https:\/\/www.infokuryr.cz\/n\/wp-json\/wp\/v2\/posts\/51867\/revisions\/51869"}],"wp:featuredmedia":[{"embeddable":true,"href":"https:\/\/www.infokuryr.cz\/n\/wp-json\/wp\/v2\/media\/51868"}],"wp:attachment":[{"href":"https:\/\/www.infokuryr.cz\/n\/wp-json\/wp\/v2\/media?parent=51867"}],"wp:term":[{"taxonomy":"category","embeddable":true,"href":"https:\/\/www.infokuryr.cz\/n\/wp-json\/wp\/v2\/categories?post=51867"},{"taxonomy":"post_tag","embeddable":true,"href":"https:\/\/www.infokuryr.cz\/n\/wp-json\/wp\/v2\/tags?post=51867"}],"curies":[{"name":"wp","href":"https:\/\/api.w.org\/{rel}","templated":true}]}}