{"id":51865,"date":"2024-04-18T06:02:10","date_gmt":"2024-04-18T04:02:10","guid":{"rendered":"https:\/\/www.infokuryr.cz\/n\/?p=51865"},"modified":"2024-04-18T06:02:10","modified_gmt":"2024-04-18T04:02:10","slug":"plan-zapadu-je-az-do-posledniho-ukrajince","status":"publish","type":"post","link":"https:\/\/www.infokuryr.cz\/n\/2024\/04\/18\/plan-zapadu-je-az-do-posledniho-ukrajince\/","title":{"rendered":"Pl\u00e1n Z\u00e1padu je: A\u017e do posledn\u00edho Ukrajince"},"content":{"rendered":"<div id=\"fb-root\"><\/div>\n<p><span style=\"font-size: 14pt;\"><strong>Situace na front\u011b je pro Ukrajinu dramatick\u00e1. To je nyn\u00ed uzn\u00e1v\u00e1no i na Z\u00e1pad\u011b. C\u00edlem v\u0161ak z\u016fst\u00e1v\u00e1 \u00fadajn\u011b pomoci Ukrajin\u011b dos\u00e1hnout vojensk\u00e9ho v\u00edt\u011bzstv\u00ed. Ukrajinci by m\u011bli bojovat d\u00e1l, \u0159ekl David Cameron. Tomu slou\u017e\u00ed i nov\u00fd z\u00e1kon o mobilizaci na Ukrajin\u011b.<\/strong><\/span><\/p>\n<p><span>V z\u00e1padn\u00edch a n\u011bmeck\u00fdch m\u00e9di\u00edch po dlouhou dobu p\u0159evl\u00e1dalo vypr\u00e1v\u011bn\u00ed o rusk\u00e9m v\u00e1l\u010den\u00ed na Ukrajin\u011b, \u017ee Putin sv\u00e9 voj\u00e1ky, kte\u0159\u00ed byli \u0161patn\u011b vybaveni, z nich\u017e n\u011bkte\u0159\u00ed byli vyzbrojeni pouze piky, zbyte\u010dn\u011b upaloval proti Ukrajin\u011b, kter\u00e1 byla \u0161iroce podporov\u00e1na a dob\u0159e vybaven\u00e9 bitvou na Z\u00e1pad\u011b. Kritika p\u0159\u00edli\u0161 zjednodu\u0161uj\u00edc\u00edch dezinformac\u00ed a zpravodajstv\u00ed pro\u0161pikovan\u00e9 rasistick\u00fdmi kli\u0161\u00e9 nyn\u00ed zazn\u00edv\u00e1 i v na\u0161ich vlastn\u00edch \u0159ad\u00e1ch.\u00a0<\/span><\/p>\n<p><strong>Markus Reisner, d\u016fstojn\u00edk rakousk\u00e9 arm\u00e1dy,\u00a0\u00a0v\u00a0<a href=\"https:\/\/www.zeit.de\/politik\/ausland\/2024-04\/markus-reisner-russland-militaer-ukraine-krieg\" target=\"_blank\" rel=\"noopener noreferrer\">rozhovoru<\/a>\u00a0pro t\u00fdden\u00edk\u00a0<em>Die Zeit \u0159ekl:<\/em><\/strong><\/p>\n<p><em><span>&#8222;P\u0159em\u00fd\u0161lejte o tom, jak velk\u00e1 byla o\u010dek\u00e1v\u00e1n\u00ed od ukrajinsk\u00e9 letn\u00ed ofenz\u00edvy. Mor\u00e1lka Rus\u016f byla na dn\u011b, \u0159\u00edkali. B\u011bhali opil\u00ed ze z\u00e1kop\u016f. Nyn\u00ed je t\u011bch dvan\u00e1ct brig\u00e1d, kter\u00e9 Ukrajina tehdy pro ofenz\u00edvu postavila, v\u00fdrazn\u011b oslaben\u00ed, n\u011bkte\u0159\u00ed ji\u017e nejsou schopni bojovat nebo jsou dokonce opot\u0159ebovan\u00ed.\u201c<\/span><\/em><\/p>\n<p><span>Z toho, co bylo \u0159e\u010deno, je jasn\u00e9: D\u0159\u00edv\u011bj\u0161\u00ed zpr\u00e1vy nebyly realistick\u00e9, v\u011bt\u0161ina z nich byla \u010dist\u011b zbo\u017en\u00e1 p\u0159\u00e1n\u00ed. Velk\u00e1 n\u011bmeck\u00e1 m\u00e9dia pou\u017e\u00edvala jednoduch\u00e1 a n\u011bkdy otev\u0159en\u011b rasistick\u00e1 kli\u0161\u00e9. <strong>Dnes v\u0161ak Reisner tak\u00e9 pokra\u010duje:<\/strong><\/span><\/p>\n<p><em><span>&#8222;Hovo\u0159\u00edme o spoust\u011b toho, co se d\u011bje v prob\u00edhaj\u00edc\u00ed v\u00e1lce. Kolem Nov\u00e9ho roku do\u0161lo k velk\u00e9mu \u00fatoku na kas\u00e1rna, proto\u017ee ru\u0161t\u00ed voj\u00e1ci telefonovali na soukrom\u00e9 mobiln\u00ed telefony a Ukrajinci byli schopni ur\u010dit svou polohu. Bylo toho hodn\u011b. mrtv\u00fdch lid\u00ed, pro\u010d se to nestalo des\u00edtkykr\u00e1t? Proto\u017ee to nebyl trend. Vzali jsme jednu ud\u00e1lost a z toho odvodili stav rusk\u00e9 arm\u00e1dy. Ale nesm\u00edme b\u00fdt tak naivn\u00ed. Rusk\u00e1 arm\u00e1da je st\u00e1le v \u00fatoku.&#8220;<\/span><\/em><\/p>\n<p><span>Nyn\u00ed jsme postaveni p\u0159ed historick\u00e9 ud\u00e1losti, dod\u00e1v\u00e1 Reisner. Vykresluje obraz ukrajinsk\u00e9 arm\u00e1dy, kter\u00e1 je zcela v defenz\u00edv\u011b. Rusko m\u00e1 navrch. Ukrajin\u011b nyn\u00ed chyb\u00ed v\u0161e: zbran\u011b, v\u00fdstroj a p\u0159edev\u0161\u00edm voj\u00e1ci.<\/span><\/p>\n<p><span>Aby se zv\u00fd\u0161il po\u010det voj\u00e1k\u016f dostupn\u00fdch na boji\u0161ti, podepsal ukrajinsk\u00fd prezident Zelenskij nov\u00fd z\u00e1kon o mobilizaci. Na soci\u00e1ln\u00edch s\u00edt\u00edch koluj\u00ed nahr\u00e1vky ukrajinsko-rumunsk\u00e9 hranice, kter\u00e9 maj\u00ed ukazovat, jak se nyn\u00ed ukrajin\u0161t\u00ed mu\u017ei pokou\u0161ej\u00ed masov\u011b opustit zemi.\u00a0<\/span><\/p>\n<p><span>Tento sou\u010dasn\u00fd n\u00e1zor Reisnera je v souladu se sou\u010dasn\u00fdmi zpr\u00e1vami jin\u00fdch z\u00e1padn\u00edch vojensk\u00fdch expert\u016f. Pr\u016flom rusk\u00e9 arm\u00e1dy p\u0159es ukrajinsk\u00e9 linie je na spadnut\u00ed. Ukrajina prohr\u00e1v\u00e1 v\u00e1lku, to je zji\u0161t\u011bn\u00ed, kter\u00e9 se nyn\u00ed \u0159e\u0161\u00ed na summitu G7.<\/span><\/p>\n<p><span>Z\u00e1pad se p\u0159ecenil. Vlastn\u00ed zbra\u0148ov\u00e9 syst\u00e9my zem\u011b byly vyl\u00ed\u010deny jako z\u00e1zra\u010dn\u00e9 zbran\u011b, zat\u00edmco rusk\u00e9 zbrojn\u00ed technologie byly znehodnoceny. To neodpov\u00eddalo skute\u010dn\u00e9 situaci. Reisner zd\u016fraz\u0148uje, \u017ee Rusko je v pozici pokra\u010dovat se sou\u010dasnou intenzitou \u201eje\u0161t\u011b dva nebo t\u0159i roky\u201c. Zem\u011b NATO k tomu nemaj\u00ed potenci\u00e1l.<\/span><\/p>\n<p><span>S ohledem na nyn\u00ed zjevn\u011b nejistou situaci \u2013 zejm\u00e9na s ohledem na protivzdu\u0161nou obranu \u2013 n\u011bmeck\u00fd ministr zahrani\u010d\u00ed navrhuje, aby byly zaznamen\u00e1v\u00e1ny v\u0161echny syst\u00e9my Patriot dostupn\u00e9 po cel\u00e9m sv\u011bt\u011b. St\u00e1vaj\u00edc\u00ed vlastn\u00edky takov\u00fdch syst\u00e9m\u016f je t\u0159eba p\u0159esv\u011bd\u010dit, aby je co nejrychleji p\u0159edali Ukrajin\u011b.<\/span><\/p>\n<p><span>C\u00edlem z\u016fst\u00e1v\u00e1 pomoci Ukrajin\u011b z\u00edskat oproti Rusku v\u00fdhodnou pozici na boji\u0161ti. Rusko by si m\u011blo uv\u011bdomit sv\u00e9 vlastn\u00ed selh\u00e1n\u00ed, aby si pak zem\u011b mohla diktovat podm\u00ednky pro m\u00edrovou dohodu podle z\u00e1padn\u00edch p\u0159edstav. Z\u00e1padn\u00ed politici se t\u00e9to my\u0161lenky st\u00e1le dr\u017e\u00ed, i kdy\u017e jejich vlastn\u00ed vojen\u0161t\u00ed poradci nyn\u00ed vykresluj\u00ed v\u00fdrazn\u011b odli\u0161n\u00fd obraz situace na front\u011b.<\/span><\/p>\n<p><span>Zd\u00e1 se, \u017ee neexistuje \u017e\u00e1dn\u00fd pl\u00e1n B s ohledem na vojensk\u00e9 pl\u00e1nov\u00e1n\u00ed, stejn\u011b jako neexistuje \u017e\u00e1dn\u00fd pl\u00e1n B s ohledem na re\u017eim z\u00e1padn\u00edch sankc\u00ed. C\u00edlem sankc\u00ed bylo ve skute\u010dnosti zni\u010dit ruskou ekonomiku v kr\u00e1tk\u00e9m \u010dasov\u00e9m obdob\u00ed. Za\u010d\u00e1tkem by m\u011bl b\u00fdt ekonomick\u00fd propad ve dvoucifern\u00fdch procentech v prvn\u00edm roce platnosti sankc\u00ed.<\/span><\/p>\n<p><span>Prost\u0159ednictv\u00edm kombinace vojensk\u00e9 a ekonomick\u00e9 s\u00edly by m\u011blo b\u00fdt Rusko nuceno k defenziv\u011b. Za t\u011bchto podm\u00ednek by pak zem\u011b musela p\u0159ijmout v\u0161echny podm\u00ednky diktovan\u00e9 Z\u00e1padem; Jak re\u017eim sankc\u00ed, tak masivn\u00ed p\u0159ezbrojen\u00ed Ukrajiny tyto p\u016fvodn\u00ed c\u00edle zdaleka nedos\u00e1hly. Z\u00e1pad se pot\u00fdk\u00e1 s b\u00eddou sv\u00e9 agresivn\u00ed politiky, ale v sou\u010dasnosti st\u00e1le tvrdo\u0161\u00edjn\u011b pop\u00edr\u00e1 v\u00fdsledek.<\/span><\/p>\n<p><span>B\u00fdval\u00fd britsk\u00fd premi\u00e9r, nyn\u00ed ministr zahrani\u010d\u00ed David Cameron, o katastrof\u00e1ln\u00ed situaci \u0159ekl: Nejlep\u0161\u00ed v\u011bc, kterou nyn\u00ed m\u016f\u017eete ud\u011blat, je udr\u017eet Ukrajince v boji. V\u00e1lka by m\u011bla pokra\u010dovat co nejd\u00e9le na \u00fakor Ukrajiny a ukrajinsk\u00fdch voj\u00e1k\u016f.<\/span><\/p>\n<p><span style=\"font-size: 10pt;\"><em><strong>\u00davodn\u00ed fotografie:<\/strong> Ru\u0161t\u00ed dobrovoln\u00edci z\u00edsk\u00e1vaj\u00ed t\u011bla ukrajinsk\u00fdch voj\u00e1k\u016f. David Cameron, sou\u010dasn\u00fd britsk\u00fd ministr zahrani\u010d\u00ed, nicm\u00e9n\u011b vyz\u00fdv\u00e1 Ukrajince, aby pokra\u010dovali v boji.<\/em><\/span><\/p>\n<p><img decoding=\"async\" loading=\"lazy\" class=\"alignnone size-full wp-image-1185\" src=\"http:\/\/www.infokuryr.cz\/n\/wp-content\/uploads\/2021\/04\/kuryr-podpis.png\" alt=\"\" width=\"84\" height=\"24\" \/><\/p>\n<p>&nbsp;<\/p>\n","protected":false},"excerpt":{"rendered":"<p>Situace na front\u011b je pro Ukrajinu dramatick\u00e1. To je nyn\u00ed uzn\u00e1v\u00e1no i na Z\u00e1pad\u011b. C\u00edlem&#8230;<\/p>\n","protected":false},"author":2,"featured_media":51866,"comment_status":"closed","ping_status":"closed","sticky":false,"template":"","format":"standard","meta":[],"categories":[7],"tags":[871,26,1635,40,365],"_links":{"self":[{"href":"https:\/\/www.infokuryr.cz\/n\/wp-json\/wp\/v2\/posts\/51865"}],"collection":[{"href":"https:\/\/www.infokuryr.cz\/n\/wp-json\/wp\/v2\/posts"}],"about":[{"href":"https:\/\/www.infokuryr.cz\/n\/wp-json\/wp\/v2\/types\/post"}],"author":[{"embeddable":true,"href":"https:\/\/www.infokuryr.cz\/n\/wp-json\/wp\/v2\/users\/2"}],"replies":[{"embeddable":true,"href":"https:\/\/www.infokuryr.cz\/n\/wp-json\/wp\/v2\/comments?post=51865"}],"version-history":[{"count":0,"href":"https:\/\/www.infokuryr.cz\/n\/wp-json\/wp\/v2\/posts\/51865\/revisions"}],"wp:featuredmedia":[{"embeddable":true,"href":"https:\/\/www.infokuryr.cz\/n\/wp-json\/wp\/v2\/media\/51866"}],"wp:attachment":[{"href":"https:\/\/www.infokuryr.cz\/n\/wp-json\/wp\/v2\/media?parent=51865"}],"wp:term":[{"taxonomy":"category","embeddable":true,"href":"https:\/\/www.infokuryr.cz\/n\/wp-json\/wp\/v2\/categories?post=51865"},{"taxonomy":"post_tag","embeddable":true,"href":"https:\/\/www.infokuryr.cz\/n\/wp-json\/wp\/v2\/tags?post=51865"}],"curies":[{"name":"wp","href":"https:\/\/api.w.org\/{rel}","templated":true}]}}