{"id":51861,"date":"2024-04-18T05:45:22","date_gmt":"2024-04-18T03:45:22","guid":{"rendered":"https:\/\/www.infokuryr.cz\/n\/?p=51861"},"modified":"2024-04-18T05:45:22","modified_gmt":"2024-04-18T03:45:22","slug":"jan-sedlacek-jste-proti-nacismu-potrestame-vas-vas-okresni-soud-v-ostrave","status":"publish","type":"post","link":"https:\/\/www.infokuryr.cz\/n\/2024\/04\/18\/jan-sedlacek-jste-proti-nacismu-potrestame-vas-vas-okresni-soud-v-ostrave\/","title":{"rendered":"Jan Sedl\u00e1\u010dek: &#8222;Jste proti nacismu? Potrest\u00e1me v\u00e1s! V\u00e1\u0161 Okresn\u00ed soud v Ostrav\u011b&#8220;"},"content":{"rendered":"<div id=\"fb-root\"><\/div>\n<p><span style=\"font-size: 14pt;\"><strong>Rozsudek nad Nelou Liskovou, kdy byla odsouzena za jej\u00ed slova o nutnosti denacifikace \u010cR, ukazuje dal\u0161\u00ed posun Overtonova okna k podpo\u0159e nacismu. Tentokr\u00e1t ji\u017e i v na\u0161\u00ed justici.<\/strong><\/span><\/p>\n<p><a class=\"broken_link\" href=\"https:\/\/informnapalm.org\/cz\/technologie-overtonova-okna\/\">Overtonovo okno<\/a>\u00a0je politickou technologi\u00ed, kter\u00e1 slou\u017e\u00ed k tomu, aby se my\u0161lenka, kter\u00e1 byla dosud zcela nep\u0159ijateln\u00e1, postupn\u011b stala normou. Postupn\u00fdmi kr\u016f\u010dky se lidem vnucuje, \u017ee dan\u00e1 my\u0161lenka vlastn\u011b nen\u00ed a\u017e tak \u0161patn\u00e1, lid\u00e9 ji pak za\u010dnou p\u0159ij\u00edmat a nakonec i aktivn\u011b podporovat. Vid\u00edme to nap\u0159. u LGBT ideologie (aktu\u00e1ln\u011b u snahy\u00a0<a href=\"https:\/\/narodnidemokracie.cz\/manzelstvi-pro-vsechny-uz-tu-davno-je\/\">pov\u00fd\u0161it stejnopohlavn\u00ed p\u00e1ry na \u201eman\u017eelstv\u00ed\u201c<\/a>) nebo u klimatick\u00e9 ideologie (v\u0161echny ty uhl\u00edkov\u00e9 dan\u011b zvan\u00e9 jako \u201eemisn\u00ed povolenky\u201c). Pov\u0161imn\u011bme si, \u017ee st\u00e1le v\u00edce lid\u00ed ve v\u0161ech t\u011bchto p\u0159\u00edpadech p\u0159ij\u00edm\u00e1 to, co by d\u0159\u00edve brali jako nep\u0159ijateln\u00e9.<\/p>\n<p>Doned\u00e1vna byl zcela nep\u0159ijatelnou my\u0161lenkou i nacismus. Vypadalo nemysliteln\u00e9, \u017ee po t\u011bch hr\u016fz\u00e1ch, kter\u00e9 tu N\u011bmci p\u0159edv\u00e1d\u011bli za protektor\u00e1tu, by n\u011bco podobn\u00e9ho mohlo ve spole\u010dnosti naj\u00edt podporu. (Nacismus byl sp\u00ed\u0161e jen medi\u00e1ln\u00ed n\u00e1lepkou pro n\u00e1rodoveckou opozici, kter\u00e9 se politici a kmot\u0159i nejv\u00edce boj\u00ed).\u00a0<strong>V posledn\u00edch letech se ov\u0161em otev\u0159elo Overtonovo okno i v tomto p\u0159\u00edpad\u011b.<\/strong><\/p>\n<p>Za\u010dalo to\u00a0<strong>odstran\u011bn\u00edm sochy mar\u0161\u00e1la Kon\u011bva<\/strong>, kter\u00fd byl hlavn\u00ed osobnost\u00ed osvobozen\u00ed \u010cSR od nacismu (zde to spunktoval Ond\u0159ej Kol\u00e1\u0159 z TOP 09). Pokra\u010dovalo to<strong>\u00a0stavbou pomn\u00edku vlasovc\u016fm<\/strong>, kte\u0159\u00ed kolaborovali s Hitlerem (tentokr\u00e1t pod taktovkou ODS). Cel\u00e9 to bylo dokresleno l\u00eds\u00e1n\u00edm mnoh\u00fdch politik\u016f, zejm\u00e9na z KDU-\u010cSL, k Posseltovi a jeho sude\u0165\u00e1k\u016fm, kte\u0159\u00ed st\u00e1le sn\u00ed o zru\u0161en\u00ed Bene\u0161ov\u00fdch dekret\u016f a o revizi pov\u00e1le\u010dn\u00e9ho uspo\u0159\u00e1d\u00e1n\u00ed.<\/p>\n<p><a href=\"https:\/\/stranapro.cz\/\"><img decoding=\"async\" loading=\"lazy\" class=\"alignnone  wp-image-40285 aligncenter\" src=\"http:\/\/www.infokuryr.cz\/n\/wp-content\/uploads\/2023\/11\/11pro-300x79.png\" alt=\"\" width=\"653\" height=\"172\" srcset=\"https:\/\/www.infokuryr.cz\/n\/wp-content\/uploads\/2023\/11\/11pro-300x79.png 300w, https:\/\/www.infokuryr.cz\/n\/wp-content\/uploads\/2023\/11\/11pro.png 363w\" sizes=\"(max-width: 653px) 100vw, 653px\" \/><\/a><\/p>\n<p>Cel\u00fd tento proces se v\u00fdznamn\u011b urychlil pot\u00e9, co se v \u00fanoru 2022 obr\u00e1til sm\u011br v\u00e1lky na Ukrajin\u011b. Vzhledem k tomu, \u017ee tam st\u00e1le buj\u00ed nacistick\u00e9 my\u0161lenky (co\u017e\u00a0<a href=\"https:\/\/www.idnes.cz\/zpravy\/zahranicni\/historik-ukrajina-volodymyr-vjatrovyc.A160511_155040_zahranicni_ert\">p\u0159izn\u00e1vala i prore\u017eimn\u00ed m\u00e9dia<\/a>, dokud o tom je\u0161t\u011b sm\u011bla ps\u00e1t), tak ukrajinizace \u010cR p\u0159inesla i dal\u0161\u00ed kolo\u00a0<strong>relativizace nacismu a jeho symbol\u016f<\/strong>\u00a0(mezi n\u011b\u017e lze za\u0159adit i to heslo\u00a0<a href=\"https:\/\/cs.wikipedia.org\/wiki\/Sl%C3%A1va_Ukrajin%C4%9B\">\u201eSl\u00e1va Ukrajin\u011b\u201c<\/a>\u00a0\u010di symbol Azovu).<\/p>\n<p>Pov\u0161imn\u011bme si, jak horliv\u011b se ve v\u0161ech t\u011bchto p\u0159\u00edpadech anga\u017eovali politici z r\u016fzn\u00fdch vl\u00e1dn\u00edch stran. To ukazuje, \u017ee posouv\u00e1n\u00ed Overtonvova okna sm\u011brem k podpo\u0159e nacismu\u00a0<strong>nen\u00ed jen nahodil\u00e1 ud\u00e1lost, n\u00fdbr\u017e pl\u00e1novan\u00e1 koncepce<\/strong>. A nyn\u00ed se ukazuje, \u017ee se tato koncepce projevuje nejen v moci ideologick\u00e9 a v\u00fdkonn\u00e9, ale u\u017e i v moci soudn\u00ed.<\/p>\n<p>Protivl\u00e1dn\u00ed aktivistka Nela Liskov\u00e1 toti\u017e skon\u010dila p\u0159ed soudem za sv\u00e9 n\u00e1zory \u2013 a\u00a0<strong>st\u0159edobodem ob\u017ealoby byla jej\u00ed slova, \u017ee je nutn\u00e9 prov\u00e9st denacifikaci \u010cR<\/strong>. Soudce ostravsk\u00e9ho okresn\u00edho soudu David Blaheta ji za to\u00a0<strong><a href=\"https:\/\/echo24.cz\/a\/HQ8vD\/zpravy-domov-soud-liskova-odsoudit-osm-mesice\">odsoudil<\/a>\u00a0k osmim\u011bs\u00ed\u010dn\u00ed podm\u00ednce a tak\u00e9 ke smaz\u00e1n\u00ed \u00fa\u010dtu na s\u00edti X (Twitteru)<\/strong>, kter\u00fd se p\u0159itom po masivn\u00ed cenzu\u0159e na FB stal kl\u00ed\u010dov\u00fdm komunika\u010dn\u00edm prost\u0159edkem.<\/p>\n<p>Jinak \u0159e\u010deno:\u00a0<strong>Pokud jste proti nacismu a vyzvete k denacifikaci, hroz\u00ed v\u00e1m odsouzen\u00ed.<\/strong>\u00a0Napadlo by n\u011bkoho je\u0161t\u011b p\u0159ed 10 lety, \u017ee to tu dojde a\u017e tak daleko?<\/p>\n<p>M\u016fj praprastr\u00fdc Franti\u0161ek Simandl za protektor\u00e1tu bojoval proti N\u011bmc\u016fm a padl jako partyz\u00e1n. Byl jedn\u00edm z mnoha t\u011bch, kdo polo\u017eili \u017eivot za to, aby n\u00e1s zbavili nacistick\u00fdch hr\u016fz. Kdyby vid\u011bl ten skand\u00e1ln\u00ed rozsudek ostravsk\u00e9ho soudu, tak by musel vst\u00e1t z hrobu a s\u00e1m \u201edenacifikovat\u201c ten soud od Blahety a v\u0161ech ostatn\u00edch, kdo se na tom rozsudku pod\u00edleli.<\/p>\n<p>Proto\u017ee pokud u\u017e se na podpo\u0159e nacismu pod\u00edlej\u00ed i soudy, znamen\u00e1 to jedin\u00e9:\u00a0<strong>Overtonovo okno je ji\u017e otev\u0159eno natolik, \u017ee lze mluvit o otev\u0159en\u00e9 nacifikaci \u010cR.<\/strong><\/p>\n<p>Pokud to nezastav\u00edme, za chv\u00edli se m\u016f\u017eeme do\u010dkat i toho, \u017ee opozi\u010dn\u00ed politici a aktivist\u00e9 budou odsouzeni nikoliv ke smaz\u00e1n\u00ed \u00fa\u010dt\u016f na soci\u00e1ln\u00edch s\u00edt\u00edch nebo ke v\u011bzen\u00ed, n\u00fdbr\u017e je takov\u00e9 soudy, jako je ten ostravsk\u00fd, na\u0159\u00edd\u00ed postavit rovnou ke zdi. A cestou na popravi\u0161t\u011b jim bude Reichsrichter Blaheta ukazovat, jak vysoko mu sk\u00e1\u010de pes.<\/p>\n<p><em><strong>RNDr. Jan Sedl\u00e1\u010dek<\/strong>, m\u00edstop\u0159edseda ND a kandid\u00e1t do EP za spole\u010dnou vlasteneckou koalici s n\u00e1zvem\u00a0<a href=\"https:\/\/aliancezacr.cz\/\">Aliance za nez\u00e1voslost \u010cR.<\/a><\/p>\n<p><img decoding=\"async\" loading=\"lazy\" class=\"alignnone size-full wp-image-19908\" src=\"http:\/\/www.infokuryr.cz\/n\/wp-content\/uploads\/2022\/12\/sedlacek-jan.jpg\" alt=\"\" width=\"225\" height=\"241\" \/><br \/>\n<\/em><\/p>\n<p>&nbsp;<\/p>\n","protected":false},"excerpt":{"rendered":"<p>Rozsudek nad Nelou Liskovou, kdy byla odsouzena za jej\u00ed slova o nutnosti denacifikace \u010cR, ukazuje&#8230;<\/p>\n","protected":false},"author":2,"featured_media":51862,"comment_status":"closed","ping_status":"closed","sticky":false,"template":"","format":"standard","meta":[],"categories":[6],"tags":[5224,1769,520,324],"_links":{"self":[{"href":"https:\/\/www.infokuryr.cz\/n\/wp-json\/wp\/v2\/posts\/51861"}],"collection":[{"href":"https:\/\/www.infokuryr.cz\/n\/wp-json\/wp\/v2\/posts"}],"about":[{"href":"https:\/\/www.infokuryr.cz\/n\/wp-json\/wp\/v2\/types\/post"}],"author":[{"embeddable":true,"href":"https:\/\/www.infokuryr.cz\/n\/wp-json\/wp\/v2\/users\/2"}],"replies":[{"embeddable":true,"href":"https:\/\/www.infokuryr.cz\/n\/wp-json\/wp\/v2\/comments?post=51861"}],"version-history":[{"count":0,"href":"https:\/\/www.infokuryr.cz\/n\/wp-json\/wp\/v2\/posts\/51861\/revisions"}],"wp:featuredmedia":[{"embeddable":true,"href":"https:\/\/www.infokuryr.cz\/n\/wp-json\/wp\/v2\/media\/51862"}],"wp:attachment":[{"href":"https:\/\/www.infokuryr.cz\/n\/wp-json\/wp\/v2\/media?parent=51861"}],"wp:term":[{"taxonomy":"category","embeddable":true,"href":"https:\/\/www.infokuryr.cz\/n\/wp-json\/wp\/v2\/categories?post=51861"},{"taxonomy":"post_tag","embeddable":true,"href":"https:\/\/www.infokuryr.cz\/n\/wp-json\/wp\/v2\/tags?post=51861"}],"curies":[{"name":"wp","href":"https:\/\/api.w.org\/{rel}","templated":true}]}}