{"id":51858,"date":"2024-04-18T05:34:25","date_gmt":"2024-04-18T03:34:25","guid":{"rendered":"https:\/\/www.infokuryr.cz\/n\/?p=51858"},"modified":"2024-04-18T05:34:25","modified_gmt":"2024-04-18T03:34:25","slug":"biden-tvrdi-ze-kanibalove-sezrali-jeho-stryce","status":"publish","type":"post","link":"https:\/\/www.infokuryr.cz\/n\/2024\/04\/18\/biden-tvrdi-ze-kanibalove-sezrali-jeho-stryce\/","title":{"rendered":"Biden tvrd\u00ed, \u017ee \u201ekanibalov\u00e9\u201c se\u017erali jeho str\u00fdce"},"content":{"rendered":"<div id=\"fb-root\"><\/div>\n<p><span style=\"font-size: 18pt;\"><strong>Americk\u00e9 vojensk\u00e9 z\u00e1znamy vypr\u00e1v\u011bj\u00ed jin\u00fd p\u0159\u00edb\u011bh o incidentu z druh\u00e9 sv\u011btov\u00e9 v\u00e1lky<\/strong><\/span><\/p>\n<p><span>Americk\u00fd prezident Joe Biden b\u011bhem kampan\u011b tvrdil, \u017ee jeho str\u00fdc, kter\u00fd se b\u011bhem druh\u00e9 sv\u011btov\u00e9 v\u00e1lky ztratil v Pacifiku, byl se\u017er\u00e1n kanibaly.<\/span><\/p>\n<p><span>Druh\u00fd poru\u010d\u00edk Ambrose Finnegan z letectva americk\u00e9 arm\u00e1dy byl prohl\u00e1\u0161en za nezv\u011bstn\u00e9ho v kv\u011btnu 1944 pot\u00e9, co se jeho lehk\u00fd bombard\u00e9r z\u0159\u00edtil do mo\u0159e.\u00a0<\/span><\/p>\n<p><em><span>&#8222;Byl sest\u0159elen v oblasti, kde v t\u00e9 dob\u011b bylo mnoho kanibal\u016f,&#8220;<\/span><\/em><span>\u00a0\u0159ekl Biden novin\u00e1\u0159\u016fm mimo Air Force One ve Scrantonu v Pensylv\u00e1nii.\u00a0<\/span><em><span>&#8222;Nikdy nez\u00edskali jeho t\u011blo, ale kdy\u017e jsem tam \u0161el dol\u016f, vl\u00e1da se vr\u00e1tila a zkontrolovali a na\u0161li n\u011bkter\u00e9 \u010d\u00e1sti letadla.&#8220;<\/span><\/em><\/p>\n<p><span>O n\u011bkolik hodin pozd\u011bji, na sch\u016fzce se \u010dleny odbor\u016f United Steelworkers v Pittsburghu, Biden vypr\u00e1v\u011bl stejn\u00fd p\u0159\u00edb\u011bh.<\/span><\/p>\n<p><em><span>&#8222;Byl sest\u0159elen na Nov\u00e9 Guineji a nikdy nena\u0161li t\u011blo, proto\u017ee tam b\u00fdvalo &#8211; v t\u00e9 \u010d\u00e1sti Nov\u00e9 Guineje bylo opravdu hodn\u011b kanibal\u016f,&#8220;<\/span><\/em><span>\u00a0\u0159ekl 81let\u00fd demokrat.<\/span><\/p>\n<p><a href=\"https:\/\/dpaa-mil.sites.crmforce.mil\/dpaaProfile?id=a0Jt000001nzWi4EAE\" target=\"_blank\" rel=\"noopener noreferrer\"><span>Podle agentury<\/span><\/a><span>\u00a0Pentagonu\u00a0pro v\u00e1le\u010dn\u00e9 zajatce a nezv\u011bstn\u00e9 v akci (POW-MIA) v\u0161ak Finnegan nikdy sest\u0159elen nebyl. Nebylo to ani na pr\u016fzkumn\u00e9 misi, jak tvrdil Biden.<\/span><\/p>\n<p><span>Lehk\u00fd bombard\u00e9r A-20 Havoc byl na\u00a0<\/span><em><span>\u201ekur\u00fdrn\u00edm \u00fat\u011bku\u201c<\/span><\/em><span>\u00a0z ostrova Los Negros, kdy\u017e mu podle ofici\u00e1ln\u00edho popisu incidentu selhaly motory v mal\u00e9 v\u00fd\u0161ce. Letadlo spadlo do mo\u0159e u severn\u00edho pob\u0159e\u017e\u00ed Nov\u00e9 Guineje a dva ze t\u0159\u00ed \u010dlen\u016f pos\u00e1dky se nikdy nedostali z pot\u00e1p\u011bj\u00edc\u00edho se vraku, kter\u00fd nebyl nikdy nalezen. Jeden mu\u017e, kter\u00fd p\u0159e\u017eil, byl zachr\u00e1n\u011bn proj\u00ed\u017ed\u011bj\u00edc\u00edm \u010dlunem.<\/span><\/p>\n<p><span>Biden vypr\u00e1v\u011bl mnoho fiktivn\u00edch p\u0159\u00edb\u011bh\u016f o sv\u00e9m \u017eivot\u011b b\u011bhem 50let\u00e9 kari\u00e9ry v politice, nejslavn\u011bj\u0161\u00ed o tom, jak byl zat\u010den p\u0159i\u00a0<\/span><a href=\"https:\/\/swentr.site\/news\/563010-biden-admits-mandela-arrest-lie\/\"><span>pokusu nav\u0161t\u00edvit<\/span><\/a><span>\u00a0Nelsona Mandelu v jihoafrick\u00e9m v\u011bzen\u00ed. V\u00edce ne\u017e tucetkr\u00e1t zopakoval jeden vyvr\u00e1cen\u00fd p\u0159\u00edb\u011bh o dirigentovi Amtraku.<\/span><\/p>\n<p><span>Kanibalsk\u00e9 tvrzen\u00ed o str\u00fdci Ambrosovi v\u0161ak poslou\u017eilo jako odrazov\u00fd m\u016fstek pro \u00fatok na jeho p\u0159edch\u016fdce \u2013 a p\u0159edpokl\u00e1dan\u00e9ho vyzyvatele \u2013 Donalda Trumpa. V p\u0159edvolebn\u00edm projevu v Pittsburghu Biden vypr\u00e1v\u011bl p\u0159\u00edb\u011bh o tom, jak Trump \u00fadajn\u011b odm\u00edtl uct\u00edt padl\u00e9 americk\u00e9 voj\u00e1ky poh\u0159ben\u00e9 ve Francii a ozna\u010dil je za\u00a0<\/span><em><span>\u201ep\u0159\u00edsavky\u201c<\/span><\/em><span>\u00a0a\u00a0<\/span><em><span>\u201epora\u017een\u00e9\u201c.<\/span><\/em><\/p>\n<p><span>P\u0159\u00edb\u011bh se poprv\u00e9 objevil v \u010dasopise The Atlantic v z\u00e1\u0159\u00ed 2020 a odkazuje na\u00a0<\/span><a href=\"https:\/\/swentr.site\/usa\/443652-trump-cemetry-trip-cancelled-outrage\/\"><span>ud\u00e1losti v listopadu 2018<\/span><\/a><span>\u00a0, u st\u00e9ho v\u00fdro\u010d\u00ed p\u0159\u00edm\u011b\u0159\u00ed z prvn\u00ed sv\u011btov\u00e9 v\u00e1lky. Trump\u00a0obvin\u011bn\u00ed\u00a0<\/span><a href=\"https:\/\/kazan2024-en.rt.com\/usa\/499836-trump-veterans-losers-suckers-fake\/\"><span>pop\u0159el a ozna\u010dil je za\u00a0<\/span><\/a><em><span>\u201evymy\u0161len\u00e9 fake news dan\u00e9 nechutn\u00fdmi a \u017e\u00e1rliv\u00fdmi selh\u00e1n\u00edmi v hanebn\u00e9m pokusu ovlivnit volby v roce 2020!<\/span><\/em><\/p>\n<p><span>Dokumenty odhaluj\u00edc\u00ed tvrzen\u00ed Atlantiku se objevily b\u011bhem n\u011bkolika dn\u00ed, ale to nezabr\u00e1nilo demokrat\u016fm v tom, aby je opakovan\u011b uv\u00e1d\u011bli, jako by to byla pravda.<\/span><\/p>\n<p><img decoding=\"async\" loading=\"lazy\" class=\"alignnone size-full wp-image-1185\" src=\"http:\/\/www.infokuryr.cz\/n\/wp-content\/uploads\/2021\/04\/kuryr-podpis.png\" alt=\"\" width=\"84\" height=\"24\" \/><\/p>\n<p>&nbsp;<\/p>\n<p>&nbsp;<\/p>\n","protected":false},"excerpt":{"rendered":"<p>Americk\u00e9 vojensk\u00e9 z\u00e1znamy vypr\u00e1v\u011bj\u00ed jin\u00fd p\u0159\u00edb\u011bh o incidentu z druh\u00e9 sv\u011btov\u00e9 v\u00e1lky Americk\u00fd prezident Joe&#8230;<\/p>\n","protected":false},"author":2,"featured_media":30400,"comment_status":"closed","ping_status":"closed","sticky":false,"template":"","format":"standard","meta":[],"categories":[7],"tags":[72,7142,2203,7141],"_links":{"self":[{"href":"https:\/\/www.infokuryr.cz\/n\/wp-json\/wp\/v2\/posts\/51858"}],"collection":[{"href":"https:\/\/www.infokuryr.cz\/n\/wp-json\/wp\/v2\/posts"}],"about":[{"href":"https:\/\/www.infokuryr.cz\/n\/wp-json\/wp\/v2\/types\/post"}],"author":[{"embeddable":true,"href":"https:\/\/www.infokuryr.cz\/n\/wp-json\/wp\/v2\/users\/2"}],"replies":[{"embeddable":true,"href":"https:\/\/www.infokuryr.cz\/n\/wp-json\/wp\/v2\/comments?post=51858"}],"version-history":[{"count":0,"href":"https:\/\/www.infokuryr.cz\/n\/wp-json\/wp\/v2\/posts\/51858\/revisions"}],"wp:featuredmedia":[{"embeddable":true,"href":"https:\/\/www.infokuryr.cz\/n\/wp-json\/wp\/v2\/media\/30400"}],"wp:attachment":[{"href":"https:\/\/www.infokuryr.cz\/n\/wp-json\/wp\/v2\/media?parent=51858"}],"wp:term":[{"taxonomy":"category","embeddable":true,"href":"https:\/\/www.infokuryr.cz\/n\/wp-json\/wp\/v2\/categories?post=51858"},{"taxonomy":"post_tag","embeddable":true,"href":"https:\/\/www.infokuryr.cz\/n\/wp-json\/wp\/v2\/tags?post=51858"}],"curies":[{"name":"wp","href":"https:\/\/api.w.org\/{rel}","templated":true}]}}