{"id":51802,"date":"2024-04-18T00:33:21","date_gmt":"2024-04-17T22:33:21","guid":{"rendered":"https:\/\/www.infokuryr.cz\/n\/?p=51802"},"modified":"2024-04-17T16:07:07","modified_gmt":"2024-04-17T14:07:07","slug":"dave-decamp-podle-osn-se-pristup-k-pomoci-v-severni-gaze-nezlepsil","status":"publish","type":"post","link":"https:\/\/www.infokuryr.cz\/n\/2024\/04\/18\/dave-decamp-podle-osn-se-pristup-k-pomoci-v-severni-gaze-nezlepsil\/","title":{"rendered":"Dave DeCamp: Podle OSN se p\u0159\u00edstup k pomoci v severn\u00ed Gaze nezlep\u0161il"},"content":{"rendered":"<div id=\"fb-root\"><\/div>\n<div class=\"elementor-element elementor-element-1fb4c2c elementor-widget elementor-widget-theme-post-content\" data-id=\"1fb4c2c\" data-element_type=\"widget\" data-widget_type=\"theme-post-content.default\">\n<div class=\"elementor-widget-container\">\n<p><span style=\"font-size: 18pt;\"><strong>USA uvedly, \u017ee v oblastech severn\u00ed Gazy ji\u017e zu\u0159\u00ed hladomor<\/strong><\/span><\/p>\n<p><span>\u00da\u0159edn\u00edk OSN dohl\u00ed\u017eej\u00edc\u00ed na pomoc v p\u00e1smu Gazy uvedl, \u017ee p\u0159\u00edstup k pomoci se v severn\u00ed Gaze nezlep\u0161il, a odm\u00edtl tvrzen\u00ed Izraele, \u017ee za pot\u00ed\u017ee s distribuc\u00ed pomoci je odpov\u011bdn\u00e1 OSN.<\/span><\/p>\n<p><span>Humanit\u00e1rn\u00ed koordin\u00e1tor OSN Jamie McGoldrick uvedl, \u017ee odpov\u011bdnost okupa\u010dn\u00ed mocnosti za poskytov\u00e1n\u00ed humanit\u00e1rn\u00ed pomoci hladov\u011bj\u00edc\u00edm Palestinc\u016fm \u201eskon\u010d\u00ed teprve tehdy, kdy\u017e se pomoc dostane k civilist\u016fm v Gaze\u201c.<\/span><\/p>\n<p><span>&#8222;Pro Izrael je velmi snadn\u00e9 \u0159\u00edci, poslali jsme v\u00e1m 1000 n\u00e1kladn\u00edch aut, tak je pros\u00edm doru\u010dte do Gazy,&#8220; \u0159ekl McGoldrick.<\/span><\/p>\n<p><span>\u0158ekl, \u017ee distribuce v p\u00e1smu Gazy byla obt\u00ed\u017en\u00e1 kv\u016fli bezpe\u010dnostn\u00edmu vakuu a zpo\u017ed\u011bn\u00edm zp\u016fsoben\u00fdm izraelsk\u00fdmi kontroln\u00edmi stanovi\u0161ti. Od 7. \u0159\u00edjna bylo zavra\u017ed\u011bno 177 zam\u011bstnanc\u016f Organizace spojen\u00fdch n\u00e1rod\u016f pro palestinskou pomoc (UNRWA) a humanit\u00e1rn\u00ed pracovn\u00edci jsou tak\u00e9 \u010dasto ter\u010dem izraelsk\u00fdch \u00fatok\u016f.<\/span><\/p>\n<p><span>Vra\u017eda sedmi zam\u011bstnanc\u016f World Central Kitchen p\u0159it\u00e1hla celosv\u011btovou pozornost, proto\u017ee \u0161est z nich bylo ze z\u00e1padn\u00edch zem\u00ed. P\u0159i posledn\u00edm incidentu zam\u011bstnanci UNICEF ozn\u00e1mili, \u017ee vozidlo, ve kter\u00e9m cestovali, bylo zasa\u017eeno izraelskou st\u0159elbou, ale nikdo nebyl zran\u011bn.<\/span><\/p>\n<p><span>McGoldrick se vyj\u00e1d\u0159il v p\u00e1tek, ve stejn\u00fd den, kdy Izrael ozn\u00e1mil, \u017ee povol\u00ed pomoc do severn\u00edho p\u00e1sma Gazy p\u0159es nov\u00fd hrani\u010dn\u00ed p\u0159echod. Izrael p\u016fvodn\u011b ozn\u00e1mil, \u017ee otev\u0159e p\u0159echod Erez, aby umo\u017enil kamion\u016fm vstup do severn\u00ed \u010d\u00e1sti p\u00e1sma Gazy, ale pot\u00e9 otev\u0159el p\u0159echod na jin\u00e9m m\u00edst\u011b, kter\u00e9 nespecifikoval. Izraelsk\u00e1 arm\u00e1da tak\u00e9 odm\u00edtla sd\u011blit, kolik kamion\u016f bylo povoleno p\u0159es nov\u00fd hrani\u010dn\u00ed p\u0159echod, tak\u017ee nen\u00ed jasn\u00e9, zda to bude m\u00edt dopad.<\/span><\/p>\n<p><span>&#8222;\u017d\u00e1dali jsme o to m\u011bs\u00edce,&#8220; \u0159ekl McGoldrick. &#8222;Zd\u016fraznili jsme skute\u010dnost, \u017ee na severu je skute\u010dn\u00e1 humanit\u00e1rn\u00ed krize s hrozbou hladomoru&#8230; teprve nyn\u00ed vid\u00edme prvn\u00ed ozn\u00e1men\u00ed.&#8220;<\/span><\/p>\n<p><span>Samantha Powerov\u00e1, \u0161\u00e9fka americk\u00e9 agentury pro mezin\u00e1rodn\u00ed rozvoj, minul\u00fd t\u00fdden uvedla, \u017ee v\u011b\u0159\u00ed, \u017ee v n\u011bkter\u00fdch \u010d\u00e1stech severn\u00edho p\u00e1sma Gazy ji\u017e zu\u0159\u00ed hladomor. Navzdory p\u0159izn\u00e1n\u00ed od vysok\u00e9ho p\u0159edstavitele USA USA nad\u00e1le podporuj\u00ed izraelskou genocidn\u00ed kampa\u0148 a odm\u00edtaj\u00ed volat po jednostrann\u00e9m p\u0159\u00edm\u011b\u0159\u00ed.<\/span><\/p>\n<\/div>\n<\/div>\n<div class=\"elementor-element elementor-element-8c57238 quelle dc-has-condition dc-condition-empty elementor-widget elementor-widget-heading\" data-id=\"8c57238\" data-element_type=\"widget\" data-widget_type=\"heading.default\">\n<div class=\"elementor-widget-container\">\n<h3 class=\"elementor-heading-title elementor-size-default\"><span style=\"font-size: 10pt;\"><a href=\"https:\/\/news.antiwar.com\/2024\/04\/14\/un-says-no-improvement-in-aid-access-in-northern-gaza\/\" target=\"_blank\" rel=\"nofollow noopener\">ZDROJ<\/a><\/span><\/h3>\n<p>&nbsp;<\/p>\n<\/div>\n<\/div>\n","protected":false},"excerpt":{"rendered":"<p>USA uvedly, \u017ee v oblastech severn\u00ed Gazy ji\u017e zu\u0159\u00ed hladomor \u00da\u0159edn\u00edk OSN dohl\u00ed\u017eej\u00edc\u00ed na pomoc&#8230;<\/p>\n","protected":false},"author":2,"featured_media":48244,"comment_status":"closed","ping_status":"closed","sticky":false,"template":"","format":"standard","meta":[],"categories":[7],"tags":[348,1384,186],"_links":{"self":[{"href":"https:\/\/www.infokuryr.cz\/n\/wp-json\/wp\/v2\/posts\/51802"}],"collection":[{"href":"https:\/\/www.infokuryr.cz\/n\/wp-json\/wp\/v2\/posts"}],"about":[{"href":"https:\/\/www.infokuryr.cz\/n\/wp-json\/wp\/v2\/types\/post"}],"author":[{"embeddable":true,"href":"https:\/\/www.infokuryr.cz\/n\/wp-json\/wp\/v2\/users\/2"}],"replies":[{"embeddable":true,"href":"https:\/\/www.infokuryr.cz\/n\/wp-json\/wp\/v2\/comments?post=51802"}],"version-history":[{"count":0,"href":"https:\/\/www.infokuryr.cz\/n\/wp-json\/wp\/v2\/posts\/51802\/revisions"}],"wp:featuredmedia":[{"embeddable":true,"href":"https:\/\/www.infokuryr.cz\/n\/wp-json\/wp\/v2\/media\/48244"}],"wp:attachment":[{"href":"https:\/\/www.infokuryr.cz\/n\/wp-json\/wp\/v2\/media?parent=51802"}],"wp:term":[{"taxonomy":"category","embeddable":true,"href":"https:\/\/www.infokuryr.cz\/n\/wp-json\/wp\/v2\/categories?post=51802"},{"taxonomy":"post_tag","embeddable":true,"href":"https:\/\/www.infokuryr.cz\/n\/wp-json\/wp\/v2\/tags?post=51802"}],"curies":[{"name":"wp","href":"https:\/\/api.w.org\/{rel}","templated":true}]}}