{"id":51799,"date":"2024-04-18T00:31:22","date_gmt":"2024-04-17T22:31:22","guid":{"rendered":"https:\/\/www.infokuryr.cz\/n\/?p=51799"},"modified":"2024-04-17T16:03:10","modified_gmt":"2024-04-17T14:03:10","slug":"john-miles-anarchokapitalisticky-prezident-javier-milei-bali-podrobeni-elity-do-radikalniho-balicku","status":"publish","type":"post","link":"https:\/\/www.infokuryr.cz\/n\/2024\/04\/18\/john-miles-anarchokapitalisticky-prezident-javier-milei-bali-podrobeni-elity-do-radikalniho-balicku\/","title":{"rendered":"John Miles: \u201eAnarchokapitalistick\u00fd\u201c prezident Javier Milei bal\u00ed podroben\u00ed elity do radik\u00e1ln\u00edho bal\u00ed\u010dku"},"content":{"rendered":"<div id=\"fb-root\"><\/div>\n<div class=\"elementor-element elementor-element-1fb4c2c elementor-widget elementor-widget-theme-post-content\" data-id=\"1fb4c2c\" data-element_type=\"widget\" data-widget_type=\"theme-post-content.default\">\n<div class=\"elementor-widget-container\">\n<p><strong><span>Navzdory sv\u00e9 r\u00e9torice proti establishmentu argentinsk\u00fd prezident podle analytika Caleba Maupina prosazuje zn\u00e1mou politiku, kter\u00e1 zemi dost\u00e1v\u00e1 pod vliv z\u00e1padn\u00edch finan\u010dn\u00edch instituc\u00ed.<\/span><\/strong><\/p>\n<p><span>Prezident Javier Milei\u00a0<\/span><a href=\"https:\/\/orinocotribune.com\/mileis-plan-of-sending-military-aid-to-ukraine-isolates-argentina-from-its-principal-economic-partners\/\" target=\"_blank\" rel=\"noreferrer noopener\" data-type=\"link\" data-id=\"https:\/\/orinocotribune.com\/mileis-plan-of-sending-military-aid-to-ukraine-isolates-argentina-from-its-principal-economic-partners\/\"><span>izoloval<\/span><\/a><span>\u00a0Argentinu od jej\u00edch ekonomick\u00fdch partner\u016f a jihoamerick\u00fdch soused\u016f, kdy\u017e ned\u00e1vno ozn\u00e1mil, \u017ee zva\u017euje vojenskou podporu Ukrajin\u011b v jej\u00ed v\u00e1lce proti Rusku.<\/span><\/p>\n<p><span>Kontroverzn\u00ed v\u016fdce n\u00e1vrh odhalil b\u011bhem rozhovoru s americkou zpravodajskou stanic\u00ed CNN, ve kter\u00e9m\u00a0<\/span><a href=\"https:\/\/peoplesdispatch.org\/2024\/03\/29\/argentine-diplomats-expelled-from-colombia-following-explosive-comments-by-milei\/\" target=\"_blank\" rel=\"noreferrer noopener\" data-type=\"link\" data-id=\"https:\/\/peoplesdispatch.org\/2024\/03\/29\/argentine-diplomats-expelled-from-colombia-following-explosive-comments-by-milei\/\"><span>ozna\u010dil<\/span><\/a><span>\u00a0mexick\u00e9ho prezidenta Andr\u00e9se Manuela L\u00f3peze Obradora za \u201eneznal\u00e9ho\u201c a kolumbijsk\u00e9ho v\u016fdce Gustava Petra za \u201eteroristick\u00e9ho vraha\u201c. Nepolitick\u00fd koment\u00e1\u0159 o Petrovi vedl k vyho\u0161t\u011bn\u00ed argentinsk\u00fdch diplomat\u016f z ambas\u00e1dy zem\u011b v Bogot\u011b.<\/span><\/p>\n<p><span>Kontroverze p\u0159ich\u00e1z\u00ed v dob\u011b, kdy Mileiova obl\u00edbenost v Argentin\u011b prudce klesla uprost\u0159ed nel\u00edtostn\u00fdch protest\u016f. Zem\u011b se\u00a0pot\u00fdk\u00e1 s rozs\u00e1hl\u00fdm\u00a0<\/span><a href=\"https:\/\/www.wsws.org\/en\/articles\/2003\/02\/arge-f22.html\" target=\"_blank\" rel=\"noreferrer noopener\" data-type=\"link\" data-id=\"https:\/\/www.wsws.org\/en\/articles\/2003\/02\/arge-f22.html\"><span>hladomorem<\/span><\/a><span>\u00a0poprv\u00e9 od po\u010d\u00e1tku 21. stolet\u00ed, proto\u017ee ekonomick\u00e9 pot\u00ed\u017ee Argentiny pokra\u010duj\u00ed.\u00a0<\/span><em><span>Milei \u010delila v posledn\u00edch dnech kritice pot\u00e9, co policie pou\u017eila s\u00edlu proti demonstrant\u016fm v hlavn\u00edm m\u011bst\u011b zem\u011b, kte\u0159\u00ed po\u017eadovali podporu pro m\u00edstn\u00ed v\u00fdva\u0159ovny<\/span><\/em><span>\u00a0.<\/span><\/p>\n<p><span>Analytik Caleb Maupin diskutoval o ned\u00e1vn\u00e9m v\u00fdvoji v Argentin\u011b v po\u0159adu Sputniku \u201eThe Critical Hour\u201c v pond\u011bl\u00ed a tvrdil, \u017ee samozvan\u00fd \u201eanarchokapitalista\u201c Milei se sna\u017e\u00ed prod\u00e1vat\u00a0<\/span><strong><span>elit\u00e1m p\u0159\u00e1telskou neoliber\u00e1ln\u00ed ekonomickou politiku v pseudoradik\u00e1ln\u00edm bal\u00ed\u010dku<\/span><\/strong><span>\u00a0.<\/span><\/p>\n<p><span>&#8222;Mus\u00edm \u0159\u00edct, \u017ee nejsem \u0161okov\u00e1n Milein\u00fdm chov\u00e1n\u00edm,&#8220; \u0159ekl novin\u00e1\u0159. &#8222;Vyt\u00e1hl Argentinu z jedn\u00e1n\u00ed BRICS.&#8220; Od n\u00e1stupu do \u00fa\u0159adu nevyjad\u0159oval nic jin\u00e9ho ne\u017e nen\u00e1vist k \u010c\u00edn\u011b a Rusku. Je velk\u00fdm zast\u00e1ncem Izraele a jeho zv\u011brstev v\u016f\u010di Palestinc\u016fm a toho, co se v tuto chv\u00edli d\u011bje.<\/span><\/p>\n<p><em><span>\u201eCo m\u011b ale znepokojuje, je, \u017ee existuje spousta lid\u00ed, kte\u0159\u00ed kritizuj\u00ed americkou zahrani\u010dn\u00ed politiku&#8230; kte\u0159\u00ed, jak se zd\u00e1, maj\u00ed dojem, \u017ee Milei je n\u011bjak\u00fdm druhem hrdiny v boji proti hlubok\u00e9mu st\u00e1tu, \u017ee se n\u011bjak dost\u00e1v\u00e1 zp\u011bt. u glob\u00e1ln\u00edch elit \u201cdodal Maupin. &#8222;Tato iluze mi p\u0159ipad\u00e1 velmi, velmi frustruj\u00edc\u00ed.&#8220; Milei p\u0159edstavuje\u00a0<\/span><a href=\"https:\/\/sputnikglobe.com\/20231121\/president-elect-milei-spews-economic-nonsense-bound-to-make-argentina-51st-us-state--expert-1115090951.html\" target=\"_blank\" rel=\"noreferrer noopener\" data-type=\"link\" data-id=\"https:\/\/sputnikglobe.com\/20231121\/president-elect-milei-spews-economic-nonsense-bound-to-make-argentina-51st-us-state--expert-1115090951.html\"><span>ideologii glob\u00e1ln\u00edch elit<\/span><\/a><span>\u00a0zvanou neoliberalismus, p\u0159esv\u011bd\u010den\u00ed, \u017ee trh v\u017edy nab\u00edz\u00ed nejlep\u0161\u00ed \u0159e\u0161en\u00ed, p\u0159esv\u011bd\u010den\u00ed, \u017ee st\u00e1t nem\u00e1 povinnost chr\u00e1nit pracuj\u00edc\u00ed lidi p\u0159ed nezam\u011bstnanost\u00ed, p\u0159ed hladem atd.<\/span><\/em><\/p>\n<p><span>&#8222;T\u0159\u00edda lid\u00ed&#8230; zd\u00e1 se, \u017ee slep\u011b v\u011b\u0159\u00ed, \u017ee tento mu\u017e je n\u011bjak\u00fdm zp\u016fsobem na jejich stran\u011b, jednodu\u0161e proto, \u017ee obhajuje libertarianismus, jednodu\u0161e proto, \u017ee v\u011bci formuluje ve smyslu boje proti globalismu, boje proti socialismu.&#8220;<\/span><\/p>\n<p><em><span>Milei se prosadil jako politick\u00fd koment\u00e1tor v argentinsk\u00e9 televizi<\/span><\/em><span>\u00a0a ud\u011blal si jm\u00e9no d\u00edky sv\u00e9 bombastick\u00e9 r\u00e9torice a kritice politick\u00e9ho establishmentu zem\u011b. Mnoho pozorovatel\u016f\u00a0<\/span><a href=\"https:\/\/sputnikglobe.com\/20231120\/shock-result-radical-political-upstart-javier-milei-wins-argentine-presidency-1115061978.html#:~:text=Shock%20Result%3A%20Radical%20Political%20Upstart%20Javier%20Milei%20Wins%20Argentine%20Presidency\" target=\"_blank\" rel=\"noreferrer noopener\" data-type=\"link\" data-id=\"https:\/\/sputnikglobe.com\/20231120\/shock-result-radical-political-upstart-javier-milei-wins-argentine-presidency-1115061978.html#:~:text=Shock%20Result%3A%20Radical%20Political%20Upstart%20Javier%20Milei%20Wins%20Argentine%20Presidency\"><span>d\u00e1valo aspiruj\u00edc\u00edmu kandid\u00e1tovi<\/span><\/a><span>\u00a0na konci lo\u0148sk\u00e9ho roku jen malou \u0161anci z\u00edskat prezidentsk\u00fd \u00fa\u0159ad zem\u011b. Ale Milei dok\u00e1zal prom\u011bnit hlubokou nespokojenost nad katastrof\u00e1ln\u00ed ekonomickou situac\u00ed Argentiny v d\u016fsledku pandemie Covid-19 ve v\u00edt\u011bzstv\u00ed nad peronistick\u00fdm kandid\u00e1tem Sergio Massou.<\/span><\/p>\n<p><em><span>&#8222;Jedna v\u011bc, kterou pova\u017euji za zm\u00ednku, je, \u017ee Milei dok\u00e1zal z\u00edskat podporu argentinsk\u00e9ho obyvatelstva \u010d\u00e1ste\u010dn\u011b proto, \u017ee mnoho lid\u00ed v Argentin\u011b bylo zredukov\u00e1no na velmi bez\u00fat\u011b\u0161nou existenci d\u00edky takzvan\u00e9 koncertn\u00ed ekonomice,&#8220; \u0159ekl Maupin. &#8222;Nemaj\u00ed status b\u011b\u017en\u00e9ho pracovn\u00edka s \u0159\u00e1dnou pracovn\u00ed smlouvou, tolika hodinami pr\u00e1ce, zaru\u010den\u00fdm zam\u011bstn\u00e1n\u00edm a tak d\u00e1le.&#8220;<\/span><\/em><\/p>\n<p><span>\u201eTato existence \u2013 n\u011bkter\u00fdmi ekonomy naz\u00fdvan\u00e1 prekari\u00e1t \u2013 tyto lidi velmi rozzlobila na argentinsk\u00fd st\u00e1t, kter\u00fd po nich vy\u017eaduje ur\u010dit\u00e9 licence a zda\u0148uje je mnohem vy\u0161\u0161\u00ed sazbou, proto\u017ee technicky vzato nejsou zam\u011bstnanci, ale majitel\u00e9 firem,\u201c vysv\u011btlil. &#8222;Mysl\u00edm, \u017ee je to pot\u0159eba \u0159e\u0161it, proto\u017ee to je probl\u00e9m, kter\u00fd se net\u00fdk\u00e1 jen Argentiny, ale i na\u0161\u00ed zem\u011b.&#8220;<\/span><\/p>\n<p><span>Maupin tvrdil\u00a0<\/span><strong><span>, \u017ee navzdory sv\u00e9 r\u00e9torice proti establishmentu Milei pouze prov\u00e1d\u011bl zn\u00e1mou politiku, kter\u00e1\u00a0um\u00edstila Argentinu\u00a0<\/span><a href=\"https:\/\/sputnikglobe.com\/20231120\/argentina-risking-4bln-per-month-in-trade-with-china-brazil-by-potentially-halting-ties-1115083497.html\" target=\"_blank\" rel=\"noreferrer noopener\" data-type=\"link\" data-id=\"https:\/\/sputnikglobe.com\/20231120\/argentina-risking-4bln-per-month-in-trade-with-china-brazil-by-potentially-halting-ties-1115083497.html\"><span>pod vliv z\u00e1padn\u00edch finan\u010dn\u00edch instituc\u00ed<\/span><\/a><\/strong><span>\u00a0.<\/span><\/p>\n<p><span>&#8222;Opou\u0161t\u00ed argentinskou m\u011bnu, sna\u017e\u00ed se nav\u00e1zat Argentinu na americk\u00fd dolar,&#8220; \u0159ekl Maupin. \u201ePod\u00edvejte se na region. Kdy\u017e Ekv\u00e1dor na konci 90. let p\u0159ijal tato opat\u0159en\u00ed, ekv\u00e1dorsk\u00e1 ekonomika byla zcela zni\u010dena. Ekv\u00e1dor m\u011bl v roce 1999 um\u011bl\u00fd hladomor, kdy lid\u00e9 hladov\u011bli a um\u00edrali na podv\u00fd\u017eivu.<\/span><\/p>\n<p><em><span>&#8222;To je to, co se stane, kdy\u017e otev\u0159ete svou ekonomiku neoliber\u00e1ln\u00edmu drancov\u00e1n\u00ed,&#8220; tvrdil. \u201eV 90. letech jsme byli sv\u011bdky toho, jak byla politika Javiera Mileie uplat\u0148ov\u00e1na v Latinsk\u00e9 Americe&#8230; Neoliberalismus byl zkou\u0161en jako ekonomick\u00fd syst\u00e9m a selhal. A jen proto, \u017ee to najednou zabal\u00edte do antiestablishmentov\u00e9 r\u00e9toriky, tak to p\u0159ebal\u00edte&#8230; politika je po\u0159\u00e1d stejn\u00e1.\u201c<\/span><\/em><\/p>\n<p><span>&#8222;Neoliberalismus je st\u00e1le stejn\u00fd a politika voln\u00e9ho trhu je to, co Sv\u011btov\u00e9 ekonomick\u00e9 f\u00f3rum, Sv\u011btov\u00e1 banka, Mezin\u00e1rodn\u00ed m\u011bnov\u00fd fond a tyto obrovsk\u00e9 globalistick\u00e9 instituce od po\u010d\u00e1tku prosazovaly.&#8220;<\/span><\/p>\n<\/div>\n<\/div>\n<div class=\"elementor-element elementor-element-8c57238 quelle dc-has-condition dc-condition-empty elementor-widget elementor-widget-heading\" data-id=\"8c57238\" data-element_type=\"widget\" data-widget_type=\"heading.default\">\n<div class=\"elementor-widget-container\">\n<h3 class=\"elementor-heading-title elementor-size-default\"><span style=\"font-size: 10pt;\"><a href=\"https:\/\/sputnikglobe.com\/20240416\/anarcho-capitalist-president-javier-milei-wraps-elite-subservience-in-radical-package-1117950611.html\" target=\"_blank\" rel=\"nofollow noopener\">ZDROJ<\/a><\/span><\/h3>\n<p>&nbsp;<\/p>\n<\/div>\n<\/div>\n","protected":false},"excerpt":{"rendered":"<p>Navzdory sv\u00e9 r\u00e9torice proti establishmentu argentinsk\u00fd prezident podle analytika Caleba Maupina prosazuje zn\u00e1mou politiku, kter\u00e1&#8230;<\/p>\n","protected":false},"author":2,"featured_media":41115,"comment_status":"closed","ping_status":"closed","sticky":false,"template":"","format":"standard","meta":[],"categories":[7],"tags":[756,279,165],"_links":{"self":[{"href":"https:\/\/www.infokuryr.cz\/n\/wp-json\/wp\/v2\/posts\/51799"}],"collection":[{"href":"https:\/\/www.infokuryr.cz\/n\/wp-json\/wp\/v2\/posts"}],"about":[{"href":"https:\/\/www.infokuryr.cz\/n\/wp-json\/wp\/v2\/types\/post"}],"author":[{"embeddable":true,"href":"https:\/\/www.infokuryr.cz\/n\/wp-json\/wp\/v2\/users\/2"}],"replies":[{"embeddable":true,"href":"https:\/\/www.infokuryr.cz\/n\/wp-json\/wp\/v2\/comments?post=51799"}],"version-history":[{"count":0,"href":"https:\/\/www.infokuryr.cz\/n\/wp-json\/wp\/v2\/posts\/51799\/revisions"}],"wp:featuredmedia":[{"embeddable":true,"href":"https:\/\/www.infokuryr.cz\/n\/wp-json\/wp\/v2\/media\/41115"}],"wp:attachment":[{"href":"https:\/\/www.infokuryr.cz\/n\/wp-json\/wp\/v2\/media?parent=51799"}],"wp:term":[{"taxonomy":"category","embeddable":true,"href":"https:\/\/www.infokuryr.cz\/n\/wp-json\/wp\/v2\/categories?post=51799"},{"taxonomy":"post_tag","embeddable":true,"href":"https:\/\/www.infokuryr.cz\/n\/wp-json\/wp\/v2\/tags?post=51799"}],"curies":[{"name":"wp","href":"https:\/\/api.w.org\/{rel}","templated":true}]}}