{"id":51727,"date":"2024-04-17T00:35:38","date_gmt":"2024-04-16T22:35:38","guid":{"rendered":"https:\/\/www.infokuryr.cz\/n\/?p=51727"},"modified":"2024-04-16T19:09:39","modified_gmt":"2024-04-16T17:09:39","slug":"washingtonske-politicke-obsazeni-filipin-byvala-kolonie-budouci-zastupce","status":"publish","type":"post","link":"https:\/\/www.infokuryr.cz\/n\/2024\/04\/17\/washingtonske-politicke-obsazeni-filipin-byvala-kolonie-budouci-zastupce\/","title":{"rendered":"Washingtonsk\u00e9 politick\u00e9 obsazen\u00ed Filip\u00edn: B\u00fdval\u00e1 kolonie, budouc\u00ed z\u00e1stupce"},"content":{"rendered":"<div id=\"fb-root\"><\/div>\n<div class=\"elementor-element elementor-element-1fb4c2c elementor-widget elementor-widget-theme-post-content\" data-id=\"1fb4c2c\" data-element_type=\"widget\" data-widget_type=\"theme-post-content.default\">\n<div class=\"elementor-widget-container\">\n<p><span>Nap\u011bt\u00ed nad\u00e1le roste v asijsko-pacifick\u00e9m regionu, zejm\u00e9na v Jiho\u010d\u00ednsk\u00e9m mo\u0159i, kde \u010c\u00edna \u010del\u00ed Spojen\u00fdm st\u00e1t\u016fm a jejich region\u00e1ln\u00edm spojenc\u016fm, v\u010detn\u011b Japonska a Austr\u00e1lie.<\/span><\/p>\n<p><span>Zat\u00edmco USA tvrd\u00ed, \u017ee toto rostouc\u00ed nap\u011bt\u00ed je zp\u016fsobeno \u010d\u00ednskou touhou podkopat \u201e\u00a0<\/span><em><span>svobodu plavby<\/span><\/em><span>\u00a0\u201c a stabilitu v regionu, je to ve skute\u010dnosti sou\u010d\u00e1st des\u00edtky let trvaj\u00edc\u00ed americk\u00e9 politiky zadr\u017eet \u010c\u00ednu.<\/span><\/p>\n<p><span>S t\u00edm, jak USA pokra\u010duj\u00ed v t\u00e9to politice, rostou vyhl\u00eddky na ukrajinsk\u00fd z\u00e1stupn\u00fd konflikt, kter\u00fd vypukne v asijsko-pacifick\u00e9m regionu.<\/span><\/p>\n<p class=\"has-medium-font-size\"><span style=\"font-size: 18pt;\"><strong>USA cht\u011bj\u00ed asijsko-pacifick\u00fd region ovl\u00e1dat, ne ho chr\u00e1nit<\/strong><\/span><\/p>\n<p><span>Dokumenty americk\u00e9ho ministerstva zahrani\u010d\u00ed z 60. let potvrzuj\u00ed, \u017ee americk\u00e1 vojensk\u00e1 p\u0159\u00edtomnost v Asii je udr\u017eov\u00e1na \u201e\u00a0<\/span><em><span>na podporu dlouhodob\u00e9 politiky Spojen\u00fdch st\u00e1t\u016f zadr\u017eov\u00e1n\u00ed komunistick\u00e9 \u010c\u00edny<\/span><\/em><span>\u00a0\u201c.<\/span><\/p>\n<p><span>Tyt\u00e9\u017e dokumenty p\u0159ipou\u0161t\u011bj\u00ed, \u017ee USA udr\u017euj\u00ed t\u0159i fronty, aby \u201e\u00a0<\/span><em><span>zadr\u017eely \u010c\u00ednu<\/span><\/em><span>\u00a0\u201c, v\u010detn\u011b \u201e\u00a0<\/span><em><span>(a) japonsko-korejsk\u00e9 fronty; b) indicko-p\u00e1kist\u00e1nsk\u00e1 fronta; a c) fronta jihov\u00fdchodn\u00ed Asie.<\/span><\/em><span>\u00a0\u201c<\/span><\/p>\n<p><span>Washington v sou\u010dasnosti udr\u017euje des\u00edtky tis\u00edc americk\u00fdch voj\u00e1k\u016f na \u201e\u00a0<\/span><em><span>japonsko-korejsk\u00e9 front\u011b<\/span><\/em><span>\u00a0\u201c.<\/span><\/p>\n<p><span>Na \u201e\u00a0<\/span><em><span>indicko-p\u00e1kist\u00e1nsk\u00e9 front\u011b<\/span><\/em><span>\u00a0\u201c se USA sna\u017eily podkopat vztahy mezi \u010c\u00ednou a P\u00e1kist\u00e1nem podporou ozbrojen\u00fdch separatist\u016f v provincii Bal\u00fa\u010dist\u00e1n a zam\u011b\u0159ov\u00e1n\u00edm se na infrastrukturn\u00ed projekty \u010d\u00ednsko-p\u00e1kist\u00e1nsk\u00e9ho hospod\u00e1\u0159sk\u00e9ho koridoru (CPEC), zat\u00edmco USA jako sou\u010d\u00e1st Indie jejich proti\u010d\u00ednsk\u00e9 \u201eQuad\u201c aliance.<\/span><\/p>\n<p><span>Na \u201e\u00a0<\/span><em><span>front\u011b jihov\u00fdchodn\u00ed Asie<\/span><\/em><span>\u00a0\u201c se USA pokusily vybudovat a p\u0159iv\u00e9st k moci proti\u010d\u00ednsk\u00e9 politick\u00e9 strany. V Myanmaru USA podporuj\u00ed ozbrojen\u00fd konflikt, jeho\u017e c\u00edlem je svrhnout vl\u00e1du p\u0159\u00e1telskou \u010c\u00edn\u011b a nahradit ji americk\u00fdm klientsk\u00fdm re\u017eimem. V centru sou\u010dasn\u00e9ho a rostouc\u00edho nap\u011bt\u00ed mezi USA a \u010c\u00ednou je v\u0161ak st\u00e1t jihov\u00fdchodn\u00ed Asie Filip\u00edny.<\/span><\/p>\n<p><span>Washington m\u00e1 daleko od \u201e\u00a0<\/span><em><span>podpory<\/span><\/em><span>\u00a0\u201c Filip\u00edn, ale m\u00e1 v \u00famyslu postavit n\u00e1rod proti \u010c\u00edn\u011b na \u00fakor vlastn\u00edch z\u00e1jm\u016f Filip\u00edn.<\/span><\/p>\n<p><span>Zat\u00edmco \u010c\u00edna je nejv\u011bt\u0161\u00edm a nejd\u016fle\u017eit\u011bj\u0161\u00edm obchodn\u00edm partnerem Filip\u00edn a nab\u00edz\u00ed Manile nejlep\u0161\u00ed vyhl\u00eddky na rozvoj tolik pot\u0159ebn\u00e9 modern\u00ed infrastruktury, Washington chce m\u00edsto toho pou\u017e\u00edt filip\u00ednsk\u00e9 ve\u0159ejn\u00e9 zdroje na vojensk\u00e9 v\u00fddaje, \u010d\u00edm\u017e podn\u00edt\u00ed nap\u011bt\u00ed, kter\u00e9 ohroz\u00ed spolupr\u00e1ci s \u010c\u00ednou v oblasti obchodu a obchodu. &#8230; ohroz\u00ed infrastrukturu.<\/span><\/p>\n<p><span>M\u00edsto \u010d\u00ednsk\u00fdch silnic, \u017eeleznic, p\u0159\u00edstav\u016f, nemocnic a \u0161kol uprost\u0159ed rostouc\u00edho bilater\u00e1ln\u00edho obchodu bude ostrovn\u00ed st\u00e1t m\u00edsto toho investovat do lod\u00ed, st\u00edha\u010dek a vojensk\u00fdch za\u0159\u00edzen\u00ed, kde budou hostit americk\u00e9 jednotky.<\/span><\/p>\n<p><span>Stejn\u011b jako Ukrajina ve v\u00fdchodn\u00ed Evrop\u011b, i Filip\u00edny budou sledovat spir\u00e1lu jej\u00ed ekonomiky, proto\u017ee ve\u0159ejn\u00fd \u010das, pen\u00edze, energie a pozornost jsou st\u00e1le v\u00edce investov\u00e1ny do rostouc\u00edho z\u00e1stupn\u00e9ho konfliktu organizovan\u00e9ho Washingtonem a pro n\u011bj. Filip\u00edny, kter\u00e9 ji\u017e \u017ealostn\u011b zaost\u00e1vaj\u00ed za zbytkem ASEAN, zaznamenaj\u00ed, \u017ee propast v ekonomick\u00e9 s\u00edle a rozvoji se b\u011bhem p\u0159\u00ed\u0161t\u00ed dek\u00e1dy bude prohlubovat, jak bude pokra\u010dovat politick\u00e9 dob\u00fdv\u00e1n\u00ed Manily Washingtonem.<\/span><\/p>\n<p class=\"has-medium-font-size\"><span style=\"font-size: 18pt;\"><strong>Filip\u00edny: b\u00fdval\u00e1 kolonie, nikoli \u201ep\u0159\u00edtel\u201c<\/strong><\/span><\/p>\n<p><span>Je d\u016fle\u017eit\u00e9 pochopit, \u017ee zat\u00edmco americk\u00e9 ministerstvo zahrani\u010d\u00ed mluv\u00ed o \u201e\u00a0<\/span><em><span>podpor\u011b Filip\u00edn v Jiho\u010d\u00ednsk\u00e9m mo\u0159i<\/span><\/em><span>\u00a0\u201c a pom\u00e1h\u00e1 chr\u00e1nit \u201e\u00a0<\/span><em><span>legitimn\u00ed filip\u00ednsk\u00e9 n\u00e1mo\u0159n\u00ed operace<\/span><\/em><span>\u00a0\u201c p\u0159ed \u201e\u00a0<\/span><em><span>nebezpe\u010dnou<\/span><\/em><span>\u00a0\u201c \u010c\u00ednou, byly to ve skute\u010dnosti Spojen\u00e9 st\u00e1ty, kdo napadl, obsadil a kolonizoval Filip\u00edny.<\/span><\/p>\n<p><span>B\u011bhem americk\u00e9 koloni\u00e1ln\u00ed nadvl\u00e1dy byl filip\u00ednsk\u00fd lid brutalizov\u00e1n a vyko\u0159is\u0165ov\u00e1n.<\/span><\/p>\n<p><span>Americk\u00e9 ministerstvo zahrani\u010d\u00ed na sv\u00e9 vlastn\u00ed webov\u00e9 str\u00e1nce s n\u00e1zvem \u201e\u00a0<\/span><em><span>Filip\u00ednsko-americk\u00e1 v\u00e1lka, 1899-1902<\/span><\/em><span>\u00a0\u201c p\u0159izn\u00e1v\u00e1:<\/span><\/p>\n<p><em><span>Po sv\u00e9 por\u00e1\u017ece ve \u0161pan\u011blsko-americk\u00e9 v\u00e1lce v roce 1898 \u0160pan\u011blsko postoupilo svou dlouholetou kolonii Filip\u00edny Spojen\u00fdm st\u00e1t\u016fm v Pa\u0159\u00ed\u017esk\u00e9 smlouv\u011b.<\/span><\/em><\/p>\n<p><em><span>N\u00e1sleduj\u00edc\u00ed filip\u00ednsko-americk\u00e1 v\u00e1lka trvala t\u0159i roky a vy\u017e\u00e1dala si p\u0159es 4 200 americk\u00fdch a p\u0159es 20 000 filip\u00ednsk\u00fdch bojovn\u00edk\u016f. N\u00e1sil\u00edm, hladem a nemocemi zem\u0159elo a\u017e 200 000 filip\u00ednsk\u00fdch civilist\u016f.<\/span><\/em><\/p>\n<p><span>\u00da\u0159ad historika americk\u00e9ho ministerstva zahrani\u010d\u00ed tak\u00e9 p\u0159izn\u00e1v\u00e1: \u201e\u00a0<\/span><em><span>Americk\u00e9 s\u00edly ob\u010das vypalovaly vesnice, uplat\u0148ovaly politiku op\u011btovn\u00e9ho soust\u0159ed\u011bn\u00ed civilist\u016f a mu\u010dily podez\u0159el\u00e9 partyz\u00e1nsk\u00e9 bojovn\u00edky.<\/span><\/em><span>\u00a0\u201c<\/span><\/p>\n<p><span>Filip\u00edny z\u00edskaly nez\u00e1vislost teprve v roce 1945, ale od t\u00e9 doby jsou p\u0159edm\u011btem dlouhodob\u00e9ho \u00fasil\u00ed Washingtonu znovu prosadit sv\u016fj vliv na zemi, mimo jin\u00e9 prost\u0159ednictv\u00edm rozm\u00edst\u011bn\u00ed americk\u00fdch vojensk\u00fdch sil a nyn\u00ed prost\u0159ednictv\u00edm otev\u0159en\u00e9ho vyu\u017e\u00edv\u00e1n\u00ed Filip\u00edn jako z\u00e1stupce Washingtonu. svou politiku konfrontace zadr\u017eov\u00e1n\u00ed \u010c\u00edny.<\/span><\/p>\n<p><span>Americk\u00e9 vyko\u0159is\u0165ov\u00e1n\u00ed zb\u00edda\u010den\u00fdch Filip\u00ednc\u016f pokra\u010dovalo dlouho pot\u00e9, co bylo dosa\u017eeno \u201enez\u00e1vislosti\u201c, zejm\u00e9na na americk\u00fdch z\u00e1kladn\u00e1ch na samotn\u00fdch Filip\u00edn\u00e1ch V \u010dl\u00e1nku The Nation z roku 2023 nazvan\u00e9m \u201eP\u0159\u00edprava na v\u00e1lku na Filip\u00edn\u00e1ch\u201c (P\u0159\u00edprava na v\u00e1lku v Jiho\u010d\u00ednsk\u00e9 mo\u0159e) p\u0159ipou\u0161t\u00ed toto:<\/span><\/p>\n<p><em><span>&#8230;Aktivist\u00e9 tvrd\u00ed, \u017ee je tr\u00e1p\u00ed skute\u010dnost, \u017ee kdy\u017e Spojen\u00e9 st\u00e1ty zam\u011bstn\u00e1valy des\u00edtky tis\u00edc Filip\u00ednc\u016f na z\u00e1kladn\u00e1ch Clark a Subic Bay, tito pracovn\u00edci \u010delili vyko\u0159is\u0165ov\u00e1n\u00ed a mzdov\u00e9 diskriminaci, co\u017e je dynamika podporovan\u00e1 tvrzen\u00edmi USA, \u017ee by mohli dodr\u017eovat filip\u00ednsk\u00e9 pracovn\u00ed z\u00e1kony byly zneplatn\u011bny.<\/span><\/em><\/p>\n<p><span>Tent\u00fd\u017e \u010dl\u00e1nek poukazuje na to, \u017ee USA roz\u0161i\u0159uj\u00ed svou vojenskou p\u0159\u00edtomnost na Filip\u00edn\u00e1ch a \u017ee \u0161kody zp\u016fsoben\u00e9 na obyvatelstvu a \u017eivotn\u00edm prost\u0159ed\u00ed desetilet\u00edmi vojensk\u00e9 okupace je\u0161t\u011b nebyly napraveny.<\/span><\/p>\n<p class=\"has-medium-font-size\"><span style=\"font-size: 18pt;\"><strong>Vymyslete si v\u00fdmluvu<\/strong><\/span><\/p>\n<p><span>Zat\u00edmco se z\u00e1padn\u00ed m\u00e9dia sna\u017e\u00ed p\u0159esv\u011bd\u010dit sv\u011bt, \u017ee \u010c\u00edna p\u0159edstavuje jedine\u010dnou hrozbu pro svobodu plavby a \u00fazemn\u00ed n\u00e1roky v Jiho\u010d\u00ednsk\u00e9m mo\u0159i, realita je takov\u00e1, \u017ee tento region je m\u00edstem mnoha p\u0159ekr\u00fdvaj\u00edc\u00edch se n\u00e1mo\u0159n\u00edch n\u00e1rok\u016f, kter\u00e9 daly vzniknout dlouhodob\u00fdm spory nejen mezi r\u016fzn\u00fdmi \u017eadateli z jihov\u00fdchodn\u00ed Asie a \u010c\u00ednou, ale tak\u00e9 mezi sebou navz\u00e1jem.<\/span><\/p>\n<p><span>Spory mohou n\u011bkdy eskalovat velkolep\u00fdm zp\u016fsobem.<\/span><\/p>\n<p><span>The Star, malajsijsk\u00e1 medi\u00e1ln\u00ed platforma, v \u010dl\u00e1nku z roku 2023 s titulkem \u201eKelantan MMEA se zbavuje sedmi zabaven\u00fdch vietnamsk\u00fdch lod\u00ed\u201c a vietnamsk\u00e1 medi\u00e1ln\u00ed platforma VN Express v \u010dl\u00e1nku z roku 2018 s titulkem \u201eIndon\u00e9sie potopila 86 vietnamsk\u00fdch ryb\u00e1\u0159sk\u00fdch lod\u00ed\u201c Nejen, \u017ee do\u0161lo k n\u00e1mo\u0159n\u00edm spor\u016fm mezi St\u00e1ty jihov\u00fdchodn\u00ed Asie po mnoho let, ale tyto spory zahrnovaly tak\u00e9 konfrontace na mo\u0159i, jejich\u017e v\u00fdsledkem byly zadr\u017een\u00e9 pos\u00e1dky, zabaven\u00e9 lod\u011b a dokonce i potopen\u00ed takov\u00fdch lod\u00ed.<\/span><\/p>\n<p><span>Navzdory zd\u00e1nliv\u011b v\u00e1\u017en\u00e9 povaze t\u011bchto spor\u016f jsou dvoustrann\u00e9 a region\u00e1ln\u00ed diplomatick\u00e9 vztahy, obchod a spolupr\u00e1ce nad\u00e1le dobr\u00e9 a rostou. Jin\u00fdmi slovy, a\u010dkoli tyto spory existuj\u00ed, konkuren\u010dn\u00ed \u017ealobci oce\u0148uj\u00ed a vyu\u017e\u00edvaj\u00ed region\u00e1ln\u00ed stabilitu v\u00edce ne\u017e eskalace t\u011bchto konkr\u00e9tn\u00edch spor\u016f. Ekonomick\u00e1 a politick\u00e1 hodnota jedin\u00e9ho \u017ealobce, kter\u00fd tyto spory vy\u0159e\u0161\u00ed rozhodn\u011b ve sv\u016fj prosp\u011bch, je zanedbateln\u00e1 ve srovn\u00e1n\u00ed s p\u0159\u00ednosy pokra\u010duj\u00edc\u00ed stability a spolupr\u00e1ce s ostatn\u00edmi \u017ealobci, v\u010detn\u011b \u010c\u00edny.<\/span><\/p>\n<p><span>Spojen\u00e9 st\u00e1ty p\u0159ekro\u010dily cel\u00fd Tich\u00fd oce\u00e1n, aby zas\u00e1hly do t\u011bchto jinak b\u011b\u017en\u00fdch a ka\u017edodenn\u00edch spor\u016f a p\u0159erostly je v region\u00e1ln\u00ed nebo dokonce glob\u00e1ln\u00ed konflikt. USA a jejich spojenci v\u010detn\u011b Austr\u00e1lie a Japonska toho vyu\u017e\u00edvaj\u00ed jako z\u00e1minku k militarizaci Filip\u00edn a jejich podpo\u0159e v konfrontaci s \u010c\u00ednou, ve snaze nebezpe\u010dn\u011b naru\u0161it status quo souvisej\u00edc\u00ed s t\u011bmito existuj\u00edc\u00edmi spory, co\u017e se d\u011bje nejen na \u00fakor vztah\u016f Filip\u00edn s \u010c\u00ednou, ale tak\u00e9 na \u00fakor region\u00e1ln\u00ed stability.<\/span><\/p>\n<p><span>Podle Atlasu ekonomick\u00e9 slo\u017eitosti Harvardsk\u00e9 univerzity p\u0159edstavuje \u010c\u00edna nejv\u011bt\u0161\u00ed exportn\u00ed trh Filip\u00edn v roce 2021 s p\u0159ibli\u017en\u011b 33 %, ve srovn\u00e1n\u00ed se Spojen\u00fdmi st\u00e1ty s 14,5 %, Japonskem s 11 % a Austr\u00e1li\u00ed s m\u00e9n\u011b ne\u017e 1 %. I kdy\u017e p\u0159id\u00e1te proti\u010d\u00ednskou alianci AUKUS a Japonsko dohromady, p\u0159edstavuj\u00ed pro Filip\u00edny men\u0161\u00ed exportn\u00ed trh.<\/span><\/p>\n<p><span>Pokud jde o dovoz, \u010c\u00edna je tak\u00e9 nejd\u016fle\u017eit\u011bj\u0161\u00edm zdrojem pro Filip\u00edny s 35 %, zat\u00edmco AUKUS a Japonsko dohromady tvo\u0159\u00ed m\u00e9n\u011b ne\u017e 16 %.<\/span><\/p>\n<p><span>Je tak\u00e9 d\u016fle\u017eit\u00e9 si uv\u011bdomit, \u017ee v\u011bt\u0161ina filip\u00ednsk\u00e9ho obchodu proch\u00e1z\u00ed Asi\u00ed. Region\u00e1ln\u00ed konflikt by tedy nejen p\u0159\u00edmo sabotoval obchod s \u010c\u00ednou, ale tak\u00e9 by ovlivnil a podkopal obchod Filip\u00edn se zbytkem Asie, stejn\u011b jako pokra\u010duj\u00edc\u00ed konflikt na Ukrajin\u011b podkopal jak ukrajinskou ekonomiku, tak i evropskou ekonomiku jako celek.<\/span><\/p>\n<p><span>Stejn\u011b jako to ud\u011blaly USA s Ukrajinou po jej\u00edm politick\u00e9m obsazen\u00ed Washingtonem v roce 2014, Filip\u00edny nemaj\u00ed \u017e\u00e1dn\u00e9 \u017eivotaschopn\u00e9 alternativy, kter\u00e9 by nahradily ekonomickou spolupr\u00e1ci mezi nimi a \u010c\u00ednou, proto\u017ee dychtiv\u011b m\u00ed\u0159\u00ed ke konfliktu s Pekingem. Pokud bude nap\u011bt\u00ed d\u00e1le nar\u016fstat a ekonomick\u00e9 vazby se za\u010dnou t\u0159epit, Filip\u00edny, stejn\u011b jako Ukrajina, jednodu\u0161e opust\u00ed svou ekonomickou prosperitu a nalij\u00ed to m\u00e1lo, co maj\u00ed, do zv\u00fd\u0161en\u00fdch vojensk\u00fdch v\u00fddaj\u016f.<\/span><\/p>\n<p><span>My\u0161lenka, \u017ee \u010c\u00edna p\u0159edstavuje skute\u010dnou hrozbu pro Filip\u00edny, zalo\u017een\u00e1 na dlouhotrvaj\u00edc\u00edch a pokra\u010duj\u00edc\u00edch n\u00e1mo\u0159n\u00edch sporech (kter\u00e9 existuj\u00ed dokonce i mezi evropsk\u00fdmi n\u00e1rody po cel\u00e9m sv\u011bt\u011b), je vymy\u0161lenou omluvou pro masivn\u00ed region\u00e1ln\u00ed vojensk\u00e9 nahromad\u011bn\u00ed veden\u00e9 Spojen\u00fdmi st\u00e1ty, kter\u00e9 m\u00e1 omezit \u010c\u00edna.<\/span><\/p>\n<p><span>Vymy\u0161lenou z\u00e1minkou je i tvrzen\u00ed, \u017ee \u010c\u00edna ohro\u017euje obchod a lodn\u00ed dopravu v Jiho\u010d\u00ednsk\u00e9m mo\u0159i. Podle studie Centra pro strategick\u00e1 a mezin\u00e1rodn\u00ed studia (CSIS) financovan\u00e9ho vl\u00e1dou USA s n\u00e1zvem \u201eKolik obchodu proch\u00e1z\u00ed Jiho\u010d\u00ednsk\u00fdm mo\u0159em? (Kolik obchodu proch\u00e1z\u00ed Jiho\u010d\u00ednsk\u00fdm mo\u0159em?) Naprost\u00e1 v\u011bt\u0161ina n\u00e1mo\u0159n\u00ed dopravy p\u0159es Jiho\u010d\u00ednsk\u00e9 mo\u0159e poch\u00e1z\u00ed nebo sm\u011b\u0159uje do \u010c\u00edny, v\u010detn\u011b do a ze zem\u00ed, jako jsou Filip\u00edny.<\/span><\/p>\n<p><span>\u010c\u00ednsk\u00fd export tvo\u0159\u00ed v\u00edce ne\u017e \u010dtvrtinu ve\u0161ker\u00e9 lodn\u00ed dopravy p\u0159es Jiho\u010d\u00ednsk\u00e9 mo\u0159e. Ostatn\u00ed zem\u011b v regionu, kter\u00e9 p\u0159epravuj\u00ed export p\u0159es Jiho\u010d\u00ednsk\u00e9 mo\u0159e, pova\u017euj\u00ed \u010c\u00ednu za jednoho ze sv\u00fdch nejv\u011bt\u0161\u00edch nebo jednoho z nejv\u011bt\u0161\u00edch obchodn\u00edch partner\u016f, co\u017e znamen\u00e1, \u017ee velk\u00e1 \u010d\u00e1st tohoto exportu pravd\u011bpodobn\u011b p\u016fjde do samotn\u00e9 \u010c\u00edny.<\/span><\/p>\n<p><span>Zde se odhaluje skute\u010dn\u00fd \u00fa\u010del nahromad\u011bn\u00ed americk\u00e9 arm\u00e1dy v Jiho\u010d\u00ednsk\u00e9m mo\u0159i a kolem n\u011bj \u2013 ohrozit, naru\u0161it a potenci\u00e1ln\u011b dokonce naru\u0161it \u010d\u00ednsk\u00fd n\u00e1mo\u0159n\u00ed obchod, to v\u0161e jako sou\u010d\u00e1st \u0161ir\u0161\u00edho \u00fasil\u00ed omezit \u010c\u00ednu. Dal\u0161\u00ed v\u00fdhodou t\u00e9to politiky je sabot\u00e1\u017e ostatn\u00edch region\u00e1ln\u00edch ekonomik, \u010d\u00edm\u017e vznik\u00e1 slab\u0161\u00ed Asie, nad kterou mohou USA l\u00e9pe prosazovat svou dominanci.<\/span><\/p>\n<p><span>Jak u\u017e to tak \u010dasto b\u00fdv\u00e1, Spojen\u00e9 st\u00e1ty ve skute\u010dnosti prov\u00e1d\u011bj\u00ed politiku, kter\u00e1 je diametr\u00e1ln\u011b odli\u0161n\u00e1 od fiktivn\u00edch politik, kter\u00e9 ve\u0159ejn\u011b hl\u00e1saj\u00ed. USA se \u00fadajn\u011b pod\u00edlej\u00ed na ochran\u011b n\u00e1mo\u0159n\u00edho obchodu n\u00e1rod\u016f, jako jsou Filip\u00edny, p\u0159es Jiho\u010d\u00ednsk\u00e9 mo\u0159e p\u0159ed \u010c\u00ednou, zem\u00ed, se kterou Filip\u00edny nejv\u00edce obchoduj\u00ed.<\/span><\/p>\n<p><span>Cena, kterou Filip\u00edny plat\u00ed za Washington, aby jej \u201echr\u00e1nily\u201c p\u0159ed fiktivn\u00ed \u010d\u00ednskou agres\u00ed a invazemi, je velmi re\u00e1ln\u00e1 kapitulace filip\u00ednsk\u00e9 suverenity, \u00fazem\u00ed, zahrani\u010dn\u00ed politiky a ekonomick\u00fdch vyhl\u00eddek Washingtonu.<\/span><\/p>\n<p><span>Jen \u010das uk\u00e1\u017ee, jak dlouho budou Filip\u00edny padat do soci\u00e1ln\u011b-politick\u00e9 a ekonomick\u00e9 \u010dern\u00e9 d\u00edry, kterou pod nimi Washington otev\u0159el, ale jak uk\u00e1zala Ukrajina, odvr\u00e1cen\u00ed nevyhnuteln\u00e9ho zmizen\u00ed v t\u00e9to d\u00ed\u0159e bude t\u00edm obt\u00ed\u017en\u011bj\u0161\u00ed, \u010d\u00edm d\u00e9le budou Filip\u00edny dostane do t\u00e9to spir\u00e1ly.<\/span><\/p>\n<p><strong><em>Autor: Brian Berletic<\/em><\/strong><\/p>\n<\/div>\n<\/div>\n<div class=\"elementor-element elementor-element-8c57238 quelle dc-has-condition dc-condition-empty elementor-widget elementor-widget-heading\" data-id=\"8c57238\" data-element_type=\"widget\" data-widget_type=\"heading.default\">\n<div class=\"elementor-widget-container\">\n<h3 class=\"elementor-heading-title elementor-size-default\"><span style=\"font-size: 10pt;\"><a href=\"https:\/\/journal-neo.su\/2024\/04\/09\/washingtons-political-capture-of-the-philippines-a-former-colony-a-future-proxy\/\" target=\"_blank\" rel=\"nofollow noopener\">ZDROJ<\/a><\/span><\/h3>\n<p>&nbsp;<\/p>\n<\/div>\n<\/div>\n","protected":false},"excerpt":{"rendered":"<p>Nap\u011bt\u00ed nad\u00e1le roste v asijsko-pacifick\u00e9m regionu, zejm\u00e9na v Jiho\u010d\u00ednsk\u00e9m mo\u0159i, kde \u010c\u00edna \u010del\u00ed Spojen\u00fdm st\u00e1t\u016fm&#8230;<\/p>\n","protected":false},"author":2,"featured_media":51728,"comment_status":"closed","ping_status":"closed","sticky":false,"template":"","format":"standard","meta":[],"categories":[7],"tags":[760,7132,37],"_links":{"self":[{"href":"https:\/\/www.infokuryr.cz\/n\/wp-json\/wp\/v2\/posts\/51727"}],"collection":[{"href":"https:\/\/www.infokuryr.cz\/n\/wp-json\/wp\/v2\/posts"}],"about":[{"href":"https:\/\/www.infokuryr.cz\/n\/wp-json\/wp\/v2\/types\/post"}],"author":[{"embeddable":true,"href":"https:\/\/www.infokuryr.cz\/n\/wp-json\/wp\/v2\/users\/2"}],"replies":[{"embeddable":true,"href":"https:\/\/www.infokuryr.cz\/n\/wp-json\/wp\/v2\/comments?post=51727"}],"version-history":[{"count":0,"href":"https:\/\/www.infokuryr.cz\/n\/wp-json\/wp\/v2\/posts\/51727\/revisions"}],"wp:featuredmedia":[{"embeddable":true,"href":"https:\/\/www.infokuryr.cz\/n\/wp-json\/wp\/v2\/media\/51728"}],"wp:attachment":[{"href":"https:\/\/www.infokuryr.cz\/n\/wp-json\/wp\/v2\/media?parent=51727"}],"wp:term":[{"taxonomy":"category","embeddable":true,"href":"https:\/\/www.infokuryr.cz\/n\/wp-json\/wp\/v2\/categories?post=51727"},{"taxonomy":"post_tag","embeddable":true,"href":"https:\/\/www.infokuryr.cz\/n\/wp-json\/wp\/v2\/tags?post=51727"}],"curies":[{"name":"wp","href":"https:\/\/api.w.org\/{rel}","templated":true}]}}