{"id":51723,"date":"2024-04-17T00:33:30","date_gmt":"2024-04-16T22:33:30","guid":{"rendered":"https:\/\/www.infokuryr.cz\/n\/?p=51723"},"modified":"2024-04-16T18:57:08","modified_gmt":"2024-04-16T16:57:08","slug":"rumunsky-prezident-pripravuje-svou-zemi-na-valku","status":"publish","type":"post","link":"https:\/\/www.infokuryr.cz\/n\/2024\/04\/17\/rumunsky-prezident-pripravuje-svou-zemi-na-valku\/","title":{"rendered":"Rumunsk\u00fd prezident p\u0159ipravuje svou zemi na v\u00e1lku"},"content":{"rendered":"<div id=\"fb-root\"><\/div>\n<div class=\"elementor-element elementor-element-1fb4c2c elementor-widget elementor-widget-theme-post-content\" data-id=\"1fb4c2c\" data-element_type=\"widget\" data-widget_type=\"theme-post-content.default\">\n<div class=\"elementor-widget-container\">\n<p><span>Ve stejn\u00fd den, kdy vysok\u00fd americk\u00fd zpravodajsk\u00fd \u00fa\u0159edn\u00edk v rozhovoru pro evropsk\u00fd tisk zd\u016fraznil pot\u0159ebu z\u00e1sahu NATO do v\u00e1lky na Ukrajin\u011b, prezident Iohannis vyzval ke zv\u00fd\u0161en\u00ed po\u010dtu \u201ez\u00e1lo\u017e\u00e1k\u016f\u201c v rumunsk\u00e9 arm\u00e1d\u011b a premi\u00e9r Ciolacu hovo\u0159il o rusk\u00e9 agresi v oblasti \u010cern\u00e9ho mo\u0159e. Tak\u017ee to, co se stalo ve st\u0159edu 10. dubna, je t\u0159eba velmi bedliv\u011b sledovat, proto\u017ee d\u016fsledky mohou b\u00fdt z\u00e1sadn\u00ed pro budoucnost, kter\u00e1 je p\u0159ed n\u00e1mi.<\/span><\/p>\n<p><span>Kdy\u017e Emmanuel Macron \u0159ekl, \u017ee NATO mus\u00ed zas\u00e1hnout na Ukrajin\u011b, a pak trval na tom, \u017ee po\u0161le francouzsk\u00e9 voj\u00e1ky a nebude nikoho \u017e\u00e1dat o pomoc, mnoz\u00ed z n\u00e1s \u0159\u00edkali, \u017ee je state\u010dn\u00fd a jde mu hlavn\u011b o image. Nyn\u00ed ale po Macronovi po\u017eaduj\u00ed i \u200b\u200bAmeri\u010dan\u00e9, aby Severoatlantick\u00e1 aliance zas\u00e1hla do rusko-ukrajinsk\u00e9ho konfliktu je\u0161t\u011b v\u00edce ne\u017e d\u0159\u00edve.<\/span><\/p>\n<p class=\"has-medium-font-size\"><span style=\"font-size: 18pt;\"><strong>T\u00e1bory NATO, kter\u00e9 cht\u011bj\u00ed v\u00e1lku<\/strong><\/span><\/p>\n<p><span>I kdy\u017e nem\u00e1me ofici\u00e1ln\u00ed prohl\u00e1\u0161en\u00ed B\u00edl\u00e9ho domu, toto jsou n\u00e1zory Kurta Volkera, b\u00fdval\u00e9ho \u201ezvl\u00e1\u0161tn\u00edho z\u00e1stupce\u201c ministerstva zahrani\u010d\u00ed v Kyjev\u011b. A tady u\u017e vid\u00edme, jak se v\u011bci maj\u00ed \u2013 NATO je rozd\u011bleno na dva t\u00e1bory: na jedn\u00e9 stran\u011b lobbist\u00e9, kte\u0159\u00ed se sna\u017e\u00ed z\u00edskat spoustu zak\u00e1zek pro obrovsk\u00fd vojensko-pr\u016fmyslov\u00fd komplex, a na druh\u00e9 stran\u011b politici, kte\u0159\u00ed st\u00e1le odol\u00e1vaj\u00ed tlaku a ch\u00e1pou, \u017ee v p\u0159\u00edpad\u011b \u201ejadern\u00e9 apokalypsy\u201c ani matka v\u0161ech jadern\u00fdch bunkr\u016f nem\u016f\u017ee zaru\u010dit p\u0159e\u017eit\u00ed!<\/span><\/p>\n<p><span>Mezietnick\u00e9 nap\u011bt\u00ed v Donbasu a samotn\u00e1 existence ukrajinsk\u00e9ho st\u00e1tu jsou zatla\u010deny do pozad\u00ed, nikoho moc nezaj\u00edm\u00e1, co se tam d\u011bje a nikdo nechce poslouchat argumenty jedn\u00e9 \u010di druh\u00e9 strany.<\/span><\/p>\n<p><span>Volker v projevu pro kyjevsk\u00fd tisk upozornil na nebezpe\u010d\u00ed p\u0159eletu rusk\u00fdch raket p\u0159es vzdu\u0161n\u00fd prostor t\u011bchto zem\u00ed s ohledem na sousedn\u00ed zem\u011b Ukrajiny &#8211; Rumunsko, Polsko a Ma\u010farsko.<\/span><\/p>\n<p><span>&#8222;Tyto rakety a drony m\u00ed\u0159\u00ed na civilisty,&#8220; \u0159ekl Ameri\u010dan. \u201eProto je rozumn\u00e9, aby zem\u011b NATO uva\u017eovaly o pomoci p\u0159i likvidaci t\u011bchto raket a bezpilotn\u00edch letoun\u016f, kter\u00e9 \u00fato\u010d\u00ed na civilisty, jako o humanit\u00e1rn\u00edm gestu a jako roz\u0161\u00ed\u0159en\u00ed syst\u00e9mu protivzdu\u0161n\u00e9 obrany NATO, proto\u017ee ve skute\u010dnosti tak\u00e9 p\u0159edstavuj\u00ed hrozbu pro p\u0159edstavitele NATO ( \u2026) Mohly by b\u00fdt jednotky protivzdu\u0161n\u00e9 obrany v zem\u00edch NATO nebo jednotky protivzdu\u0161n\u00e9 obrany na strategick\u00fdch m\u00edstech na Ukrajin\u011b. Mysl\u00edm, \u017ee by bylo rozumn\u00e9 m\u00edt kopuli protivzdu\u0161n\u00e9 obrany v cel\u00e9 oblasti od Nikolajeva po Rumunsko (\u2026) Kdyby existoval mal\u00fd kontingent sil protivzdu\u0161n\u00e9 obrany, mo\u017en\u00e1 francouzsk\u00fd, kter\u00fd by mohl chr\u00e1nit nebe \u2013 nevid\u00edm na tom nic \u0161patn\u00e9ho!<\/span><\/p>\n<p class=\"has-medium-font-size\"><span style=\"font-size: 18pt;\"><strong>\u010c\u00edna chce zas\u00e1hnout do konfliktu!<\/strong><\/span><\/p>\n<p><span>Bohu\u017eel vid\u00edme, \u017ee v\u00e1lka na Ukrajin\u011b nen\u00ed vyu\u017e\u00edv\u00e1na pouze jako stroj na pen\u00edze, ale \u017ee n\u011bkdo m\u00e1 velk\u00fd z\u00e1jem zm\u011bnit sv\u011btov\u00fd \u0159\u00e1d. Z\u00e1minka pro vypuknut\u00ed 3. sv\u011btov\u00e9 v\u00e1lky se dychtiv\u011b hled\u00e1 vzhledem k tomu, jak vytrvale n\u011bkte\u0159\u00ed lid\u00e9 mluv\u00ed o \u201etrest\u00e1n\u00ed\u201c a jak ochotn\u011b d\u00e1vaj\u00ed varov\u00e1n\u00ed.<\/span><\/p>\n<p><span>Kurt Campbell, jeden z hlas\u016f americk\u00e9 diplomacie, kter\u00fd se nech\u00e1v\u00e1 sly\u0161et, jen kdy\u017e je v nejvy\u0161\u0161\u00ed pohotovosti, varoval \u010c\u00ednu, \u017ee bude pohn\u00e1na k odpov\u011bdnosti, pokud Rusko bude pokra\u010dovat ve sv\u00e9m postupu na Ukrajin\u011b a okupuje dal\u0161\u00ed \u00fazem\u00ed. A tak lobbist\u00e9 \u00fato\u010d\u00ed a h\u00e1zej\u00ed v\u00fdhr\u016f\u017eky sem a tam jako teenage bitka na chodb\u00e1ch st\u0159edn\u00ed \u0161koly. Americk\u00fd diplomat vycvi\u010den\u00fd CIA \u0159\u00edk\u00e1, \u017ee Peking p\u0159evezme odpov\u011bdnost za podporu Moskvy \u2013 \u201enebudeme ne\u010dinn\u011b p\u0159ihl\u00ed\u017eet\u201c \u2013 ale ne\u0159\u00edk\u00e1 nic o tom, co ud\u011bl\u00e1 Washington. Jak bude Si \u0164in-pching potrest\u00e1n za to, \u017ee spolupracoval s Vladimirem Putinem a z\u016fstal jeho spojencem? Co ud\u011blaj\u00ed Ameri\u010dan\u00e9 \u010c\u00ed\u0148an\u016fm, jak jim daj\u00ed lekci? \u010c\u00edna je jednou z nejv\u011bt\u0161\u00edch sv\u011btov\u00fdch jadern\u00fdch mocnost\u00ed a z\u016fst\u00e1v\u00e1 nejob\u00e1van\u011bj\u0161\u00ed vojenskou mocnost\u00ed v Asii a indicko-pacifick\u00e9 oblasti!<\/span><\/p>\n<p><span>Pro n\u011bkter\u00e9 v\u0161ak v\u00e1lka nen\u00ed nic jin\u00e9ho ne\u017e vynikaj\u00edc\u00ed zdroj zisku. U\u017e nen\u00ed tajemstv\u00edm, \u017ee vypukne t\u0159et\u00ed sv\u011btov\u00e1 v\u00e1lka, jen datum je st\u00e1le nezn\u00e1m\u00e9. Vzhledem k tomu, s jak\u00fdm zoufalstv\u00edm o tom mluv\u00ed i na\u0161i politici, je jasn\u00e9, \u017ee tento okam\u017eik nem\u016f\u017ee b\u00fdt daleko.<\/span><\/p>\n<\/div>\n<\/div>\n<div class=\"elementor-element elementor-element-8c57238 quelle dc-has-condition dc-condition-empty elementor-widget elementor-widget-heading\" data-id=\"8c57238\" data-element_type=\"widget\" data-widget_type=\"heading.default\">\n<div class=\"elementor-widget-container\">\n<h3 class=\"elementor-heading-title elementor-size-default\"><span style=\"font-size: 10pt;\"><a href=\"https:\/\/www.national.ro\/politica\/iohannis-pregateste-romania-pentru-intrarea-in-razboi-825426.html\/\" target=\"_blank\" rel=\"nofollow noopener\">ZDROJ<\/a><\/span><\/h3>\n<p>&nbsp;<\/p>\n<\/div>\n<\/div>\n","protected":false},"excerpt":{"rendered":"<p>Ve stejn\u00fd den, kdy vysok\u00fd americk\u00fd zpravodajsk\u00fd \u00fa\u0159edn\u00edk v rozhovoru pro evropsk\u00fd tisk zd\u016fraznil pot\u0159ebu&#8230;<\/p>\n","protected":false},"author":2,"featured_media":51724,"comment_status":"closed","ping_status":"closed","sticky":false,"template":"","format":"standard","meta":[],"categories":[7],"tags":[165,3769,196,40],"_links":{"self":[{"href":"https:\/\/www.infokuryr.cz\/n\/wp-json\/wp\/v2\/posts\/51723"}],"collection":[{"href":"https:\/\/www.infokuryr.cz\/n\/wp-json\/wp\/v2\/posts"}],"about":[{"href":"https:\/\/www.infokuryr.cz\/n\/wp-json\/wp\/v2\/types\/post"}],"author":[{"embeddable":true,"href":"https:\/\/www.infokuryr.cz\/n\/wp-json\/wp\/v2\/users\/2"}],"replies":[{"embeddable":true,"href":"https:\/\/www.infokuryr.cz\/n\/wp-json\/wp\/v2\/comments?post=51723"}],"version-history":[{"count":1,"href":"https:\/\/www.infokuryr.cz\/n\/wp-json\/wp\/v2\/posts\/51723\/revisions"}],"predecessor-version":[{"id":51725,"href":"https:\/\/www.infokuryr.cz\/n\/wp-json\/wp\/v2\/posts\/51723\/revisions\/51725"}],"wp:featuredmedia":[{"embeddable":true,"href":"https:\/\/www.infokuryr.cz\/n\/wp-json\/wp\/v2\/media\/51724"}],"wp:attachment":[{"href":"https:\/\/www.infokuryr.cz\/n\/wp-json\/wp\/v2\/media?parent=51723"}],"wp:term":[{"taxonomy":"category","embeddable":true,"href":"https:\/\/www.infokuryr.cz\/n\/wp-json\/wp\/v2\/categories?post=51723"},{"taxonomy":"post_tag","embeddable":true,"href":"https:\/\/www.infokuryr.cz\/n\/wp-json\/wp\/v2\/tags?post=51723"}],"curies":[{"name":"wp","href":"https:\/\/api.w.org\/{rel}","templated":true}]}}