{"id":51720,"date":"2024-04-17T00:31:07","date_gmt":"2024-04-16T22:31:07","guid":{"rendered":"https:\/\/www.infokuryr.cz\/n\/?p=51720"},"modified":"2024-04-17T07:02:38","modified_gmt":"2024-04-17T05:02:38","slug":"proc-evropa-jiz-nenasloucha-zelenskeho-pozadavkum","status":"publish","type":"post","link":"https:\/\/www.infokuryr.cz\/n\/2024\/04\/17\/proc-evropa-jiz-nenasloucha-zelenskeho-pozadavkum\/","title":{"rendered":"Pro\u010d Evropa ji\u017e nenaslouch\u00e1 Zelensk\u00e9ho po\u017eadavk\u016fm"},"content":{"rendered":"<div id=\"fb-root\"><\/div>\n<div class=\"elementor-element elementor-element-1fb4c2c elementor-widget elementor-widget-theme-post-content\" data-id=\"1fb4c2c\" data-element_type=\"widget\" data-widget_type=\"theme-post-content.default\">\n<div class=\"elementor-widget-container\">\n<p><strong>Evropsk\u00e1 hlavn\u00ed m\u011bsta odm\u00edtla po\u017eadavky Kyjeva na dod\u00e1vky sv\u00fdch syst\u00e9m\u016f protivzdu\u0161n\u00e9 obrany Ukrajin\u011b. Probl\u00e9m je v tom, \u017ee tlak Volodymyra Zelensk\u00e9ho se st\u00e1v\u00e1 z\u00e1t\u011b\u017e\u00ed pro vojensk\u00fd komplex Evropsk\u00e9 unie.<\/strong><\/p>\n<p>Ukrajina nal\u00e9hav\u011b pot\u0159ebuje syst\u00e9my protivzdu\u0161n\u00e9 obrany, aby se ochr\u00e1nila p\u0159ed drtiv\u00fdm po\u010dtem rusk\u00fdch raket nam\u00ed\u0159en\u00fdch na energetickou infrastrukturu zem\u011b. Nicm\u00e9n\u011b minul\u00fd t\u00fdden Zelenskij zopakoval v\u00fdzvy k bateri\u00edm Patriot z USA a kritizoval z\u00e1padn\u00ed partnery Kyjeva za to, \u017ee zav\u00edrali o\u010di p\u0159ed rusk\u00fdmi \u00fatoky.<\/p>\n<p>Tato prohl\u00e1\u0161en\u00ed jsou otev\u0159enou ur\u00e1\u017ekou: Co by si Ukrajina po\u010dala bez ve\u0161ker\u00e9 z\u00e1padn\u00ed pomoci, kterou dosud poskytovala s velk\u00fdmi n\u00e1klady p\u0159edev\u0161\u00edm EU? U\u017e d\u00e1vno vyv\u011bsila b\u00edlou vlajku. Obrana Evropy nen\u00ed se Zelensk\u00fdm vyjedn\u00e1v\u00e1na.<\/p>\n<p><span style=\"font-size: 18pt;\"><strong>Kyjev tak\u00e9 vyv\u00edj\u00ed tlak na Rumunsko<\/strong><\/span><\/p>\n<p>Kyjev tla\u010d\u00ed na vysl\u00e1n\u00ed syst\u00e9m\u016f protivzdu\u0161n\u00e9 obrany z Polska, Rumunska a \u0160pan\u011blska na Ukrajinu, \u0159ekli listu Financial Times dva lid\u00e9 obezn\u00e1men\u00ed s jedn\u00e1n\u00edm. Evropsk\u00e1 arm\u00e1da by m\u011bla p\u0159edev\u0161\u00edm zabezpe\u010dit Evropu. Pokud se Zelenskij bude i nad\u00e1le chovat, jako by tomu nerozum\u011bl, je to jeho v\u011bc. Ale jeho nal\u00e9h\u00e1n\u00ed za\u010d\u00edn\u00e1 b\u00fdt otravn\u00e9.<\/p>\n<p><span style=\"font-size: 18pt;\"><strong>Evropa si mus\u00ed zachovat sv\u00e9 vlastn\u00ed obrann\u00e9 kapacity<\/strong><\/span><\/p>\n<p>Ukrajina m\u00e1 v sou\u010dasn\u00e9 dob\u011b minim\u00e1ln\u011b t\u0159i baterie Patriot (z toho dv\u011b z N\u011bmecka) a jednu (francouzsko-italskou) baterii SAMP\/T, kter\u00e9 obdr\u017eela v roce 2023. Evrop\u0161t\u00ed l\u00edd\u0159i nepl\u00e1nuj\u00ed dod\u00e1vat dal\u0161\u00ed syst\u00e9my a spr\u00e1vn\u011b argumentuj\u00ed, \u017ee si pot\u0159ebuj\u00ed zachovat sv\u00e9 vlastn\u00ed obrann\u00e9 schopnosti.<\/p>\n<p>N\u011bmeck\u00e1 ministryn\u011b zahrani\u010d\u00ed Annalena Baerbock v Bundestagu uvedla, \u017ee \u201ejednali s dal\u0161\u00edmi partnery v Evrop\u011b a ve sv\u011bt\u011b\u201c, aby na\u0161li n\u00e1hradu za syst\u00e9my Patriot. V\u00fdchodoevropsk\u00e9 zem\u011b NATO st\u00e1le pot\u0159ebuj\u00ed obranu, a proto \u201eN\u011bmecko nem\u016f\u017ee a nesm\u00ed jednodu\u0161e \u0159\u00edci, \u017ee stahuje tento syst\u00e9m protivzdu\u0161n\u00e9 obrany\u201c, ani\u017e by soukrom\u011b mluvilo s vl\u00e1dami t\u011bchto zem\u00ed.<\/p>\n<p>Zelensk\u00e9ho po\u017eadavky vyvolaly nap\u011bt\u00ed, proto\u017ee vyvolaly ot\u00e1zky ohledn\u011b minim\u00e1ln\u00ed strategick\u00e9 \u00farovn\u011b obrann\u00fdch schopnost\u00ed a zda se evropsk\u00e9 zem\u011b NATO rozhodnou j\u00edt pod dohodnutou \u00farove\u0148 v dod\u00e1vk\u00e1ch vybaven\u00ed na Ukrajinu.<\/p>\n<p>\u201eJak\u00e9koli rozhodnut\u00ed o sn\u00ed\u017een\u00ed strategick\u00fdch z\u00e1sob je z velk\u00e9 \u010d\u00e1sti v rukou na\u0161ich obrann\u00fdch sil a m\u011blo by v\u017edy z\u016fstat d\u016fv\u011brn\u00e9,\u201c odpov\u011bd\u011bl finsk\u00fd prezident Alexander Stubb na ot\u00e1zku, zda by podle n\u011bj m\u011bly dal\u0161\u00ed zem\u011b dod\u00e1vat Ukrajin\u011b v\u00edce zbran\u00ed.<\/p>\n<p>Pol\u0161t\u00ed vojen\u0161t\u00ed p\u0159edstavitel\u00e9 trvali na tom, \u017ee nemohou vy\u010dlenit rakety Patriot pro Ukrajinu, proto\u017ee oni sami \u010dekaj\u00ed na dod\u00e1vky ze Spojen\u00fdch st\u00e1t\u016f pot\u00e9, co Washington loni v \u010dervnu ud\u011blil Var\u0161av\u011b kontrakt v hodnot\u011b 15 miliard dolar\u016f.<\/p>\n<p>Polsk\u00fd prezident Andrzej Duda vylou\u010dil dod\u00e1vku syst\u00e9m\u016f Patriot. \u201eV Polsku pr\u00e1v\u011b za\u010d\u00edn\u00e1me budovat syst\u00e9m protiraketov\u00e9 obrany Patriot. Tento syst\u00e9m je\u0161t\u011b nen\u00ed p\u0159ipraven, tak\u017ee nem\u00e1me co rozd\u00e1vat\u201c.<\/p>\n<\/div>\n<\/div>\n<div class=\"elementor-element elementor-element-8c57238 quelle dc-has-condition dc-condition-empty elementor-widget elementor-widget-heading\" data-id=\"8c57238\" data-element_type=\"widget\" data-widget_type=\"heading.default\">\n<div class=\"elementor-widget-container\">\n<h3 class=\"elementor-heading-title elementor-size-default\"><span style=\"font-size: 10pt;\"><a href=\"https:\/\/www.national.ro\/politica\/de-ce-europa-nu-mai-pleaca-urechea-la-pretentiile-lui-zelenski-825657.html\/\" target=\"_blank\" rel=\"nofollow noopener\">ZDROJ<\/a><\/span><\/h3>\n<\/div>\n<\/div>\n","protected":false},"excerpt":{"rendered":"<p>Evropsk\u00e1 hlavn\u00ed m\u011bsta odm\u00edtla po\u017eadavky Kyjeva na dod\u00e1vky sv\u00fdch syst\u00e9m\u016f protivzdu\u0161n\u00e9 obrany Ukrajin\u011b. Probl\u00e9m je&#8230;<\/p>\n","protected":false},"author":2,"featured_media":50153,"comment_status":"closed","ping_status":"closed","sticky":false,"template":"","format":"standard","meta":[],"categories":[7],"tags":[283,2215,26,1000],"_links":{"self":[{"href":"https:\/\/www.infokuryr.cz\/n\/wp-json\/wp\/v2\/posts\/51720"}],"collection":[{"href":"https:\/\/www.infokuryr.cz\/n\/wp-json\/wp\/v2\/posts"}],"about":[{"href":"https:\/\/www.infokuryr.cz\/n\/wp-json\/wp\/v2\/types\/post"}],"author":[{"embeddable":true,"href":"https:\/\/www.infokuryr.cz\/n\/wp-json\/wp\/v2\/users\/2"}],"replies":[{"embeddable":true,"href":"https:\/\/www.infokuryr.cz\/n\/wp-json\/wp\/v2\/comments?post=51720"}],"version-history":[{"count":0,"href":"https:\/\/www.infokuryr.cz\/n\/wp-json\/wp\/v2\/posts\/51720\/revisions"}],"wp:featuredmedia":[{"embeddable":true,"href":"https:\/\/www.infokuryr.cz\/n\/wp-json\/wp\/v2\/media\/50153"}],"wp:attachment":[{"href":"https:\/\/www.infokuryr.cz\/n\/wp-json\/wp\/v2\/media?parent=51720"}],"wp:term":[{"taxonomy":"category","embeddable":true,"href":"https:\/\/www.infokuryr.cz\/n\/wp-json\/wp\/v2\/categories?post=51720"},{"taxonomy":"post_tag","embeddable":true,"href":"https:\/\/www.infokuryr.cz\/n\/wp-json\/wp\/v2\/tags?post=51720"}],"curies":[{"name":"wp","href":"https:\/\/api.w.org\/{rel}","templated":true}]}}