{"id":51705,"date":"2024-04-16T00:48:16","date_gmt":"2024-04-15T22:48:16","guid":{"rendered":"https:\/\/www.infokuryr.cz\/n\/?p=51705"},"modified":"2024-04-16T05:24:56","modified_gmt":"2024-04-16T03:24:56","slug":"vojtech-razima-papalasi-vraci-uder-soud-projedna-v-jednom-dni-dve-zaloby-na-kverulanta","status":"publish","type":"post","link":"https:\/\/www.infokuryr.cz\/n\/2024\/04\/16\/vojtech-razima-papalasi-vraci-uder-soud-projedna-v-jednom-dni-dve-zaloby-na-kverulanta\/","title":{"rendered":"Vojt\u011bch Razima: Papal\u00e1\u0161i vrac\u00ed \u00fader. Soud projedn\u00e1 v jednom dni dv\u011b \u017ealoby na Kverulanta"},"content":{"rendered":"<div id=\"fb-root\"><\/div>\n<p><strong>Kverulant.org usv\u011bd\u010duje roze\u017eran\u00e9 \u00fa\u0159edn\u00edky a v\u011brolomn\u00e9 politiky ji\u017e od roku 2009. Papal\u00e1\u0161i za to na n\u011bj pod\u00e1vaj\u00ed nejr\u016fzn\u011bj\u0161\u00ed \u017ealoby a tak se stalo, \u017ee tento t\u00fdden ve st\u0159edu \u010dekaj\u00ed Kverulanta hned dva soudy. \u017daluj\u00ed ho p\u0159ekupn\u00edci p\u0159edra\u017een\u00fdch kulomet\u016f za to, \u017ee popsal jejich arm\u00e1dn\u00ed k\u0161eft za 1,5 miliardy a V\u0161eobecn\u00e1 zdravotn\u00ed poji\u0161\u0165ovna. Ta za to, \u017ee odhalil, a nakonec i zarazil velkou trafiku Jaroslava Falt\u00fdnka ve VZP.<\/strong><\/p>\n<h2>N\u00e1sobn\u011b p\u0159edra\u017een\u00fd n\u00e1kup kulomet\u016f za 1,5 miliardy<\/h2>\n<p>Ve st\u0159edu 17. dubna od 11:30 za\u010dne u M\u011bstsk\u00e9ho soudu v Praze projedn\u00e1n\u00ed \u017ealoby, kterou na Kverulanta podala firma CB SERVIS CENTRUM. Jde o kauzu, ve kter\u00e9 Ministerstvo obrany uzav\u0159elo n\u011bkolik smluv na dod\u00e1vku asi tis\u00edcovky n\u00e1sobn\u011b p\u0159edra\u017een\u00fdch kulomet\u016f MINIMI za 1,5 miliardy. Kulomety nedod\u00e1v\u00e1 belgick\u00fd v\u00fdrobce, ale vesnick\u00fd p\u0159ekupn\u00edk CB SERVIS CENTRUM. P\u0159itom nap\u0159\u00edmo od v\u00fdrobce nakupuje tyto zbran\u011b nap\u0159\u00edklad Norsko \u010di Portugalsko. Norsko dokonce dostalo od v\u00fdrobce cenu 280 tis\u00edc korun za kus. To je v\u00edce ne\u017e t\u0159ikr\u00e1t levn\u011bj\u0161\u00ed ne\u017e \u010desk\u00fd n\u00e1kup za 1 milionu za kus.<\/p>\n<p>Kverulant popsal celou tuto kauzu v \u010dl\u00e1nku\u00a0<a href=\"https:\/\/kverulant.us4.list-manage.com\/track\/click?u=5099a587511f4f2b9e44a8ef6&amp;id=52dc1f4aef&amp;e=fc9a5b5b70\" target=\"_blank\" rel=\"external noopener\">N\u00e1sobn\u011b p\u0159edra\u017een\u00fd n\u00e1kup kulomet\u016f za 1,5 miliardy<\/a>. P\u0159ekupn\u00edk z Borku u \u010cesk\u00fdch Bud\u011bjovic nesl Kverulantova odhalen\u00ed velmi nelib\u011b a prost\u0159ednictv\u00edm najat\u00e9 drah\u00e9 mezin\u00e1rodn\u00ed pr\u00e1vn\u00ed kancel\u00e1\u0159e ARROW b\u0159eznu 2023 zaslal Kverulantovi\u00a0<a href=\"https:\/\/kverulant.us4.list-manage.com\/track\/click?u=5099a587511f4f2b9e44a8ef6&amp;id=060157ac44&amp;e=fc9a5b5b70\" target=\"_blank\" rel=\"external noopener\">v\u00fdhru\u017en\u00fd dopis<\/a>. P\u00ed\u0161e se v n\u011bm to, co v obvykl\u00fdch v\u00fdhru\u017en\u00fdch dopisech, kter\u00e9 Kverulant dost\u00e1v\u00e1. Pokud Kverulant ve lh\u016ft\u011b t\u0159\u00ed dn\u016f sv\u016fj \u010dl\u00e1nek neodstran\u00ed, neuve\u0159ejn\u00ed omluvu, bude n\u00e1sledovat \u017ealoba, n\u00e1hrada \u0161kody, trestn\u00ed ozn\u00e1men\u00ed\u2026 Kverulant se zachoval jako obvykle. Nenechal se vyd\u00edrat, sv\u016fj \u010dl\u00e1nek nest\u00e1hl a d\u00e1l pokra\u010duje v odhalov\u00e1n\u00ed ni\u010demnost\u00ed, kter\u00e9 n\u00e1kup p\u0159edra\u017een\u00fdch kulomet\u016f od p\u0159ekupn\u00edka zjevn\u011b prov\u00e1zely.<\/p>\n<p>V \u010dervnu 2023 byla Kverulantovi M\u011bstsk\u00fdm soudem v Praze doru\u010dena \u017ealoba. P\u0159ekupn\u00edk CB SERVIS CENTRUM se v n\u00ed do\u017eaduje sta\u017een\u00ed Kverulantova \u010dl\u00e1nku a uve\u0159ejn\u011bn\u00ed omluvy.\u00a0<a href=\"https:\/\/kverulant.us4.list-manage.com\/track\/click?u=5099a587511f4f2b9e44a8ef6&amp;id=3c25b234c8&amp;e=fc9a5b5b70\" target=\"_blank\" rel=\"external noopener\">Prvn\u00ed jedn\u00e1n\u00ed bylo na\u0159\u00edzeno na 17. dubna 2024 v 11:30 hod.<\/a>\u00a0u M\u011bstsk\u00e9ho soudu v Praze, Slezsk\u00e1 9, do m\u00edstnosti \u010d\u00edslo 254.<\/p>\n<h2>Falt\u00fdnkova trafika ve VZP<\/h2>\n<p>Projedn\u00e1n\u00edm \u017ealoby od p\u0159ekupn\u00edk\u016f v\u0161ak Kverulant\u016fv \u201esoudn\u00fd den\u201c je\u0161t\u011b zdaleka neskon\u010d\u00ed. Na stejn\u00fd den u stejn\u00e9ho soudu je napl\u00e1nov\u00e1no projedn\u00e1n\u00ed dal\u0161\u00ed \u017ealoby na n\u011bj za to, \u017ee o n\u011bkom \u201enehezky\u201c p\u00ed\u0161e. Tohle jedn\u00e1n\u00ed je na\u0159\u00edzeno na 13:00 hodin do m\u00edstnosti \u010d\u00edslo 061.<\/p>\n<p>Jen znalci patrn\u011b v\u011bd\u00ed, \u017ee st\u00e1tn\u00ed V\u0161eobecn\u00e1 zdravotn\u00ed poji\u0161\u0165ovna (VZP) m\u00e1 dce\u0159inou spole\u010dnost Poji\u0161\u0165ovna VZP (PVZP), kter\u00e1 poskytuje komer\u010dn\u00ed poji\u0161t\u011bn\u00ed. Tato dcera z\u00edskala lobov\u00e1n\u00edm Jaroslava Falt\u00fdnka (ANO) monopol na poji\u0161t\u011bn\u00ed l\u00e9\u010debn\u00fdch n\u00e1klad\u016f cizinc\u016f. \u0160lo o miliardov\u00fd byznys na \u00fakor b\u011b\u017en\u00fdch komer\u010dn\u00edch poji\u0161\u0165oven a v rozporu s legislativou EU.<\/p>\n<p><a href=\"https:\/\/stranapro.cz\/\"><img decoding=\"async\" loading=\"lazy\" class=\"wp-image-40285 aligncenter\" src=\"http:\/\/www.infokuryr.cz\/n\/wp-content\/uploads\/2023\/11\/11pro-300x79.png\" alt=\"\" width=\"794\" height=\"209\" srcset=\"https:\/\/www.infokuryr.cz\/n\/wp-content\/uploads\/2023\/11\/11pro-300x79.png 300w, https:\/\/www.infokuryr.cz\/n\/wp-content\/uploads\/2023\/11\/11pro.png 363w\" sizes=\"(max-width: 794px) 100vw, 794px\" \/><\/a><\/p>\n<p>C\u00edlem Kverulanta bylo tento nemravn\u00fd a nez\u00e1konn\u00fd byznys ukon\u010dit. To se mu nakonec poda\u0159ilo a monopol byl p\u0159ijet\u00edm novely p\u0159\u00edslu\u0161n\u00e9ho z\u00e1kona 12. \u010dervna 2023 zru\u0161en. To vedlo ke zlevn\u011bn\u00ed poji\u0161t\u011bn\u00ed o des\u00edtky procent. Podrobnosti naleznete v kauze\u00a0<a href=\"https:\/\/kverulant.us4.list-manage.com\/track\/click?u=5099a587511f4f2b9e44a8ef6&amp;id=279e1821d3&amp;e=fc9a5b5b70\" target=\"_blank\" rel=\"external noopener\">Kverulant zarazil velkou trafiku Jaroslava Falt\u00fdnka<\/a>. T\u00edm v\u0161ak tato kauza pro Kverulanta neskon\u010dila.\u00a0<a href=\"https:\/\/kverulant.us4.list-manage.com\/track\/click?u=5099a587511f4f2b9e44a8ef6&amp;id=95adcb9fb8&amp;e=fc9a5b5b70\" target=\"_blank\" rel=\"external noopener\">PVZP podala v l\u00e9t\u011b 2023 na Kverulanta \u017ealobu<\/a>. Dom\u00e1h\u00e1 se sta\u017een\u00ed t\u00e9to kauzy z Kverulantov\u00fdch str\u00e1nek.<\/p>\n<h2>\u201eZakleknut\u00ed\u201c na Kverulanta<\/h2>\n<p>Na konci ledna 2024 p\u0159idala VZP k \u017ealob\u011b je\u0161t\u011b zah\u00e1jen\u00ed kontroly placen\u00ed zdravotn\u00edho poji\u0161t\u011bn\u00ed za Kverulantovy zam\u011bstnance za posledn\u00edch 10 let.\u00a0<a href=\"https:\/\/kverulant.us4.list-manage.com\/track\/click?u=5099a587511f4f2b9e44a8ef6&amp;id=4fe8d7e799&amp;e=fc9a5b5b70\" target=\"_blank\" rel=\"external noopener\">Kontrola byla v b\u0159eznu 2024 dokon\u010dena, VZP nic nena\u0161la, a dokonce bude Kverulantovi vracet jeho p\u0159eplatek z roku 2015 ve v\u00fd\u0161i 200 korun.<\/a><\/p>\n<p>Kverulant se domn\u00edv\u00e1, \u017ee zastaven\u00ed Falt\u00fdnkovy trafiky nen\u00ed jedin\u00fdm d\u016fvodem pro\u010d na n\u011bj nejv\u011bt\u0161\u00ed st\u00e1tn\u00ed poji\u0161\u0165ovna \u201ezaklekla\u201c.\u00a0<a href=\"https:\/\/kverulant.us4.list-manage.com\/track\/click?u=5099a587511f4f2b9e44a8ef6&amp;id=572f1f7f76&amp;e=fc9a5b5b70\" target=\"_blank\" rel=\"external noopener\">Dal\u0161\u00edm d\u016fvodem bylo nejsp\u00ed\u0161 i to, \u017ee Kverulant zmapoval, kdo sed\u00ed ve spr\u00e1vn\u00edch a dozor\u010d\u00edch rad\u00e1ch zdravotn\u00edch poji\u0161\u0165oven<\/a>. Zjistil, \u017ee jsou pln\u00e9 roze\u017eran\u00fdch politik\u016f a vysok\u00fdch st\u00e1tn\u00edch \u00fa\u0159edn\u00edk\u016f.<\/p>\n<h2>Hrozba<\/h2>\n<p>Na prvn\u00ed pohled to mo\u017en\u00e1 vypad\u00e1, \u017ee by \u201epouh\u00e9\u201c sta\u017een\u00ed \u010dl\u00e1nk\u016f a uve\u0159ejn\u011bn\u00ed omluvy nebylo pro Kverulanta fat\u00e1ln\u00ed. To v\u0161ak nen\u00ed pravda. Pokud by vyhr\u00e1l p\u0159ekupn\u00edk nebo zdravotn\u00ed poji\u0161\u0165ovna pln\u00e1 trafik pro politiky, tak by velmi pravd\u011bpodobn\u011b n\u00e1sledovaly \u017ealoby o n\u00e1hradu \u0161kody ve v\u00fd\u0161i n\u011bkolika milion\u016f korun. Pokud by vyhr\u00e1l p\u0159ekupn\u00edk nebo politici z VZP znamenalo by to, \u017ee nen\u00ed mo\u017en\u00e9 kontrolovat kam jdou miliardy z ve\u0159ejn\u00fdch rozpo\u010dt\u016f.<\/p>\n<h2>Duka za\u017ealoval Kverulanta o t\u0159i miliony korun<\/h2>\n<p>V\u00fd\u0161e uveden\u00e9 \u017ealovy nejsou jedin\u00fdmi soudn\u00edmi spory, kter\u00fdmi n\u011bkdo \u00fato\u010d\u00ed na mo\u017enost prov\u00e1d\u011bt ve\u0159ejnou kontrolu. Kverulant \u010del\u00ed i \u00fatok\u016fm od mnoha \u201epotrefen\u00fdch hus\u201c v\u010detn\u011b prel\u00e1t\u016f Katolick\u00e9 c\u00edrkve.<\/p>\n<p>Na sklonku roku 2020 Kverulant odhalil, \u017ee kardin\u00e1l Duka p\u0159evedl v rozporu s c\u00edrkevn\u00edm pr\u00e1vem na soukromou nadaci Arietinum, kterou zalo\u017eil, majetek c\u00edrkve v hodnot\u011b nejm\u00e9n\u011b \u010dtvrt miliardy korun. V srpnu 2021 pak byly zcizeny dal\u0161\u00ed c\u00edrkevn\u00ed pozemky v hodnot\u011b nejm\u00e9n\u011b 170 milion\u016f korun. V lednu 2022 byly do majetku t\u00e9to priv\u00e1tn\u00ed nadace vyvedeny lesy za 320 milion\u016f korun. Mimo to byla za Duky vybudov\u00e1na rozs\u00e1hl\u00e1 nepr\u016fhledn\u00e1 vlastnick\u00e1 struktura firem, kam byl vyveden dal\u0161\u00ed majetek c\u00edrkve. Kverulant popsal v\u0161echna svoje zji\u0161t\u011bn\u00ed v textu\u00a0<a href=\"https:\/\/kverulant.us4.list-manage.com\/track\/click?u=5099a587511f4f2b9e44a8ef6&amp;id=8c0b4ff388&amp;e=fc9a5b5b70\" target=\"_blank\" rel=\"external noopener\">Tunelov\u00e1n\u00ed c\u00edrkevn\u00edho majetku<\/a>.<\/p>\n<p>C\u00edrkevn\u00ed p\u0159edstavitel\u00e9 a zejm\u00e9na Duka nesou zve\u0159ejn\u011bn\u00ed Kverulantov\u00fdch zji\u0161t\u011bn\u00ed velmi nelib\u011b a opakovan\u011b se s n\u00edm soud\u00ed.\u00a0<a href=\"https:\/\/kverulant.us4.list-manage.com\/track\/click?u=5099a587511f4f2b9e44a8ef6&amp;id=43f2ff7d74&amp;e=fc9a5b5b70\" target=\"_blank\" rel=\"external noopener\">V z\u00e1\u0159\u00ed 2021 doru\u010dil soud Kverulantovi Dukovu \u017ealobu, ve kter\u00e9 po n\u011bm po\u017eaduje \u201epen\u011b\u017en\u00ed zadostiu\u010din\u011bn\u00ed\u201c ve v\u00fd\u0161i 3 miliony korun a omluvu<\/a>. Pokud by Kverulant v t\u00e9to p\u0159i prohr\u00e1l, znamenalo by to likvidaci t\u00e9to watchdogov\u00e9 organizace. Tento soud st\u00e1le b\u011b\u017e\u00ed.<\/p>\n<div class=\"podcarou\">\n<p>\u010cl\u00e1nek vy\u0161el 15.4.2024 na\u00a0<a href=\"https:\/\/www.kverulant.org\/\" target=\"_blank\" rel=\"external noopener\">https:\/\/www.kverulant.org\/<\/a>.<\/p>\n<\/div>\n<h2>Pozn\u00e1mka editora<\/h2>\n<p>\u017dij\u00ed mezi n\u00e1mi. M\u00e1lokdy se o nich do\u010dtete v mainstreamu. Chovaj\u00ed se skromn\u011b. A d\u011blaj\u00ed obrovsk\u00fd z\u00e1slu\u017enou pr\u00e1ci. State\u010dn\u00ed lid\u00e9. Vlastenci. A skoro bych \u0159ekl hrdinov\u00e9. Nechci to \u0159\u00edkat moc nahlas, aby to nevyzn\u011blo pateticky. Odhaluj\u00ed korupci, zlod\u011bjiny a zlo\u010diny mocn\u00fdch. Dovedu si p\u0159edstavit, jak velmi na\u0161i papal\u00e1\u0161i nen\u00e1vid\u00ed Kveruland.org a lidi, kte\u0159\u00ed za n\u00edm stoj\u00ed. Ostatn\u011b to d\u00e1vaj\u00ed zn\u00e1t. Viz tento \u010dl\u00e1nek.<\/p>\n<p>Cht\u011bl bych panu Razimu pod\u011bkovat za vynikaj\u00edc\u00ed pr\u00e1ci, kterou d\u011bl\u00e1 pro na\u0161e lidi, za za odvahu postavit se zkorumpovan\u00fdm gr\u00e1zl\u016fm ve vl\u00e1d\u011b i jinde.<\/p>\n<p>&nbsp;<\/p>\n","protected":false},"excerpt":{"rendered":"<p>Kverulant.org usv\u011bd\u010duje roze\u017eran\u00e9 \u00fa\u0159edn\u00edky a v\u011brolomn\u00e9 politiky ji\u017e od roku 2009. Papal\u00e1\u0161i za to na&#8230;<\/p>\n","protected":false},"author":2,"featured_media":24220,"comment_status":"closed","ping_status":"closed","sticky":false,"template":"","format":"standard","meta":[],"categories":[6],"tags":[207,6724,3737],"_links":{"self":[{"href":"https:\/\/www.infokuryr.cz\/n\/wp-json\/wp\/v2\/posts\/51705"}],"collection":[{"href":"https:\/\/www.infokuryr.cz\/n\/wp-json\/wp\/v2\/posts"}],"about":[{"href":"https:\/\/www.infokuryr.cz\/n\/wp-json\/wp\/v2\/types\/post"}],"author":[{"embeddable":true,"href":"https:\/\/www.infokuryr.cz\/n\/wp-json\/wp\/v2\/users\/2"}],"replies":[{"embeddable":true,"href":"https:\/\/www.infokuryr.cz\/n\/wp-json\/wp\/v2\/comments?post=51705"}],"version-history":[{"count":0,"href":"https:\/\/www.infokuryr.cz\/n\/wp-json\/wp\/v2\/posts\/51705\/revisions"}],"wp:featuredmedia":[{"embeddable":true,"href":"https:\/\/www.infokuryr.cz\/n\/wp-json\/wp\/v2\/media\/24220"}],"wp:attachment":[{"href":"https:\/\/www.infokuryr.cz\/n\/wp-json\/wp\/v2\/media?parent=51705"}],"wp:term":[{"taxonomy":"category","embeddable":true,"href":"https:\/\/www.infokuryr.cz\/n\/wp-json\/wp\/v2\/categories?post=51705"},{"taxonomy":"post_tag","embeddable":true,"href":"https:\/\/www.infokuryr.cz\/n\/wp-json\/wp\/v2\/tags?post=51705"}],"curies":[{"name":"wp","href":"https:\/\/api.w.org\/{rel}","templated":true}]}}