{"id":51704,"date":"2024-04-16T00:46:03","date_gmt":"2024-04-15T22:46:03","guid":{"rendered":"https:\/\/www.infokuryr.cz\/n\/?p=51704"},"modified":"2024-04-16T05:20:59","modified_gmt":"2024-04-16T03:20:59","slug":"americane-zbrane-ukrajincum-prodavaji-cesi-jim-je-daruji-tak-vypada-rizeni-ceske-kolonie","status":"publish","type":"post","link":"https:\/\/www.infokuryr.cz\/n\/2024\/04\/16\/americane-zbrane-ukrajincum-prodavaji-cesi-jim-je-daruji-tak-vypada-rizeni-ceske-kolonie\/","title":{"rendered":"Ameri\u010dan\u00e9 zbran\u011b Ukrajinc\u016fm prod\u00e1vaj\u00ed, \u201e\u010ce\u0161i\u201c jim je daruj\u00ed. Tak vypad\u00e1 \u0159\u00edzen\u00ed \u010desk\u00e9 kolonie\u2026"},"content":{"rendered":"<div id=\"fb-root\"><\/div>\n<p>Ukrajina je zcela z\u00e1visl\u00e1 na dod\u00e1vk\u00e1ch zbran\u00ed a obslu\u017en\u00e9ho person\u00e1lu ze zahrani\u010d\u00ed.\u00a0<strong>Jsou v z\u00e1sad\u011b 2 okruhy zem\u00ed, ze kter\u00fdch Ukrajina zbran\u011b dost\u00e1v\u00e1. Jedny j\u00ed je prod\u00e1vaj\u00ed, nebo d\u00e1vaj\u00ed na spl\u00e1tky. Ty druh\u00e9 j\u00ed je daruj\u00ed zdarma. Hlavn\u00ed zem\u011b, kter\u00e9 maj\u00ed z v\u00e1lky na Ukrajin\u011b a dod\u00e1vek zbran\u00ed p\u0159edev\u0161\u00edm k\u0161eft, jsou <a href=\"https:\/\/www.reuters.com\/world\/us-sell-missile-defense-upgrades-ukraine-2024-04-09\/\">USA<\/a>, Velk\u00e1 Brit\u00e1nie, Izrael a Francie. Mezi zem\u011b, kter\u00e9 ve\u0161ker\u00e9 zbran\u011b na Ukrajinu d\u00e1vaj\u00ed zdarma pat\u0159\u00ed p\u0159edev\u0161\u00edm zem\u011b ze st\u0159edn\u00ed a v\u00fdchodn\u00ed Evropy: \u010cesk\u00e1 Republika, Polsko, Bulharsko, Slovensko, Rumunsko, Litva, Estonsko, Loty\u0161sko a p\u0159ekvapiv\u011b N\u011bmecko.<\/strong><\/p>\n<p><strong>Jedn\u00e1 se o zem\u011b, kter\u00e9 byly po roce 1989 de facto p\u0159em\u011bn\u011bny v z\u00e1padn\u00ed kolonie a kolonie maj\u00ed slou\u017eit ciz\u00edm p\u00e1n\u016fm jako levn\u00e1 zdrojov\u00e1 z\u00e1kladna. D\u0159\u00edve se tomu \u0159\u00edkalo vyko\u0159is\u0165ov\u00e1n\u00ed<\/strong>. V\u00fd\u0161e uveden\u00e9 zem\u011b si pak n<strong>av\u00edc mus\u00ed od sv\u00fdch p\u00e1n\u016fm nakoupit jejich drahou a \u010dasto velmi pochybnou techniku. P\u0159\u00edkladem budi\u017e n\u00e1kup americk\u00fdch st\u00edha\u010dek F35, kter\u00e9 mus\u00ed \u010cR zaplatit p\u0159edem, ale dostane je (mo\u017en\u00e1) a\u017e za mnoho let<\/strong>. Dal\u0161\u00edm p\u0159\u00edkladem budi\u017e izraelsk\u00e9 drony za 3 mld. K\u010d, kter\u00e9 jsou des\u00edtky let star\u00e9 a maj\u00ed hodnotu \u0161rotu.<\/p>\n<p><strong>Jen\u017ee kolonie zvan\u00e1 posm\u011b\u0161n\u011b \u010cesko nem\u00e1 na vybranou. Mus\u00ed pos\u00edlat zdroje na Ukrajinu podle rozkazu. O dod\u00e1vk\u00e1ch na Ukrajinu nav\u00edc nerozhoduj\u00ed v \u010desk\u00e9 kolonii \u010ce\u0161i, ale soukmenovci skute\u010dn\u00fdch majitel\u016f a vl\u00e1dc\u016f Ukrajiny.\u00a0<\/strong>Jm\u00e9na Fiala, \u010cernochov\u00e1, Pojar, Zielenski, Grojsman, Meier atd. mluv\u00ed sama za sebe.<\/p>\n<p><strong>Jim nebude za t\u011b\u017eko poslat na Ukrajinu bojovat za jejich z\u00e1jmy i \u010desk\u00e9 chlapce a mu\u017ee. P\u016fjdou se tam \u010ce\u0161i nechat zab\u00edt za bandu samozvan\u00fdch vyvolen\u00fdch vl\u00e1dc\u016f sv\u011bta a nechat pozab\u00edjet ve v\u00e1lce proti jin\u00fdm Slovan\u016fm?!<\/strong><\/p>\n<p><a href=\"https:\/\/ceskavec.com\/2024\/04\/americane-zbrane-ukrajincum-prodavaji-cesi-jim-je-daruji-tak-vypada-rizeni-ceske-kolonie\">Joe Nowak, Chicago, USA<\/a><\/p>\n<p><a href=\"https:\/\/stranapro.cz\/\"><img decoding=\"async\" loading=\"lazy\" class=\"wp-image-40286 aligncenter\" src=\"http:\/\/www.infokuryr.cz\/n\/wp-content\/uploads\/2023\/11\/12pro-300x87.png\" alt=\"\" width=\"893\" height=\"259\" srcset=\"https:\/\/www.infokuryr.cz\/n\/wp-content\/uploads\/2023\/11\/12pro-300x87.png 300w, https:\/\/www.infokuryr.cz\/n\/wp-content\/uploads\/2023\/11\/12pro.png 366w\" sizes=\"(max-width: 893px) 100vw, 893px\" \/><\/a><\/p>\n<p>&nbsp;<\/p>\n<p>&nbsp;<\/p>\n","protected":false},"excerpt":{"rendered":"<p>Ukrajina je zcela z\u00e1visl\u00e1 na dod\u00e1vk\u00e1ch zbran\u00ed a obslu\u017en\u00e9ho person\u00e1lu ze zahrani\u010d\u00ed.\u00a0Jsou v z\u00e1sad\u011b 2&#8230;<\/p>\n","protected":false},"author":2,"featured_media":31948,"comment_status":"closed","ping_status":"closed","sticky":false,"template":"","format":"standard","meta":[],"categories":[6],"tags":[670,26,73],"_links":{"self":[{"href":"https:\/\/www.infokuryr.cz\/n\/wp-json\/wp\/v2\/posts\/51704"}],"collection":[{"href":"https:\/\/www.infokuryr.cz\/n\/wp-json\/wp\/v2\/posts"}],"about":[{"href":"https:\/\/www.infokuryr.cz\/n\/wp-json\/wp\/v2\/types\/post"}],"author":[{"embeddable":true,"href":"https:\/\/www.infokuryr.cz\/n\/wp-json\/wp\/v2\/users\/2"}],"replies":[{"embeddable":true,"href":"https:\/\/www.infokuryr.cz\/n\/wp-json\/wp\/v2\/comments?post=51704"}],"version-history":[{"count":0,"href":"https:\/\/www.infokuryr.cz\/n\/wp-json\/wp\/v2\/posts\/51704\/revisions"}],"wp:featuredmedia":[{"embeddable":true,"href":"https:\/\/www.infokuryr.cz\/n\/wp-json\/wp\/v2\/media\/31948"}],"wp:attachment":[{"href":"https:\/\/www.infokuryr.cz\/n\/wp-json\/wp\/v2\/media?parent=51704"}],"wp:term":[{"taxonomy":"category","embeddable":true,"href":"https:\/\/www.infokuryr.cz\/n\/wp-json\/wp\/v2\/categories?post=51704"},{"taxonomy":"post_tag","embeddable":true,"href":"https:\/\/www.infokuryr.cz\/n\/wp-json\/wp\/v2\/tags?post=51704"}],"curies":[{"name":"wp","href":"https:\/\/api.w.org\/{rel}","templated":true}]}}