{"id":51700,"date":"2024-04-16T00:42:58","date_gmt":"2024-04-15T22:42:58","guid":{"rendered":"https:\/\/www.infokuryr.cz\/n\/?p=51700"},"modified":"2024-04-15T20:10:45","modified_gmt":"2024-04-15T18:10:45","slug":"jiri-paroubek-hodne-draha-cesta-premiera-fialy-do-washingtonu","status":"publish","type":"post","link":"https:\/\/www.infokuryr.cz\/n\/2024\/04\/16\/jiri-paroubek-hodne-draha-cesta-premiera-fialy-do-washingtonu\/","title":{"rendered":"Ji\u0159\u00ed Paroubek: Hodn\u011b drah\u00e1 cesta premi\u00e9ra Fialy do Washingtonu"},"content":{"rendered":"<div id=\"fb-root\"><\/div>\n<p><strong>Premi\u00e9r Fiala vyrazil do Washingtonu, kde bude zejm\u00e9na p\u0159ijat americk\u00fdm prezidentem Bidenem. Ameri\u010dan\u00e9 tak oce\u0148uj\u00ed v p\u0159\u00edpad\u011b \u010desk\u00e9ho premi\u00e9ra podle v\u0161eho zejm\u00e9na to, jak vst\u0159\u00edcn\u011b se chov\u00e1 k po\u017eadavk\u016fm americk\u00fdch zbrojovek.<\/strong><\/p>\n<p>Americk\u00e9 zbroja\u0159sk\u00e9 firmy, ale tak\u00e9 ameri\u010dt\u00ed plyna\u0159i mohou b\u00fdt superspokojeni. Po zah\u00e1jen\u00ed rusko-ukrajinsk\u00e9 v\u00e1lky se americk\u00fdm plyna\u0159\u016fm poda\u0159ilo se zmocnit podstatn\u00e9 \u010d\u00e1sti dod\u00e1vek plynu do Evropy a sv\u00fdm drah\u00fdm plynem nahradit ten podstatn\u011b levn\u011bj\u0161\u00ed rusk\u00fd plyn.<\/p>\n<p>Stejn\u011b tak ameri\u010dt\u00ed zbroja\u0159i si mohou dnes mnout ruce. Je\u0161t\u011b p\u0159ed p\u00e1r lety byl rozpo\u010det \u010desk\u00e9ho ministerstva obrany na \u00farovni 50 mld. K\u010d a neda\u0159ilo se jej vy\u010derpat. Nyn\u00ed u\u017e je na trojn\u00e1sobku a na\u0161i \u201ev\u00e1le\u010dn\u00edci\u201c (\u010cernochov\u00e1 a \u0158ehka) se do\u017eaduj\u00ed je\u0161t\u011b dal\u0161\u00edch v\u00fddaj\u016f nad tento ob\u0159\u00ed r\u00e1mec.<\/p>\n<p>To, \u017ee nejsou pen\u00edze na ve\u0159ejn\u00e9 slu\u017eby typu zdravotnictv\u00ed, \u0161kolstv\u00ed, soci\u00e1ln\u00ed oblast, vlastn\u011b na v\u0161echno, co nesouvis\u00ed s\u00a0vojensk\u00fdmi v\u00fddaji, to je hlavn\u00ed v\u00fddobytek Fialovy vl\u00e1dy.<\/p>\n<p>Te\u010f ho popl\u00e1caj\u00ed po americku po ramenou a \u0159eknou n\u011bco v\u00a0tom smyslu: \u201ePane spr\u00e1v\u010de, mus\u00edte se v\u00edce sna\u017eit\u201c. A P. Fiala bude v\u00a0sedm\u00e9m nebi a bude se opravdu v\u00edce sna\u017eit. Ale ne o to, aby se lidem v\u00a0\u010cech\u00e1ch zv\u00fd\u0161ila \u017eivotn\u00ed \u00farove\u0148 tam, kde p\u016fvodn\u011b byla p\u0159ed rokem 2022, ale aby byl vzorn\u00fdm \u017e\u00e1\u010dkem podle americk\u00fdch p\u0159edstav.<\/p>\n<p>\u010cSSD vydala v\u00a0souvislosti s\u00a0Fialovou n\u00e1v\u0161t\u011bvou ve Washingtonu n\u00e1sleduj\u00edc\u00ed tiskovou zpr\u00e1vu:<\/p>\n<p><strong><em>P\u0159ehnan\u011b drah\u00e1 audience P. Fialy u americk\u00e9ho prezidenta\u00a0<\/em><\/strong><\/p>\n<p><em>Z\u00e1kladn\u00ed ot\u00e1zka zn\u00ed, kolik stoj\u00ed vstupenka do B\u00edl\u00e9ho domu, s\u00eddla americk\u00fdch prezident\u016f.<\/em><\/p>\n<p><em>Petr Fiala si vlastn\u011b za n\u011bkolik stovek miliard z\u00a0na\u0161ich budouc\u00edch dan\u00ed (tedy dan\u00ed, kter\u00e9 teprve budou v\u00a0p\u0159\u00ed\u0161t\u00edch deseti letech vybr\u00e1ny) pr\u00e1v\u011b te\u010f koupil p\u0159ijet\u00ed v\u00a0B\u00edl\u00e9m dom\u011b. Nejsp\u00ed\u0161e se jedn\u00e1 o jednu z\u00a0nejdra\u017e\u0161\u00edch audienc\u00ed v d\u011bjin\u00e1ch. Minim\u00e1ln\u011b v\u00a0d\u011bjin\u00e1ch na\u0161\u00ed zem\u011b. Bylo by dob\u0159e, kdyby to nezapadlo a z\u016fstalo v\u00a0kolektivn\u00ed pam\u011bti \u010desk\u00e9ho n\u00e1roda.<\/em><\/p>\n<p><a href=\"https:\/\/stranapro.cz\/\"><img decoding=\"async\" loading=\"lazy\" class=\" wp-image-40285 aligncenter\" src=\"http:\/\/www.infokuryr.cz\/n\/wp-content\/uploads\/2023\/11\/11pro-300x79.png\" alt=\"\" width=\"680\" height=\"179\" srcset=\"https:\/\/www.infokuryr.cz\/n\/wp-content\/uploads\/2023\/11\/11pro-300x79.png 300w, https:\/\/www.infokuryr.cz\/n\/wp-content\/uploads\/2023\/11\/11pro.png 363w\" sizes=\"(max-width: 680px) 100vw, 680px\" \/><\/a><\/p>\n<p><em>Fialova vl\u00e1da zajistila pro americk\u00e9 zbrojovky pr\u00e1ci a zisky nejm\u00e9n\u011b na jedno desetilet\u00ed dop\u0159edu. Svat\u00fd V\u00e1clav si kupoval od n\u011bmeck\u00e9ho c\u00edsa\u0159e klid, pokoj a nez\u00e1vislost v\u00a0r\u00e1mci Svat\u00e9 \u0159\u00ed\u0161e \u0159\u00edmsk\u00e9 za sto vol\u016f ro\u010dn\u011b. Nyn\u00ed je ta lenn\u00ed z\u00e1vislost na velk\u00e9 vzd\u00e1len\u00e9 zemi n\u00e1sobn\u011b dra\u017e\u0161\u00ed. I kdy\u017e voly bychom tak\u00e9 pot\u0159ebovali vyv\u00e1\u017eet&#8230;<\/em><\/p>\n<p><em>Shodou okolnost\u00ed se Fialova n\u00e1v\u0161t\u011bva odehr\u00e1v\u00e1 v\u00a0kulis\u00e1ch n\u011bkolika v\u00e1\u017en\u00fdch vle\u010dn\u00fdch konflikt\u016f, kter\u00e9 ukazuj\u00ed t\u011bm,\u00a0 kdo to cht\u011bj\u00ed vn\u00edmat, kam se technologicky posouv\u00e1 v\u00e1l\u010den\u00ed, resp. \u00fa\u010dinn\u00e1 obrana proti napaden\u00ed.<\/em><\/p>\n<p><em>Tuto obranu ne\u0159e\u0161\u00ed ani extr\u00e9mn\u011b drah\u00e9 st\u00edha\u010dky, vrtuln\u00edky, tanky \u010di obrn\u011bn\u00e9 transport\u00e9ry, nebo\u0165 jsou konfrontov\u00e1ny s\u00a0p\u0159esn\u00fdmi a zejm\u00e9na neskonale levn\u011bj\u0161\u00edmi obrann\u00fdmi syst\u00e9my. Jeden z\u00a0d\u016fkaz\u016f toho, co tvrd\u00edme, jsme vid\u011bli pr\u00e1v\u011b na izraelsk\u00e9 obloze.\u00a0 Stovky \u00edr\u00e1nsk\u00fdch dron\u016f a raket dok\u00e1zal zni\u010dit inteligentn\u00ed protileteck\u00fd a protiraketov\u00fd syst\u00e9m. Stejn\u011b by z\u0159ejm\u011b dopadly i \u00edr\u00e1nsk\u00e9 st\u00edha\u010dky a bombard\u00e9ry. \u0160kody po masivn\u00edm \u00edr\u00e1nsk\u00e9m \u00fatoku na Izrael drony a raketami nebyly nijak v\u00e1\u017en\u00e9.<\/em><\/p>\n<p><em>Pokud by Fialova vl\u00e1da myslela sv\u00e1 slova o investic\u00edch do obrany republiky v\u00e1\u017en\u011b, pak by miliardy korun (ov\u0161em o mnoho \u0159\u00e1d\u016f ni\u017e\u0161\u00ed) m\u011bla utratit sp\u00ed\u0161e na vybudov\u00e1n\u00ed obdobn\u00e9ho\u00a0<strong>obrann\u00e9ho<\/strong>\u00a0syst\u00e9mu, kter\u00fd m\u00e1 k\u00a0dispozici Izrael. Ur\u010dit\u011b jsou to od Izraele dob\u0159e investovan\u00e9 pen\u00edze, kter\u00e9 se\u00a0pohybuj\u00ed ale jen ve zlomc\u00edch toho, kolik \u010de\u0161t\u00ed da\u0148ov\u00ed poplatn\u00edci budou nuceni v\u00a0p\u0159\u00ed\u0161t\u00edch deseti letech zaplatit za n\u00e1kup st\u00edha\u010dek F-35, ale tak\u00e9 tank\u016f, obrn\u011bn\u00fdch transport\u00e9r\u016f, p\u0159\u00edpadn\u011b i dal\u0161\u00edch vrtuln\u00edk\u016f a zbran\u00ed, \u010d\u00edm\u017e ud\u011bl\u00e1me radost zahrani\u010dn\u00edm zbrojovk\u00e1m. P\u0159edev\u0161\u00edm t\u011bm americk\u00fdm.<\/em><\/p>\n<p><em>Ale je z\u0159ejm\u00e9, \u017ee zbran\u011b typu st\u00edha\u010dek F-35, kter\u00e9 mohou n\u00e9st rakety s\u00a0jadern\u00fdmi hlavice, tanky Leopard i obrn\u011bn\u00e1 vozidla \u0161v\u00e9dsk\u00e9 v\u00fdroby jsou p\u0159edev\u0161\u00edm \u00fato\u010dn\u00fdmi zbran\u011bmi.<\/em><\/p>\n<p><em>Fialova vl\u00e1da by m\u011bla sd\u011blit, kdo bude p\u0159edm\u011btem \u00fatoku, kter\u00fd povedeme prost\u0159ednictv\u00edm t\u011bchto zbran\u00ed.<\/em><\/p>\n<p><em>\u0160v\u00e9dsk\u00e1 vl\u00e1da n\u00e1m za rozumn\u00e9 pen\u00edze nab\u00edz\u00ed st\u00edha\u010dky Gripen, kter\u00e9 se osv\u011bd\u010dily. A na\u0161e zem\u011b pot\u0159ebuje p\u0159edev\u0161\u00edm dobrou obranu proti raket\u00e1m a dal\u0161\u00edm zbra\u0148ov\u00fdm syst\u00e9m\u016fm, kter\u00e9 mohou \u00fato\u010dit ze vzduchu, obdobu izraelsk\u00e9ho Iron Dome. Toto \u0159e\u0161en\u00ed by bylo mo\u017en\u00e9 uplatnit i v\u00a0celoevropsk\u00e9m m\u011b\u0159\u00edtku (nap\u0159. na b\u00e1zi evropsk\u00fdch \u010dlensk\u00fdch st\u00e1t\u016f NATO), co\u017e by podstatn\u011b \u010cesku sn\u00ed\u017eilo po\u0159izovac\u00ed n\u00e1klady. A takto &#8222;u\u0161et\u0159en\u00e9&#8220; finance d\u00e1t rozpo\u010dtov\u00e9 skladb\u011b k dispozici zdravotnictv\u00ed, \u0161kolstv\u00ed, v soci\u00e1ln\u00edch slu\u017eb\u00e1ch atd.\u00a0 Tedy v\u0161ude tam, kde je moment\u00e1ln\u011b nedostatek pen\u011bz nejv\u011bt\u0161\u00ed.<\/em><\/p>\n<p><em>Ale mo\u017en\u00e1,\u00a0 \u017ee pr\u00e1v\u011b sou\u010dasn\u00e9 garnitu\u0159e politik\u016f p\u011btikoalice jde o to, aby n\u00e1klady na obranu byly co nejvy\u0161\u0161\u00ed&#8230; Vysok\u00e9 n\u00e1klady v\u0161ak nejsou z\u00e1rukou kvality obrany, jak ukazuj\u00ed izraelsk\u00e9 zku\u0161enosti.<\/em><\/p>\n<p><em>Z\u00e1kladn\u00ed ot\u00e1zkou je, pro\u010d se tedy Fialova vl\u00e1da vydala cestou p\u0159edra\u017een\u00fdch n\u00e1kup\u016f \u00fato\u010dn\u00fdch zbran\u00ed. A d\u00e1le, proti komu maj\u00ed b\u00fdt tyto \u00fato\u010dn\u00e9 zbran\u011b vlastn\u011b pou\u017eity.<\/em><\/p>\n<p><a href=\"https:\/\/vasevec.info\/komentare\/hodne-draha-cesta-premiera-fialy-do-washingtonu\">Ji\u0159\u00ed Paroubek<\/a><\/p>\n<p><img decoding=\"async\" loading=\"lazy\" class=\"alignnone size-medium wp-image-2342\" src=\"http:\/\/www.infokuryr.cz\/n\/wp-content\/uploads\/2021\/06\/paroubek-300x208.jpg\" alt=\"\" width=\"300\" height=\"208\" srcset=\"https:\/\/www.infokuryr.cz\/n\/wp-content\/uploads\/2021\/06\/paroubek-300x208.jpg 300w, https:\/\/www.infokuryr.cz\/n\/wp-content\/uploads\/2021\/06\/paroubek.jpg 318w\" sizes=\"(max-width: 300px) 100vw, 300px\" \/><\/p>\n<p>&nbsp;<\/p>\n","protected":false},"excerpt":{"rendered":"<p>Premi\u00e9r Fiala vyrazil do Washingtonu, kde bude zejm\u00e9na p\u0159ijat americk\u00fdm prezidentem Bidenem. Ameri\u010dan\u00e9 tak oce\u0148uj\u00ed&#8230;<\/p>\n","protected":false},"author":2,"featured_media":23586,"comment_status":"closed","ping_status":"closed","sticky":false,"template":"","format":"standard","meta":[],"categories":[6],"tags":[1503,4097,535,37],"_links":{"self":[{"href":"https:\/\/www.infokuryr.cz\/n\/wp-json\/wp\/v2\/posts\/51700"}],"collection":[{"href":"https:\/\/www.infokuryr.cz\/n\/wp-json\/wp\/v2\/posts"}],"about":[{"href":"https:\/\/www.infokuryr.cz\/n\/wp-json\/wp\/v2\/types\/post"}],"author":[{"embeddable":true,"href":"https:\/\/www.infokuryr.cz\/n\/wp-json\/wp\/v2\/users\/2"}],"replies":[{"embeddable":true,"href":"https:\/\/www.infokuryr.cz\/n\/wp-json\/wp\/v2\/comments?post=51700"}],"version-history":[{"count":1,"href":"https:\/\/www.infokuryr.cz\/n\/wp-json\/wp\/v2\/posts\/51700\/revisions"}],"predecessor-version":[{"id":51701,"href":"https:\/\/www.infokuryr.cz\/n\/wp-json\/wp\/v2\/posts\/51700\/revisions\/51701"}],"wp:featuredmedia":[{"embeddable":true,"href":"https:\/\/www.infokuryr.cz\/n\/wp-json\/wp\/v2\/media\/23586"}],"wp:attachment":[{"href":"https:\/\/www.infokuryr.cz\/n\/wp-json\/wp\/v2\/media?parent=51700"}],"wp:term":[{"taxonomy":"category","embeddable":true,"href":"https:\/\/www.infokuryr.cz\/n\/wp-json\/wp\/v2\/categories?post=51700"},{"taxonomy":"post_tag","embeddable":true,"href":"https:\/\/www.infokuryr.cz\/n\/wp-json\/wp\/v2\/tags?post=51700"}],"curies":[{"name":"wp","href":"https:\/\/api.w.org\/{rel}","templated":true}]}}