{"id":51696,"date":"2024-04-16T00:36:58","date_gmt":"2024-04-15T22:36:58","guid":{"rendered":"https:\/\/www.infokuryr.cz\/n\/?p=51696"},"modified":"2024-04-15T19:37:38","modified_gmt":"2024-04-15T17:37:38","slug":"ondrej-prokop-zadni-migranti-podle-danuse-nejsou-rakusan-ale-schvalil-jejich-povinne-prijimani","status":"publish","type":"post","link":"https:\/\/www.infokuryr.cz\/n\/2024\/04\/16\/ondrej-prokop-zadni-migranti-podle-danuse-nejsou-rakusan-ale-schvalil-jejich-povinne-prijimani\/","title":{"rendered":"Ond\u0159ej Prokop: \u017d\u00e1dn\u00ed migranti podle Danu\u0161e nejsou. Raku\u0161an ale schv\u00e1lil jejich povinn\u00e9 p\u0159ij\u00edm\u00e1n\u00ed."},"content":{"rendered":"<div id=\"fb-root\"><\/div>\n<p>Podle Danu\u0161e Nerudov\u00e9 v Evrop\u011b \u017e\u00e1dn\u00ed migranti nejsou. Ministr Raku\u0161an v t\u00e9 sam\u00e9 dob\u011b protla\u010dil migra\u010dn\u00ed pakt, kter\u00fd zavede povinn\u00fd p\u0159\u00edjem uprchl\u00edk\u016f v zem\u00edch EU. Krom\u011b toho pan\u00ed Nerudov\u00e1 chce budovat prosperitu Evropy na zbrojn\u00edm pr\u016fmyslu. Jak u\u017e asi tak\u00e9 vid\u00edte, STAN je naprosto nevoliteln\u00fd.<\/p>\n<p>\ud83d\udc49 Ministr Lipavsk\u00fd p\u0159ipravuje utajovanou dohodu s Ukrajinou. Stejn\u011b tak prezident Pavel se na taj\u0148a\u010dku sch\u00e1z\u00ed se Zelensk\u00fdm. Co vym\u00fd\u0161l\u00ed, to nikdo ne\u0159\u00edk\u00e1. O takto z\u00e1sadn\u00edch v\u011bcech by m\u011bli s ob\u010dany mluvit.<\/p>\n<p>\ud83d\udc49 Premi\u00e9r Fiala \u0159ekl, \u017ee st\u00e1t tu nen\u00ed pro lidi, aby je vodil za ru\u010di\u010dku. ODS si ho p\u0159esto znovu zvolila do veden\u00ed. Ob\u010dan\u0161t\u00ed demokrat\u00e9 cht\u011bj\u00ed pokra\u010dovat v asoci\u00e1ln\u00ed politice. Krom\u011b sv\u011btl\u00fdch v\u00fdjimek, kter\u00e9 z ODS odch\u00e1z\u00ed. N\u011bkte\u0159\u00ed z nich dokonce do ANO.<\/p>\n<p>\ud83d\udc49 Jure\u010dka chce zru\u0161it r\u016fzn\u00e9 d\u00e1vky pro ohro\u017een\u00e9 obyvatele. Experti varuj\u00ed, \u017ee kv\u016fli tomu poroste chudoba, finan\u010dn\u00ed probl\u00e9my, dokonce i bezdomovectv\u00ed. P\u011btikoalice tak pokra\u010duje v destruktivn\u00edch reform\u00e1ch, kter\u00e9 p\u0159it\u011b\u017euj\u00ed \u010desk\u00fdm ob\u010dan\u016fm.<\/p>\n<p>\ud83d\udc49 Z\u00e1kaz spalovac\u00edch motor\u016f je nesmysl, kter\u00fd likviduje nejen evropsk\u00fd pr\u016fmysl, ale hlavn\u011b i ten \u010desk\u00fd. 80 % dot\u00e1zan\u00fdch je proti tomuto z\u00e1kazu. Stejn\u011b jako j\u00e1. Hnut\u00ed ANO proti t\u00e9to hlouposti bude bojovat.<\/p>\n<p>\ud83d\udc49 Hlavn\u00ed podez\u0159el\u00fd z Dozimetru Matej August\u00edn dostane od Dopravn\u00edho podniku 1,5 milionu K\u010d. Neuv\u011b\u0159iteln\u00e9, \u017ee Zden\u011bk H\u0159ib nedok\u00e1zal zabr\u00e1nit ani tomuto.<\/p>\n<p>\ud83d\udc49 T\u00edm ale Zden\u011bk H\u0159ib nekon\u010d\u00ed. Osud Nov\u00fdch Hole\u0161ovic je kv\u016fli jeho n\u00e1hl\u00e9 oto\u010dce n\u00e1zor\u016f velmi nejist\u00fd. Praze t\u00edm hroz\u00ed nejen stovky milion\u016f v pokut\u00e1ch, ale i prota\u017een\u00ed projektu o dal\u0161\u00edch x let. Hlavn\u011b, \u017ee se na soci\u00e1ln\u00edch s\u00edt\u00edch chlub\u00ed manipulativn\u00edmi a l\u017eiv\u00fdmi fotkami \u00fadajn\u011b pr\u00e1zdn\u00fdch pra\u017esk\u00fdch s\u00eddli\u0161\u0165.<\/p>\n<p>To v\u0161e a mnohem v\u00edc se dozv\u00edte v 79. d\u00edlu m\u00e9ho politick\u00e9ho podcastu. D\u011bkuji v\u00e1m p\u0159edem za zhl\u00e9dnut\u00ed a pros\u00edm o dal\u0161\u00ed sd\u00edlen\u00ed, a\u0165 se pravdu dozv\u00ed co nejv\u00edc lid\u00ed! T\u011b\u0161\u00edm se na dotazy i koment\u00e1\u0159e!<\/p>\n<p><iframe loading=\"lazy\" title=\"\u017d\u00e1dn\u00ed migranti podle Danu\u0161e nejsou. Raku\u0161an ale schv\u00e1lil jejich povinn\u00e9 p\u0159ij\u00edm\u00e1n\u00ed. | \u010cau Praho! #79\" width=\"640\" height=\"360\" src=\"https:\/\/www.youtube.com\/embed\/gcH10SjF2Dw?feature=oembed\" frameborder=\"0\" allow=\"accelerometer; autoplay; clipboard-write; encrypted-media; gyroscope; picture-in-picture; web-share\" referrerpolicy=\"strict-origin-when-cross-origin\" allowfullscreen><\/iframe><\/p>\n<p><em><strong>Ing. Ond\u0159ej Prokop, p\u0159edseda hnut\u00ed ANO v Praze<\/strong><\/em><\/p>\n<p><a href=\"https:\/\/stranapro.cz\/\"><img decoding=\"async\" loading=\"lazy\" class=\"wp-image-40286 aligncenter\" src=\"http:\/\/www.infokuryr.cz\/n\/wp-content\/uploads\/2023\/11\/12pro-300x87.png\" alt=\"\" width=\"928\" height=\"269\" srcset=\"https:\/\/www.infokuryr.cz\/n\/wp-content\/uploads\/2023\/11\/12pro-300x87.png 300w, https:\/\/www.infokuryr.cz\/n\/wp-content\/uploads\/2023\/11\/12pro.png 366w\" sizes=\"(max-width: 928px) 100vw, 928px\" \/><\/a><\/p>\n<p>&nbsp;<\/p>\n<p>&nbsp;<\/p>\n","protected":false},"excerpt":{"rendered":"<p>Podle Danu\u0161e Nerudov\u00e9 v Evrop\u011b \u017e\u00e1dn\u00ed migranti nejsou. Ministr Raku\u0161an v t\u00e9 sam\u00e9 dob\u011b protla\u010dil&#8230;<\/p>\n","protected":false},"author":2,"featured_media":39290,"comment_status":"closed","ping_status":"closed","sticky":false,"template":"","format":"standard","meta":[],"categories":[6],"tags":[119,1503,4014,1032,889],"_links":{"self":[{"href":"https:\/\/www.infokuryr.cz\/n\/wp-json\/wp\/v2\/posts\/51696"}],"collection":[{"href":"https:\/\/www.infokuryr.cz\/n\/wp-json\/wp\/v2\/posts"}],"about":[{"href":"https:\/\/www.infokuryr.cz\/n\/wp-json\/wp\/v2\/types\/post"}],"author":[{"embeddable":true,"href":"https:\/\/www.infokuryr.cz\/n\/wp-json\/wp\/v2\/users\/2"}],"replies":[{"embeddable":true,"href":"https:\/\/www.infokuryr.cz\/n\/wp-json\/wp\/v2\/comments?post=51696"}],"version-history":[{"count":0,"href":"https:\/\/www.infokuryr.cz\/n\/wp-json\/wp\/v2\/posts\/51696\/revisions"}],"wp:featuredmedia":[{"embeddable":true,"href":"https:\/\/www.infokuryr.cz\/n\/wp-json\/wp\/v2\/media\/39290"}],"wp:attachment":[{"href":"https:\/\/www.infokuryr.cz\/n\/wp-json\/wp\/v2\/media?parent=51696"}],"wp:term":[{"taxonomy":"category","embeddable":true,"href":"https:\/\/www.infokuryr.cz\/n\/wp-json\/wp\/v2\/categories?post=51696"},{"taxonomy":"post_tag","embeddable":true,"href":"https:\/\/www.infokuryr.cz\/n\/wp-json\/wp\/v2\/tags?post=51696"}],"curies":[{"name":"wp","href":"https:\/\/api.w.org\/{rel}","templated":true}]}}