{"id":51639,"date":"2024-04-15T00:49:53","date_gmt":"2024-04-14T22:49:53","guid":{"rendered":"https:\/\/www.infokuryr.cz\/n\/?p=51639"},"modified":"2024-04-15T04:12:18","modified_gmt":"2024-04-15T02:12:18","slug":"nedelnik-adama-b-bartose-160-serikovy","status":"publish","type":"post","link":"https:\/\/www.infokuryr.cz\/n\/2024\/04\/15\/nedelnik-adama-b-bartose-160-serikovy\/","title":{"rendered":"NED\u011aLN\u00cdK ADAMA B. BARTO\u0160E (160) \u0160E\u0158\u00cdKOV\u00dd"},"content":{"rendered":"<div id=\"fb-root\"><\/div>\n<p>V\u017edy jsem obdivoval nejen kr\u00e1su a omamnou v\u016fni \u0161e\u0159\u00edk\u016f, ale i to, \u017ee \u2013 co si za sv\u016fj \u017eivot pamatuji \u2013, byly v\u017edy jako hodinky: a\u0165 bylo jak\u00e9koli po\u010das\u00ed, a\u0165 byl rok studen\u00fd nebo tepl\u00fd, v\u017edy vykvetly ve stejn\u00fd \u010das, skoro na den p\u0159esn\u011b \u2013 kolem Dne osvobozen\u00ed. Jak\u00e9 bylo m\u00e9 p\u0159ekvapen\u00ed, \u017ee letos \u0161e\u0159\u00edky v Praze kvetou rovn\u011b\u017e dev\u00e1t\u00e9ho, ale dubna. Jak jsem napsal u\u017e minule, jestli existuje n\u011bjak\u00e9 glob\u00e1ln\u00ed oteplen\u00ed, pak v na\u0161ich pom\u011brech nen\u00ed v\u016fbec \u0161patn\u00e9. Kr\u00e1sn\u00e9 letn\u00ed teploty u\u017e v dubnu \u2013 pro\u010d ne? J\u00e1 si ten p\u0159\u00edjemn\u011b tepl\u00fd v\u00edkend u\u017e\u00edval a na zahrad\u011b chodil jen v plavk\u00e1ch.<span id=\"more-14159\"><\/span><\/p>\n<p>Dal\u0161\u00ed oteplen\u00ed v politice za\u017eili na\u0161i v\u00fdchodn\u00ed soused\u00e9. Slovensk\u00e9 volby uk\u00e1zaly, \u017ee kdy\u017e se lid\u00e9 rozhodnou p\u0159ij\u00edt k volb\u00e1m v mno\u017estv\u00ed v\u011bt\u0161\u00edm ne\u017e mal\u00e9m, daj\u00ed se v\u00fdsledky voleb ovlivnit k\u00fd\u017een\u00fdm sm\u011brem \u2013 a ke zd\u011b\u0161en\u00ed politick\u00fdch elit. P\u0159izn\u00e1m se, \u017ee jsem ve v\u00edt\u011bzstv\u00ed Pellegriniho nev\u011b\u0159il, a proto jsem byl p\u0159\u00edjemn\u011b p\u0159ekvapen. Slov\u00e1ci tak budou m\u00edt dobr\u00fd tandem \u2013 Fico ve vl\u00e1d\u011b, Pellegrini v prezidentsk\u00e9m pal\u00e1ci, co\u017e zaru\u010duje stabilitu politiky a jej\u00ed pron\u00e1rodn\u00ed kurz. U n\u00e1s tandem dvou Petr\u016f (Fialy ve Strakovce a Pavla na Hrad\u011b) funguje tak\u00e9 spolehliv\u011b, ale bohu\u017eel p\u0159esn\u011b opa\u010dn\u011b a destruktivn\u011b \u2013 tedy v neprosp\u011bch n\u00e1s, ob\u010dan\u016f, v neprosp\u011bch t\u00e9to zem\u011b. I kdyby se nakr\u00e1sn\u011b vym\u011bnila po p\u0159\u00ed\u0161t\u00edch volb\u00e1ch vl\u00e1da za n\u011bjakou pron\u00e1rodn\u00ed, na Hrad\u011b j\u00ed bude okop\u00e1vat kotn\u00edky b\u011blobrad\u00fd rozv\u011bd\u010d\u00edk je\u0161t\u011b dal\u0161\u00ed t\u0159i roky.<\/p>\n<p>Fialov\u00fd hnus se u n\u00e1s za\u017eral do politiky velice hluboko, proto\u017ee obsadil v\u0161echna centra moci a v\u0161echny misky mocensk\u00fdch vah, tak\u017ee politika je u n\u00e1s nevyv\u00e1\u017een\u00e1 a brut\u00e1ln\u011b vych\u00fdlen\u00e1 ve prosp\u011bch demoliber\u00e1l\u016f, kte\u0159\u00ed tak maj\u00ed pod palcem nejen vl\u00e1du a ob\u011b komory parlamentu, ale i Hrad a \u00dastavn\u00ed soud. A i to m\u00e1lo, co se stav\u00ed na odpor, jako ob\u010dan\u00e9 jednotlivci, kte\u0159\u00ed nesouhlas\u00ed s politikou vl\u00e1dy, jsou bez milosti soudn\u011b a ekonomicky likvidov\u00e1ni, je na nich uplat\u0148ov\u00e1na kultura ru\u0161en\u00ed. Re\u017eimn\u00ed moc je neskute\u010dn\u011b zl\u00e1, z\u00e1ke\u0159n\u00e1, nel\u00edtostn\u00e1 a pomstychtiv\u00e1. M\u00edsto, aby byla \u201enad v\u011bc\u00ed\u201c a benevolentn\u00ed, uzn\u00e1vala pr\u00e1vo opozice na existenci, \u0161lape po ka\u017ed\u00e9m, kdo se opov\u00e1\u017e\u00ed m\u00edt jin\u00fd n\u00e1zor.<\/p>\n<p>Okop\u00edrovat tedy slovensk\u00fd model bude velice t\u011b\u017ek\u00e9 a zdlouhav\u00e9, ale za pokus to stoj\u00ed. V\u0161imn\u011bme si toti\u017e, \u017ee v\u011bt\u0161ina voleb, ke kter\u00fdm v evropsk\u00fdch zem\u00edch posledn\u00ed dva roky doch\u00e1z\u00ed, je ovlivn\u011bna rusko-ukrajinsk\u00fdm konfliktem, respektive t\u00edm, \u017ee dosavadn\u00ed vl\u00e1dy nekriticky podporuj\u00ed Ukrajinu proti Rusku, a to za cenu o\u017eebra\u010den\u00ed vlastn\u00ed zem\u011b a jejich ob\u010dan\u016f. A ti toho za\u010d\u00ednaj\u00ed m\u00edt pln\u00e9 zuby. Proto b\u00fdvaj\u00ed fanatick\u00e9 prov\u00e1le\u010dn\u00e9 vl\u00e1dy nahrazeny opozi\u010dn\u00edmi silami, kter\u00e9 volaj\u00ed pro m\u00edrov\u00e9m \u0159e\u0161en\u00ed a po n\u00e1vratu k norm\u00e1ln\u00ed politice. Vid\u00edme to v N\u011bmecku, Polsku, v Holandsku, na Slovensku v kr\u00e1tk\u00e9 dob\u011b u\u017e podruh\u00e9.<\/p>\n<p>Proto je \u0161ance, \u017ee se n\u011bco podobn\u00e9ho m\u016f\u017ee poda\u0159it i za rok u n\u00e1s. Extr\u00e9mn\u011b nepopul\u00e1rn\u00ed vl\u00e1da, kter\u00e1 tla\u010d\u00ed na\u0161i zemi do v\u00e1lky, m\u00e1 sice v\u0161echny n\u00e1stroje moci, aby se u moci udr\u017eela, ale \u010d\u00edm v\u00edc je agresivn\u011bj\u0161\u00ed a bezohledn\u00e1, t\u00edm v\u00edce p\u0159ivol\u00e1v\u00e1 spravedliv\u00fd hn\u011bv a sv\u016fj brzk\u00fd konec.<\/p>\n<p>Nezb\u00fdv\u00e1 n\u00e1m tedy ne\u017e doufat v \u201eglob\u00e1ln\u00ed oteplen\u00ed\u201c v politice, kter\u00e9 odporn\u00fd bruselsk\u00fd mr\u00e1z roze\u017eene d\u0159\u00edve, ne\u017e jsme \u010dekali. Doufat, \u017ee tak jako z\u00e1zra\u010dn\u011b vykvetly \u0161e\u0159\u00edky v\u00edt\u011bzstv\u00ed o m\u011bs\u00edc d\u0159\u00edve, vykvetou i pomysln\u00e9 \u0161e\u0159\u00edky politick\u00e9ho v\u00edt\u011bzstv\u00ed pravdy a zdrav\u00e9ho rozumu nad Fialovou l\u017e\u00ed a nen\u00e1vist\u00ed d\u0159\u00edve, ne\u017e bude pozd\u011b.<\/p>\n<p>Abychom tomu \u201eoteplen\u00ed\u201c napomohli, bylo by dobr\u00e9 v evropsk\u00fdch volb\u00e1ch volit ty strany, kter\u00e9 si p\u0159ej\u00ed ukon\u010den\u00ed v\u00e1lky a vystavit stopku t\u011bm stran\u00e1m, kter\u00e9 p\u0159inesly ochlazen\u00ed vztah\u016f nejen s Ruskem, ale kter\u00e9 se z pomstychtivosti sna\u017e\u00ed zmrazit i vztahy se Slovenskem.<\/p>\n<p><strong><em>Vlasti zdar!<\/em><\/strong><br \/>\n<strong><em>Adam B. Barto\u0161, p\u0159edseda N\u00e1rodn\u00ed demokracie<\/em><\/strong><\/p>\n<p><a href=\"https:\/\/narodnidemokracie.cz\/nedelnik-adama-b-bartose-160-serikovy\/\"><img decoding=\"async\" loading=\"lazy\" class=\"alignnone size-full wp-image-678\" src=\"http:\/\/www.infokuryr.cz\/n\/wp-content\/uploads\/2021\/04\/narodni_demokracie_logo.jpg\" alt=\"\" width=\"300\" height=\"85\" \/><\/a><\/p>\n<p>____________________________<\/p>\n<p><a href=\"https:\/\/stranapro.cz\/\"><img decoding=\"async\" loading=\"lazy\" class=\"wp-image-40286 aligncenter\" src=\"http:\/\/www.infokuryr.cz\/n\/wp-content\/uploads\/2023\/11\/12pro-300x87.png\" alt=\"\" width=\"859\" height=\"249\" srcset=\"https:\/\/www.infokuryr.cz\/n\/wp-content\/uploads\/2023\/11\/12pro-300x87.png 300w, https:\/\/www.infokuryr.cz\/n\/wp-content\/uploads\/2023\/11\/12pro.png 366w\" sizes=\"(max-width: 859px) 100vw, 859px\" \/><\/a><\/p>\n<p>&nbsp;<\/p>\n","protected":false},"excerpt":{"rendered":"<p>V\u017edy jsem obdivoval nejen kr\u00e1su a omamnou v\u016fni \u0161e\u0159\u00edk\u016f, ale i to, \u017ee \u2013 co&#8230;<\/p>\n","protected":false},"author":2,"featured_media":51640,"comment_status":"closed","ping_status":"closed","sticky":false,"template":"","format":"standard","meta":[],"categories":[6],"tags":[367,1503,85],"_links":{"self":[{"href":"https:\/\/www.infokuryr.cz\/n\/wp-json\/wp\/v2\/posts\/51639"}],"collection":[{"href":"https:\/\/www.infokuryr.cz\/n\/wp-json\/wp\/v2\/posts"}],"about":[{"href":"https:\/\/www.infokuryr.cz\/n\/wp-json\/wp\/v2\/types\/post"}],"author":[{"embeddable":true,"href":"https:\/\/www.infokuryr.cz\/n\/wp-json\/wp\/v2\/users\/2"}],"replies":[{"embeddable":true,"href":"https:\/\/www.infokuryr.cz\/n\/wp-json\/wp\/v2\/comments?post=51639"}],"version-history":[{"count":0,"href":"https:\/\/www.infokuryr.cz\/n\/wp-json\/wp\/v2\/posts\/51639\/revisions"}],"wp:featuredmedia":[{"embeddable":true,"href":"https:\/\/www.infokuryr.cz\/n\/wp-json\/wp\/v2\/media\/51640"}],"wp:attachment":[{"href":"https:\/\/www.infokuryr.cz\/n\/wp-json\/wp\/v2\/media?parent=51639"}],"wp:term":[{"taxonomy":"category","embeddable":true,"href":"https:\/\/www.infokuryr.cz\/n\/wp-json\/wp\/v2\/categories?post=51639"},{"taxonomy":"post_tag","embeddable":true,"href":"https:\/\/www.infokuryr.cz\/n\/wp-json\/wp\/v2\/tags?post=51639"}],"curies":[{"name":"wp","href":"https:\/\/api.w.org\/{rel}","templated":true}]}}