{"id":51586,"date":"2024-04-14T04:46:41","date_gmt":"2024-04-14T02:46:41","guid":{"rendered":"https:\/\/www.infokuryr.cz\/n\/?p=51586"},"modified":"2024-04-14T04:46:41","modified_gmt":"2024-04-14T02:46:41","slug":"iran-zaslal-dopis-generalnimu-tajemnikovi-osn","status":"publish","type":"post","link":"https:\/\/www.infokuryr.cz\/n\/2024\/04\/14\/iran-zaslal-dopis-generalnimu-tajemnikovi-osn\/","title":{"rendered":"\u00cdr\u00e1n zaslal dopis gener\u00e1ln\u00edmu tajemn\u00edkovi OSN"},"content":{"rendered":"<div id=\"fb-root\"><\/div>\n<p class=\"lead\"><strong>\u00cdr\u00e1n neusiluje o eskalaci nebo konflikt v regionu, ale v p\u0159\u00edpad\u011b vojensk\u00e9 agrese ze strany Izraele bude reagovat siln\u011bji a rozhodn\u011bji, uvedl \u00cdr\u00e1n v dopise gener\u00e1ln\u00edmu tajemn\u00edkovi OSN Ant\u00f3niu Guterresovi.<\/strong><\/p>\n<p><span>V dopise se uv\u00e1d\u00ed, \u017ee \u00cdr\u00e1n \u201eznovu potvrzuje sv\u016fj trval\u00fd postoj, \u017ee neusiluje o eskalaci nebo konflikt v regionu\u201c.<\/span><\/p>\n<p><span>Mezit\u00edm \u201e\u00cdr\u00e1n nebude v\u00e1hat uplatnit sv\u00e9 nezciziteln\u00e9 pr\u00e1vo na sebeobranu, bude-li to zapot\u0159eb\u00ed\u201c.<\/span><\/p>\n<p><em>\u201ePokud izraelsk\u00fd re\u017eim znovu sp\u00e1ch\u00e1 jakoukoli vojenskou agresi, bude \u00edr\u00e1nsk\u00e1 reakce nepochybn\u011b siln\u011bj\u0161\u00ed a rozhodn\u011bj\u0161\u00ed,\u201c<span class=\"after-quote\">\u00a0&#8211; p\u00ed\u0161e se v dopise.<\/span><\/em><\/p>\n<p><span>I kdy\u017e \u00cdr\u00e1n varuje p\u0159ed jak\u00fdmikoli dal\u0161\u00edmi vojensk\u00fdmi provokacemi ze strany izraelsk\u00e9ho re\u017eimu, potvrzuje sv\u00e9 neochv\u011bjn\u00e9 odhodl\u00e1n\u00ed br\u00e1nit sv\u016fj lid, n\u00e1rodn\u00ed bezpe\u010dnost a z\u00e1jmy, suverenitu a \u00fazemn\u00ed celistvost p\u0159ed jakoukoli hrozbou nebo akty agrese a reagovat na ka\u017edou takovou hrozbu nebo agresivn\u00ed \u010diny r\u00e1zn\u011b a v souladu s mezin\u00e1rodn\u00edm pr\u00e1vem,\u201c p\u00ed\u0161e se v dopise.<\/span><\/p>\n<p><img decoding=\"async\" loading=\"lazy\" class=\"alignnone size-full wp-image-1185\" src=\"http:\/\/www.infokuryr.cz\/n\/wp-content\/uploads\/2021\/04\/kuryr-podpis.png\" alt=\"\" width=\"84\" height=\"24\" \/><\/p>\n<p>&nbsp;<\/p>\n","protected":false},"excerpt":{"rendered":"<p>\u00cdr\u00e1n neusiluje o eskalaci nebo konflikt v regionu, ale v p\u0159\u00edpad\u011b vojensk\u00e9 agrese ze strany&#8230;<\/p>\n","protected":false},"author":2,"featured_media":51587,"comment_status":"closed","ping_status":"closed","sticky":false,"template":"","format":"standard","meta":[],"categories":[7],"tags":[680,38,186],"_links":{"self":[{"href":"https:\/\/www.infokuryr.cz\/n\/wp-json\/wp\/v2\/posts\/51586"}],"collection":[{"href":"https:\/\/www.infokuryr.cz\/n\/wp-json\/wp\/v2\/posts"}],"about":[{"href":"https:\/\/www.infokuryr.cz\/n\/wp-json\/wp\/v2\/types\/post"}],"author":[{"embeddable":true,"href":"https:\/\/www.infokuryr.cz\/n\/wp-json\/wp\/v2\/users\/2"}],"replies":[{"embeddable":true,"href":"https:\/\/www.infokuryr.cz\/n\/wp-json\/wp\/v2\/comments?post=51586"}],"version-history":[{"count":0,"href":"https:\/\/www.infokuryr.cz\/n\/wp-json\/wp\/v2\/posts\/51586\/revisions"}],"wp:featuredmedia":[{"embeddable":true,"href":"https:\/\/www.infokuryr.cz\/n\/wp-json\/wp\/v2\/media\/51587"}],"wp:attachment":[{"href":"https:\/\/www.infokuryr.cz\/n\/wp-json\/wp\/v2\/media?parent=51586"}],"wp:term":[{"taxonomy":"category","embeddable":true,"href":"https:\/\/www.infokuryr.cz\/n\/wp-json\/wp\/v2\/categories?post=51586"},{"taxonomy":"post_tag","embeddable":true,"href":"https:\/\/www.infokuryr.cz\/n\/wp-json\/wp\/v2\/tags?post=51586"}],"curies":[{"name":"wp","href":"https:\/\/api.w.org\/{rel}","templated":true}]}}