{"id":51583,"date":"2024-04-14T04:39:01","date_gmt":"2024-04-14T02:39:01","guid":{"rendered":"https:\/\/www.infokuryr.cz\/n\/?p=51583"},"modified":"2024-04-14T04:39:01","modified_gmt":"2024-04-14T02:39:01","slug":"iran-obvinil-radu-bezpecnosti-osn-z-podbizeni-se-izraeli","status":"publish","type":"post","link":"https:\/\/www.infokuryr.cz\/n\/2024\/04\/14\/iran-obvinil-radu-bezpecnosti-osn-z-podbizeni-se-izraeli\/","title":{"rendered":"\u00cdr\u00e1n obvinil Radu bezpe\u010dnosti OSN z podb\u00edzen\u00ed se Izraeli"},"content":{"rendered":"<div id=\"fb-root\"><\/div>\n<p class=\"lead\"><strong>Rada bezpe\u010dnosti OSN dovolila Izraeli poru\u0161ovat mezin\u00e1rodn\u00ed pr\u00e1vo a p\u0159ekra\u010dovat \u010derven\u00e9 \u010d\u00e1ry, uv\u00e1d\u00ed dopis \u00edr\u00e1nsk\u00e9 st\u00e1l\u00e9 mise gener\u00e1ln\u00edmu tajemn\u00edkovi OSN Antoniu Guterresovi.<\/strong><\/p>\n<p><em>\u201eRada bezpe\u010dnosti OSN bohu\u017eel selhala ve sv\u00e9 povinnosti udr\u017eovat mezin\u00e1rodn\u00ed m\u00edr a bezpe\u010dnost t\u00edm, \u017ee umo\u017enila izraelsk\u00e9mu re\u017eimu p\u0159ekro\u010dit \u010derven\u00e9 \u010d\u00e1ry a poru\u0161it z\u00e1kladn\u00ed principy mezin\u00e1rodn\u00edho pr\u00e1va. Takov\u00e9 poru\u0161ov\u00e1n\u00ed zv\u00fd\u0161ilo nap\u011bt\u00ed v regionu a ohrozilo region\u00e1ln\u00ed a mezin\u00e1rodn\u00ed m\u00edr a bezpe\u010dnost.\u201c<span class=\"after-quote\">\u00a0&#8211; p\u00ed\u0161e se v dopise.<\/span><\/em><\/p>\n<p><span style=\"font-size: 18pt;\"><strong>Gener\u00e1ln\u00ed tajemn\u00edk OSN odsuzuje \u00edr\u00e1nsk\u00fd \u00fatok na Izrael<\/strong><\/span><\/p>\n<p class=\"lead\">Gener\u00e1ln\u00ed tajemn\u00edk OSN Antonio Guterres odsoudil \u00edr\u00e1nsk\u00fd \u00fatok na Izrael a vyzval k okam\u017eit\u00e9mu zastaven\u00ed boj\u016f.<\/p>\n<p><em>\u201eD\u016frazn\u011b odsuzuji v\u00e1\u017enou eskalaci zp\u016fsobenou rozs\u00e1hl\u00fdm \u00fatokem, kter\u00fd dnes ve\u010der provedla \u00cdr\u00e1nsk\u00e1 isl\u00e1msk\u00e1 republika proti Izraeli. Vyz\u00fdv\u00e1m k okam\u017eit\u00e9mu ukon\u010den\u00ed t\u011bchto nep\u0159\u00e1telstv\u00ed.&#8220;<span class=\"after-quote\">\u00a0Guterres uvedl v prohl\u00e1\u0161en\u00ed.<\/span><\/em><\/p>\n<p><em>\u201eJsem hluboce znepokojen velmi re\u00e1ln\u00fdm nebezpe\u010d\u00edm destruktivn\u00ed eskalace v cel\u00e9m regionu. &#8222;Vyz\u00fdv\u00e1m v\u0161echny strany, aby projevily maxim\u00e1ln\u00ed zdr\u017eenlivost a vyhnuly se jak\u00fdmkoli akc\u00edm, kter\u00e9 by mohly v\u00e9st k velk\u00e9 vojensk\u00e9 konfrontaci na mnoha front\u00e1ch na Bl\u00edzk\u00e9m v\u00fdchod\u011b.&#8220;<span class=\"after-quote\">\u00a0&#8211; poznamenal.<\/span><\/em><\/p>\n<p><span>Podle gener\u00e1ln\u00edho tajemn\u00edka OSN si \u201eregion ani sv\u011bt nemohou dovolit dal\u0161\u00ed v\u00e1lku\u201c.<\/span><\/p>\n<p><img decoding=\"async\" loading=\"lazy\" class=\"alignnone size-full wp-image-1185\" src=\"http:\/\/www.infokuryr.cz\/n\/wp-content\/uploads\/2021\/04\/kuryr-podpis.png\" alt=\"\" width=\"84\" height=\"24\" \/><\/p>\n<p>&nbsp;<\/p>\n<p>&nbsp;<\/p>\n","protected":false},"excerpt":{"rendered":"<p>Rada bezpe\u010dnosti OSN dovolila Izraeli poru\u0161ovat mezin\u00e1rodn\u00ed pr\u00e1vo a p\u0159ekra\u010dovat \u010derven\u00e9 \u010d\u00e1ry, uv\u00e1d\u00ed dopis \u00edr\u00e1nsk\u00e9&#8230;<\/p>\n","protected":false},"author":2,"featured_media":9726,"comment_status":"closed","ping_status":"closed","sticky":false,"template":"","format":"standard","meta":[],"categories":[7],"tags":[38,186,1408],"_links":{"self":[{"href":"https:\/\/www.infokuryr.cz\/n\/wp-json\/wp\/v2\/posts\/51583"}],"collection":[{"href":"https:\/\/www.infokuryr.cz\/n\/wp-json\/wp\/v2\/posts"}],"about":[{"href":"https:\/\/www.infokuryr.cz\/n\/wp-json\/wp\/v2\/types\/post"}],"author":[{"embeddable":true,"href":"https:\/\/www.infokuryr.cz\/n\/wp-json\/wp\/v2\/users\/2"}],"replies":[{"embeddable":true,"href":"https:\/\/www.infokuryr.cz\/n\/wp-json\/wp\/v2\/comments?post=51583"}],"version-history":[{"count":0,"href":"https:\/\/www.infokuryr.cz\/n\/wp-json\/wp\/v2\/posts\/51583\/revisions"}],"wp:featuredmedia":[{"embeddable":true,"href":"https:\/\/www.infokuryr.cz\/n\/wp-json\/wp\/v2\/media\/9726"}],"wp:attachment":[{"href":"https:\/\/www.infokuryr.cz\/n\/wp-json\/wp\/v2\/media?parent=51583"}],"wp:term":[{"taxonomy":"category","embeddable":true,"href":"https:\/\/www.infokuryr.cz\/n\/wp-json\/wp\/v2\/categories?post=51583"},{"taxonomy":"post_tag","embeddable":true,"href":"https:\/\/www.infokuryr.cz\/n\/wp-json\/wp\/v2\/tags?post=51583"}],"curies":[{"name":"wp","href":"https:\/\/api.w.org\/{rel}","templated":true}]}}