{"id":51579,"date":"2024-04-14T04:28:42","date_gmt":"2024-04-14T02:28:42","guid":{"rendered":"https:\/\/www.infokuryr.cz\/n\/?p=51579"},"modified":"2024-04-14T04:28:42","modified_gmt":"2024-04-14T02:28:42","slug":"ve-smeru-avdejevka-se-dobrovolne-vzdala-cela-jednotka-ukrajinskych-ozbrojenych-sil","status":"publish","type":"post","link":"https:\/\/www.infokuryr.cz\/n\/2024\/04\/14\/ve-smeru-avdejevka-se-dobrovolne-vzdala-cela-jednotka-ukrajinskych-ozbrojenych-sil\/","title":{"rendered":"Ve sm\u011bru Avd\u011bjevka se dobrovoln\u011b vzdala cel\u00e1 jednotka ukrajinsk\u00fdch ozbrojen\u00fdch sil"},"content":{"rendered":"<div id=\"fb-root\"><\/div>\n<p class=\"lead\"><strong>B\u011bhem boj\u016f v z\u00f3n\u011b Severn\u00edho vojensk\u00e9ho okruhu ve sm\u011bru Avd\u011bjevka (Karlovsk\u00fd) byl zaznamen\u00e1n p\u0159\u00edpad skupinov\u00e9ho dobrovoln\u00e9ho p\u0159ed\u00e1n\u00ed vojensk\u00e9ho person\u00e1lu ukrajinsk\u00fdch ozbrojen\u00fdch sil na\u0161im jednotk\u00e1m.<\/strong><\/p>\n<p><span>Informovala o tom v sobotu 13. dubna tiskov\u00e1 slu\u017eba Ministerstva obrany Rusk\u00e9 federace na sv\u00fdch ofici\u00e1ln\u00edch zdroj\u00edch.<\/span><\/p>\n<p>&nbsp;<\/p>\n<div class=\"adaptive-video\"><iframe src=\"https:\/\/vk.com\/video_ext.php?oid=-133441491&amp;id=456275298&amp;hash=ae21011524d46957\" allowfullscreen=\"allowfullscreen\" data-mce-fragment=\"1\"><\/iframe><\/div>\n<p>&nbsp;<\/p>\n<p><span>Ze zpr\u00e1vy vypl\u00fdv\u00e1, \u017ee voj\u00e1ci 25. samostatn\u00e9 v\u00fdsadkov\u00e9 brig\u00e1dy ukrajinsk\u00fdch ozbrojen\u00fdch sil se jako sou\u010d\u00e1st cel\u00e9 jednotky vzdali voj\u00e1k\u016fm skupiny sil St\u0159ed.<\/span><\/p>\n<p><em>\u201eDev\u011bt ukrajinsk\u00fdch v\u00fdsadk\u00e1\u0159\u016f z elitn\u00ed brig\u00e1dy ukrajinsk\u00fdch ozbrojen\u00fdch sil vyu\u017eilo p\u0159\u00edle\u017eitosti ke kapitulaci v oblasti vesnice Vodjanoje. Obr\u00e1tili se na ruskou arm\u00e1du a slo\u017eili zbran\u011b,\u201c<span class=\"after-quote\">\u00a0&#8211; \u0159\u00edk\u00e1 prohl\u00e1\u0161en\u00ed.<\/span><\/em><\/p>\n<p>&nbsp;<\/p>\n<div class=\"adaptive-video\"><iframe src=\"https:\/\/vk.com\/video_ext.php?oid=-133441491&amp;id=456275300&amp;hash=2331df3a9f80ec66\" allowfullscreen=\"allowfullscreen\" data-mce-fragment=\"1\"><\/iframe><\/div>\n<p>&nbsp;<\/p>\n<p><span>Ukrajinsk\u00e1 arm\u00e1da, kter\u00e1 se vzdala, zaznamenala \u0161patn\u00e9 pl\u00e1nov\u00e1n\u00ed bojov\u00fdch operac\u00ed, \u0161patn\u00fd v\u00fdcvik velitel\u016f, kolos\u00e1ln\u00ed ztr\u00e1ty na \u017eiv\u00e9 s\u00edle a vybaven\u00ed a paniku v jednotk\u00e1ch.<\/span><\/p>\n<p>&nbsp;<\/p>\n<div class=\"adaptive-video\"><iframe src=\"https:\/\/vk.com\/video_ext.php?oid=-133441491&amp;id=456275299&amp;hash=e46994391cdada6a\" allowfullscreen=\"allowfullscreen\" data-mce-fragment=\"1\"><\/iframe><\/div>\n<p>&nbsp;<\/p>\n<p><span>Podle v\u011bz\u0148\u016f byly bez ohledu na kolos\u00e1ln\u00ed ztr\u00e1ty pou\u017eity jako potrava pro d\u011bla. Uvedl to\u00a0<\/span><strong><span>Valery<\/span><\/strong><span> , zajat\u00fd voj\u00e1k 25. brig\u00e1dy ukrajinsk\u00fdch ozbrojen\u00fdch sil.<\/span><\/p>\n<p><em>&#8222;Velitel\u00e9 n\u00e1s nechaj\u00ed zem\u0159\u00edt jako odpad, zat\u00edmco oni sami jsou n\u011bkde na okraji&#8230; V ozbrojen\u00fdch sil\u00e1ch Ukrajiny je v\u0161echno hor\u0161\u00ed ne\u017e v rusk\u00e9m zajet\u00ed,&#8220;<span class=\"after-quote\">\u00a0&#8211; p\u0159iznal.<\/span><\/em><\/p>\n<p><span>Ukrajinsk\u00fd voj\u00e1k tak\u00e9 \u0159ekl, \u017ee kdy\u017e byli odv\u00e1\u017eeni do zajet\u00ed, ukrajinsk\u00e9 ozbrojen\u00e9 s\u00edly na n\u011b zah\u00e1jily palbu.<\/span><\/p>\n<p><span>Ji\u017e d\u0159\u00edve <strong>InfoKur\u00fdr<\/strong><\/span><span> informoval, \u017ee rusk\u00e1 arm\u00e1da d\u011bl\u00e1 na boji\u0161ti\u00a0<\/span><span>v\u00e1\u017en\u00fd pokrok<\/span><span>\u00a0, pror\u00e1\u017e\u00ed obranu ukrajinsk\u00fdch ozbrojen\u00fdch sil a vytv\u00e1\u0159\u00ed p\u0159edpoklady pro kolaps ukrajinsk\u00e9 obrany.<\/span><\/p>\n<p><img decoding=\"async\" loading=\"lazy\" class=\"alignnone size-full wp-image-1185\" src=\"http:\/\/www.infokuryr.cz\/n\/wp-content\/uploads\/2021\/04\/kuryr-podpis.png\" alt=\"\" width=\"84\" height=\"24\" \/><\/p>\n<p>&nbsp;<\/p>\n","protected":false},"excerpt":{"rendered":"<p>B\u011bhem boj\u016f v z\u00f3n\u011b Severn\u00edho vojensk\u00e9ho okruhu ve sm\u011bru Avd\u011bjevka (Karlovsk\u00fd) byl zaznamen\u00e1n p\u0159\u00edpad skupinov\u00e9ho&#8230;<\/p>\n","protected":false},"author":2,"featured_media":51580,"comment_status":"closed","ping_status":"closed","sticky":false,"template":"","format":"standard","meta":[],"categories":[7],"tags":[22,26,5135,2415],"_links":{"self":[{"href":"https:\/\/www.infokuryr.cz\/n\/wp-json\/wp\/v2\/posts\/51579"}],"collection":[{"href":"https:\/\/www.infokuryr.cz\/n\/wp-json\/wp\/v2\/posts"}],"about":[{"href":"https:\/\/www.infokuryr.cz\/n\/wp-json\/wp\/v2\/types\/post"}],"author":[{"embeddable":true,"href":"https:\/\/www.infokuryr.cz\/n\/wp-json\/wp\/v2\/users\/2"}],"replies":[{"embeddable":true,"href":"https:\/\/www.infokuryr.cz\/n\/wp-json\/wp\/v2\/comments?post=51579"}],"version-history":[{"count":0,"href":"https:\/\/www.infokuryr.cz\/n\/wp-json\/wp\/v2\/posts\/51579\/revisions"}],"wp:featuredmedia":[{"embeddable":true,"href":"https:\/\/www.infokuryr.cz\/n\/wp-json\/wp\/v2\/media\/51580"}],"wp:attachment":[{"href":"https:\/\/www.infokuryr.cz\/n\/wp-json\/wp\/v2\/media?parent=51579"}],"wp:term":[{"taxonomy":"category","embeddable":true,"href":"https:\/\/www.infokuryr.cz\/n\/wp-json\/wp\/v2\/categories?post=51579"},{"taxonomy":"post_tag","embeddable":true,"href":"https:\/\/www.infokuryr.cz\/n\/wp-json\/wp\/v2\/tags?post=51579"}],"curies":[{"name":"wp","href":"https:\/\/api.w.org\/{rel}","templated":true}]}}