{"id":51577,"date":"2024-04-14T04:11:33","date_gmt":"2024-04-14T02:11:33","guid":{"rendered":"https:\/\/www.infokuryr.cz\/n\/?p=51577"},"modified":"2024-04-14T04:21:27","modified_gmt":"2024-04-14T02:21:27","slug":"vlady-prichazeji-s-novou-vymluvou-pro-genocidu-kterou-pachaji-zrychlene-starnuti-mladych-je-pricinou-turbo-rakovin","status":"publish","type":"post","link":"https:\/\/www.infokuryr.cz\/n\/2024\/04\/14\/vlady-prichazeji-s-novou-vymluvou-pro-genocidu-kterou-pachaji-zrychlene-starnuti-mladych-je-pricinou-turbo-rakovin\/","title":{"rendered":"Vl\u00e1dy p\u0159ich\u00e1zej\u00ed s novou v\u00fdmluvou pro genocidu, kterou p\u00e1chaj\u00ed: \u201eZrychlen\u00e9 st\u00e1rnut\u00ed\u201c mlad\u00fdch je p\u0159\u00ed\u010dinou turbo rakovin"},"content":{"rendered":"<div id=\"fb-root\"><\/div>\n<p><span>Nejnov\u011bj\u0161\u00ed ohromuj\u00edc\u00ed \u010dl\u00e1nek publikovan\u00fd novinami New York Post minul\u00e9 \u00fater\u00fd dokazuje, jak\u00e9 l\u017ei \u0161\u00ed\u0159\u00ed glob\u00e1ln\u00ed elita a jej\u00ed \u00faplatn\u00e1 mainstreamov\u00e1 m\u00e9dia.<\/span><\/p>\n<p><span>\u010cl\u00e1nek vy\u0161el pod n\u00e1zvem \u201ePodle velmi znepokojuj\u00edc\u00ed nov\u00e9 studie roste v\u00fdskyt rakoviny u mlad\u00fdch lid\u00ed v d\u016fsledku jejich zrychlen\u00e9ho st\u00e1rnut\u00ed\u201c.<\/span><\/p>\n<p><span>\u010cl\u00e1nek uv\u00e1d\u00ed, \u017ee nov\u00fd v\u00fdzkum prezentovan\u00fd minul\u00fd t\u00fdden na v\u00fdro\u010dn\u00edm setk\u00e1n\u00ed\u00a0<\/span><em><span>Americk\u00e9 asociace pro v\u00fdzkum rakoviny<\/span><\/em><span>\u00a0(AACR) v San Diegu v Kalifornii zjistil, \u017ee \u201emlad\u00ed\u201c nyn\u00ed st\u00e1rnou mnohem rychleji ne\u017e v minulosti, a proto se mnohem \u010dast\u011bji pot\u00fdkaj\u00ed s probl\u00e9my, kter\u00e9 se kdysi obvykle spojovaly zejm\u00e9na se \u201estar\u0161\u00edmi\u201c.<\/span><\/p>\n<p><span>V\u0161imn\u011bte si, \u017ee tito globalisti\u010dt\u00ed podvodn\u00edci se op\u011bt pokou\u0161ej\u00ed vymyslet omluvu pro genocidu, kterou p\u00e1chaj\u00ed a kter\u00e1 by m\u011bla b\u00fdt v ka\u017ed\u00e9 \u201espravedliv\u00e9 spole\u010dnosti\u201c potrest\u00e1na popravami vrah\u016f za jejich zlo\u010diny proti lidskosti.<\/span><\/p>\n<p><span>P\u0159ed \u201ezrychlen\u00fdm st\u00e1rnut\u00edm\u201c, kdy je biologick\u00fd v\u011bk n\u011bkoho vy\u0161\u0161\u00ed ne\u017e jeho kalend\u00e1\u0159n\u00ed v\u011bk, co\u017e zvy\u0161uje riziko smrteln\u00fdch rakovinov\u00fdch n\u00e1dor\u016f u \u201emlad\u00fdch\u201c, varovala str\u00e1nka\u00a0<\/span><a href=\"https:\/\/allnewspipeline.com\/Globalists_Roll_Out_Their_Next_Psy_op.php\" target=\"_blank\" rel=\"noopener\"><span>allnewspipeline.com<\/span><\/a><span>\u00a0jen n\u011bkolik dn\u00ed p\u0159ed vyjet\u00edm \u010dl\u00e1nku v novin\u00e1ch New York Post.<\/span><\/p>\n<p><span>Ve sv\u00e9m \u010dl\u00e1nku uv\u00e1d\u011bli, \u017ee takzvan\u00e9 \u201eturbo rakoviny\u201c p\u0159\u00edmo explodovaly mezi mlad\u0161\u00edmi generacemi, p\u0159i\u010dem\u017e Dr. William Makis vydal varov\u00e1n\u00ed, \u017ee n\u011bco takov\u00e9ho ve sv\u00e9 dosavadn\u00ed praxi je\u0161t\u011b nevid\u011bl.<\/span><\/p>\n<p><span>A zat\u00edmco globalist\u00e9 st\u00e1le vym\u00fd\u0161lej\u00ed jednu v\u00fdmluvu za druhou pro tuto \u201ez\u00e1hadnou explozi\u201c, jako nap\u0159\u00edklad \u201eglob\u00e1ln\u00ed oteplov\u00e1n\u00ed\u201c nebo \u201ebakterie ve st\u0159evech spojen\u00e9 se zpracovan\u00fdmi potravinami\u201c, Dr. Makis spojuje tento obrovsk\u00fd n\u00e1r\u016fst p\u0159\u00edpad\u016f rychl\u00e9ho \u0161\u00ed\u0159en\u00ed rakoviny u mlad\u00fdch lid\u00ed p\u0159\u00edmo s covidov\u00fdmi vakc\u00ednami.<\/span><\/p>\n<p><span>\u010cl\u00e1nek v New York Post se NIKDY ani pouh\u00fdm n\u00e1znakem nezmi\u0148uje o \u201evakc\u00edn\u00e1ch\u201c jako potenci\u00e1ln\u00ed p\u0159\u00ed\u010din\u011b exploduj\u00edc\u00ed \u201eturbo rakoviny\u201c u mlad\u00fdch lid\u00ed, ani se nikdy nezmi\u0148uje o \u201evakc\u00edn\u00e1ch\u201c jako potenci\u00e1ln\u00ed p\u0159\u00ed\u010din\u011b \u201ezrychlen\u00e9ho st\u00e1rnut\u00ed\u201c.<\/span><\/p>\n<p><span>Koment\u00e1\u0159e s nejvy\u0161\u0161\u00edm po\u010dtem lajk\u016f k tomuto \u010dl\u00e1nku si nekladly ubrousek p\u0159ed \u00fasta. Nejobl\u00edben\u011bj\u0161\u00ed koment\u00e1\u0159 m\u011bl n\u00e1sleduj\u00edc\u00ed zn\u011bn\u00ed:<\/span><\/p>\n<p><em><span>\u201eTito lid\u00e9 jsou \u010di\u0159\u00ed lh\u00e1\u0159i. M\u011bli jsme zde hromadnou o\u010dkovac\u00ed kampa\u0148 s\u00a0<\/span><a href=\"https:\/\/www.badatel.net\/oficialna-studia-zistila-ze-takmer-vsetci-pacienti-s-dlhym-covidom-boli-zaockovani-mrna-vakcinou\/\"><span>mRNA vakc\u00ednou<\/span><\/a><span>\u00a0. Floridsk\u00fd hlavn\u00ed zdravotn\u00edk p\u0159ed touto situac\u00ed varoval, ale v\u0161ichni \u0159\u00edkali, \u017ee je \u0161arlat\u00e1n. Nyn\u00ed vid\u00edme, jak se \u010d\u00edsla zvy\u0161uj\u00ed.\u201c<\/span><\/em><\/p>\n<p><span>Dal\u0161\u00ed koment\u00e1tor sarkasticky poznamenal:<\/span><\/p>\n<p><em><span>\u201eSamoz\u0159ejm\u011b to nem\u00e1 nic spole\u010dn\u00e9ho s nanucenou vakc\u00ednou proti covidu, ne, v\u016fbec nic, lid\u00e9. V\u011b\u0159te mi, jsem z vl\u00e1dy a jsem tady proto, abych v\u00e1m pomohl.\u201c<\/span><\/em><\/p>\n<p><span>Ano, spr\u00e1vn\u011b, jedin\u00e1 \u201epomoc\u201c, kterou dost\u00e1v\u00e1me od t\u011bch z \u201evl\u00e1dy\u201c, jsou ty jejich \u201ebezplatn\u00e9\u201c jednosm\u011brn\u00e9 l\u00edstky na genocidu, kter\u00e9 rozd\u00e1vaj\u00ed lidem, aby \u201epro\u0159edily st\u00e1do\u201c.<\/span><\/p>\n<p><span>Mysl\u00ed si tedy n\u011bkdo, kdo p\u0159e\u010detl ten \u010dl\u00e1nek, \u017ee \u201ezrychlen\u00e9 st\u00e1rnut\u00ed\u201c je p\u0159\u00ed\u010dinou tohoto v\u00fdbuchu rakoviny? A je-li p\u0159\u00ed\u010dinou \u201ezrychlen\u00e9 st\u00e1rnut\u00ed\u201c, bylo to zp\u016fsobeno \u201evakc\u00ednou\u201c?<\/span><\/p>\n<p><span>Vyb\u00edr\u00e1me \u00faryvek z \u010dl\u00e1nku v New York Post:<\/span><\/p>\n<p><em><span>\u201eHistoricky byly rakovina i st\u00e1rnut\u00ed vn\u00edm\u00e1ny p\u0159edev\u0161\u00edm jako obava pro star\u0161\u00ed populaci,\u201c<\/span><\/em><span>\u00a0\u0159ekl Ruiyi Tian, \u200b\u200bMPH, postgradu\u00e1ln\u00ed student na Washingtonsk\u00e9 univerzit\u011b, Fakult\u011b medic\u00edny v St. Louis a jeden z v\u00fdzkumn\u00edk\u016f studie, pro m\u00e9dium Fox News Digital.<\/span><\/p>\n<p><em><span>\u201eZji\u0161t\u011bn\u00ed, \u017ee rakovina a nyn\u00ed i p\u0159ed\u010dasn\u00e9 st\u00e1rnut\u00ed se v posledn\u00edch desetilet\u00edch st\u00e1vaj\u00ed v\u00fdznamn\u00fdm probl\u00e9mem pro mlad\u0161\u00ed demografii, bylo neo\u010dek\u00e1van\u00e9. Ve studii byly diagn\u00f3zy u pacient\u016f mlad\u0161\u00edch 55 let pova\u017eov\u00e1ny za rakovinu s \u010dasn\u00fdm n\u00e1stupem.<\/span><\/em><\/p>\n<p><em><span>V\u00fdzkumn\u00edci analyzovali \u00fadaje od 148 724 lid\u00ed pomoc\u00ed datab\u00e1ze UK Biobank. Biologick\u00fd v\u011bk ka\u017ed\u00e9 osoby odhadli pomoc\u00ed dev\u00edti biomarker\u016f v krvi a pot\u00e9 je porovnali s jejich chronologick\u00fdm (kalend\u00e1rn\u00edm) v\u011bkem.<\/span><\/em><\/p>\n<p><em><span>Osoby s vy\u0161\u0161\u00edm biologick\u00fdm v\u011bkem m\u011bly o 42% vy\u0161\u0161\u00ed riziko v\u010dasn\u00e9ho n\u00e1stupu rakoviny plic, byly o 22% n\u00e1chyln\u011bj\u0161\u00ed k \u010dasn\u00e9mu n\u00e1stupu rakoviny tr\u00e1vic\u00edho traktu a m\u011bly o 36% vy\u0161\u0161\u00ed riziko v\u010dasn\u00e9ho n\u00e1stupu rakoviny d\u011blohy.<\/span><\/em><\/p>\n<p><em><span>V\u011bdci tak\u00e9 zjistili, \u017ee lid\u00e9 narozen\u00ed po roce 1965 m\u011bli o 17% vy\u0161\u0161\u00ed pravd\u011bpodobnost zrychlen\u00e9ho st\u00e1rnut\u00ed ne\u017e ti, kte\u0159\u00ed se narodili v d\u0159\u00edv\u011bj\u0161\u00edch desetilet\u00edch.\u201c<\/span><\/em><\/p>\n<p><span>Jak zd\u016fraznil dal\u0161\u00ed koment\u00e1tor s vysok\u00fdm po\u010dtem lajk\u016f pod \u010dl\u00e1nkem v New York Post:<\/span><\/p>\n<p><em><span>\u201eNev\u011b\u0159\u00edm tomu. Nen\u00ed to n\u00e1hodou tak, \u017ee za posledn\u00ed 4 roky byla mas\u00e1m aplikov\u00e1na povinn\u00e1 netestovan\u00e1 vakc\u00edna?\u201c<\/span><\/em><\/p>\n<p><span>Nikdy ve sv\u00e9m \u010dl\u00e1nku nezm\u00ednili cel\u00fd v\u00fdzkum, kter\u00fd d\u011blali lid\u00e9 jako Dr. William Makis, kter\u00fd otev\u0159en\u011b varoval o tomto obrovsk\u00e9m n\u00e1r\u016fstu p\u0159\u00edpad\u016f rakoviny hned pot\u00e9, co vl\u00e1dy planety spojily s\u00edly, aby p\u0159im\u011bly sv\u00e9 ob\u010dany o\u010dkovat se jejich patoky, co\u017e se nyn\u00ed uk\u00e1zalo jako vojensk\u00e1 operace.<\/span><\/p>\n<p><span>A jak v\u0161ichni v\u00edme, \u00fakolem arm\u00e1dy NEN\u00cd zachra\u0148ovat \u017eivoty, ale br\u00e1t \u017eivoty. Opravdu si mysl\u00edte, \u017ee by si tyto \u201evakc\u00edny\u201c vymyslely proto, aby prodlou\u017eily lidsk\u00e9 \u017eivoty, kdy\u017e v\u0161ichni glob\u00e1ln\u00ed eugenici v\u011b\u0159\u00ed, \u017ee sv\u011bt je nesm\u00edrn\u011b p\u0159elidn\u011bn\u00fd, tak\u017ee mus\u00ed n\u011bjak \u201epro\u0159edit st\u00e1do\u201c?<\/span><\/p>\n<p><span>St\u00e1le v\u00edce d\u016fkaz\u016f ukazuje, \u017ee \u201ec\u00edl\u00ed\u201c na \u201evyhlazen\u00ed\u201c nejmlad\u0161\u00edch a nejnevinn\u011bj\u0161\u00edch \u010dlen\u016f spole\u010dnosti. Z tohoto\u00a0<\/span><a href=\"https:\/\/makismd.substack.com\/p\/children-and-mrna-7-year-old-brazilian\" target=\"_blank\" rel=\"noopener\"><span>nov\u00e9ho \u010dl\u00e1nku<\/span><\/a><span>\u00a0Dr. Williama Makise se dozv\u00edme pravdu, kterou se nikdy nedozv\u00edme od vl\u00e1d sv\u011bta ani od mainstreamov\u00fdch m\u00e9di\u00ed:<\/span><\/p>\n<p><em><span>\u201eD\u011bti jsou nad\u00e1le zab\u00edjeny mRNA vakc\u00ednami proti Covidu-19.<\/span><\/em><\/p>\n<p><em><span>Nov\u00fd dokument z Braz\u00edlie dokumentuje dosud nejmlad\u0161\u00ed \u00famrt\u00ed na myokarditidu zp\u016fsobenou mRNA vakc\u00ednou Pfizer u 7let\u00e9ho chlapce.<\/span><\/em><\/p>\n<p><em><span>Napsal jsem dopis premi\u00e9rce Alberty Danielle Smithov\u00e9, ve kter\u00e9m jsem ji vyzval, aby okam\u017eit\u011b zastavila o\u010dkov\u00e1n\u00ed proti Covidu-19 u d\u011bt\u00ed v\u0161ech v\u011bkov\u00fdch kategori\u00ed.\u201c<\/span><\/em><\/p>\n<p><span>PS A co na\u0161e ministryn\u011b zdravotnictv\u00ed Dolinkov\u00e1? Ta tak\u00e9 pokra\u010duje v nab\u00edzen\u00ed covidov\u00fdch vakc\u00edn d\u011btem!<\/span><\/p>\n<p><span>Zdroje:\u00a0<\/span><a href=\"https:\/\/www.naturalnews.com\/2024-04-12-government-another-new-excuse-for-the-genocide.html\" target=\"_blank\" rel=\"noopener\"><span>naturalnews.com<\/span><\/a><span>\u00a0,\u00a0<\/span><a href=\"https:\/\/allnewspipeline.com\/Eugenicists_Covering_Up_Genocide_To_Avoid_Being_Executed_For_Crimes_Upon_Humanity.php\" target=\"_blank\" rel=\"noopener\"><span>allnewspipeline.com<\/span><\/a><\/p>\n<p>&nbsp;<\/p>\n","protected":false},"excerpt":{"rendered":"<p>Nejnov\u011bj\u0161\u00ed ohromuj\u00edc\u00ed \u010dl\u00e1nek publikovan\u00fd novinami New York Post minul\u00e9 \u00fater\u00fd dokazuje, jak\u00e9 l\u017ei \u0161\u00ed\u0159\u00ed glob\u00e1ln\u00ed&#8230;<\/p>\n","protected":false},"author":2,"featured_media":51578,"comment_status":"closed","ping_status":"closed","sticky":false,"template":"","format":"standard","meta":[],"categories":[7],"tags":[178,940,1366,651,21],"_links":{"self":[{"href":"https:\/\/www.infokuryr.cz\/n\/wp-json\/wp\/v2\/posts\/51577"}],"collection":[{"href":"https:\/\/www.infokuryr.cz\/n\/wp-json\/wp\/v2\/posts"}],"about":[{"href":"https:\/\/www.infokuryr.cz\/n\/wp-json\/wp\/v2\/types\/post"}],"author":[{"embeddable":true,"href":"https:\/\/www.infokuryr.cz\/n\/wp-json\/wp\/v2\/users\/2"}],"replies":[{"embeddable":true,"href":"https:\/\/www.infokuryr.cz\/n\/wp-json\/wp\/v2\/comments?post=51577"}],"version-history":[{"count":0,"href":"https:\/\/www.infokuryr.cz\/n\/wp-json\/wp\/v2\/posts\/51577\/revisions"}],"wp:featuredmedia":[{"embeddable":true,"href":"https:\/\/www.infokuryr.cz\/n\/wp-json\/wp\/v2\/media\/51578"}],"wp:attachment":[{"href":"https:\/\/www.infokuryr.cz\/n\/wp-json\/wp\/v2\/media?parent=51577"}],"wp:term":[{"taxonomy":"category","embeddable":true,"href":"https:\/\/www.infokuryr.cz\/n\/wp-json\/wp\/v2\/categories?post=51577"},{"taxonomy":"post_tag","embeddable":true,"href":"https:\/\/www.infokuryr.cz\/n\/wp-json\/wp\/v2\/tags?post=51577"}],"curies":[{"name":"wp","href":"https:\/\/api.w.org\/{rel}","templated":true}]}}