{"id":51574,"date":"2024-04-14T04:17:13","date_gmt":"2024-04-14T02:17:13","guid":{"rendered":"https:\/\/www.infokuryr.cz\/n\/?p=51574"},"modified":"2024-04-14T04:17:13","modified_gmt":"2024-04-14T02:17:13","slug":"izrael-a-spojenci-zachycuji-priletajici-iranske-drony","status":"publish","type":"post","link":"https:\/\/www.infokuryr.cz\/n\/2024\/04\/14\/izrael-a-spojenci-zachycuji-priletajici-iranske-drony\/","title":{"rendered":"Izrael a spojenci zachycuj\u00ed p\u0159il\u00e9taj\u00edc\u00ed \u00edr\u00e1nsk\u00e9 drony"},"content":{"rendered":"<div id=\"fb-root\"><\/div>\n<p><span style=\"font-size: 18pt;\"><strong>Z\u00e1padn\u00ed Jeruzal\u00e9m a jeho spojenci \u00fadajn\u011b sest\u0159elili v\u00edce ne\u017e 100 UAV<\/strong><\/span><\/p>\n<p><span>USA a dal\u0161\u00ed z\u00e1padn\u00ed spojenci \u00fadajn\u011b pom\u00e1haj\u00ed Izraeli br\u00e1nit se proti odvetn\u00fdm \u00edr\u00e1nsk\u00fdm n\u00e1let\u016fm, nasazuj\u00ed st\u00edha\u010dky a dal\u0161\u00ed obranu k zachycen\u00ed p\u0159il\u00e9taj\u00edc\u00edch dron\u016f a \u0159\u00edzen\u00fdch st\u0159el d\u0159\u00edve, ne\u017e dos\u00e1hnou izraelsk\u00e9ho \u00fazem\u00ed.<\/span><\/p>\n<p><span>Americk\u00e9 s\u00edly za\u010daly sest\u0159elovat bezpilotn\u00ed letadla (UAV) na obloze nad Ir\u00e1kem a S\u00fdri\u00ed, podle nepotvrzen\u00fdch zpr\u00e1v izraelsk\u00e9ho vys\u00edl\u00e1n\u00ed. V\u00edce ne\u017e 100 \u00edr\u00e1nsk\u00fdch kamikadze dron\u016f bylo odstran\u011bno americk\u00fdmi a britsk\u00fdmi silami p\u0159edt\u00edm, ne\u017e dos\u00e1hly vzdu\u0161n\u00e9ho prostoru z\u00e1padn\u00edho Jeruzal\u00e9ma, uvedl izraelsk\u00fd arm\u00e1dn\u00ed rozhlas.<\/span><\/p>\n<p><span>Izraelsk\u00e9 a britsk\u00e9 st\u00edha\u010dky byly \u00fadajn\u011b vypu\u0161t\u011bny, aby zachytily \u00edr\u00e1nsk\u00e9 drony nad Jord\u00e1nskem. Brit\u0161t\u00ed piloti \u00fadajn\u011b vzl\u00e9tli z Kypru pot\u00e9, co \u00cdr\u00e1n v sobotu ve\u010der za\u010dal vypou\u0161t\u011bt sebevra\u017eedn\u00e9 bezpilotn\u00ed letouny proti Izraeli jako zjevnou odvetu za raketov\u00fd \u00fatok z po\u010d\u00e1tku tohoto m\u011bs\u00edce, kter\u00fd zabil sedm vojensk\u00fdch d\u016fstojn\u00edk\u016f na \u00edr\u00e1nsk\u00e9m konzul\u00e1tu v Dama\u0161ku.<\/span><\/p>\n<p><span>Kdy\u017e Teher\u00e1n sliboval pomstu, ameri\u010dt\u00ed a izrael\u0161t\u00ed v\u016fdci se v posledn\u00edch dnech p\u0159ipravovali na \u00fatoky. Americk\u00fd prezident Joe Biden v sobotu zkr\u00e1til v\u00edkendovou n\u00e1v\u0161t\u011bvu sv\u00e9ho pl\u00e1\u017eov\u00e9ho domu v Delaware a vr\u00e1til se do B\u00edl\u00e9ho domu, aby se setkal se sv\u00fdmi poradci pro n\u00e1rodn\u00ed bezpe\u010dnost.\u00a0<\/span><em><span>&#8222;Jsme oddan\u00ed obran\u011b Izraele,&#8220;<\/span><\/em><span>\u00a0\u0159ekl Biden p\u0159ed zah\u00e1jen\u00edm n\u00e1let\u016f dron\u016f.\u00a0<\/span><em><span>\u201eBudeme podporovat Izrael. Pom\u016f\u017eeme br\u00e1nit Izrael a \u00cdr\u00e1n neusp\u011bje.&#8220;<\/span><\/em><\/p>\n<p><span>M\u00edstn\u00ed televizn\u00ed stanice Channel 12 uvedla, \u017ee krom\u011b roj\u016f dron\u016f byly na Izrael odp\u00e1leny \u0159\u00edzen\u00e9 st\u0159ely. Povstalci Houthi v Jemenu vypustili drony sm\u011brem k Ejlatu, uvedl server. H\u00fas\u00edov\u00e9 a dal\u0161\u00ed milice podporovan\u00e9 \u00cdr\u00e1nem zes\u00edlily \u00fatoky proti izraelsk\u00fdm a americk\u00fdm c\u00edl\u016fm na Bl\u00edzk\u00e9m v\u00fdchod\u011b od za\u010d\u00e1tku v\u00e1lky mezi Izraelem a Ham\u00e1sem loni v \u0159\u00edjnu.<\/span><\/p>\n<p><span>\u00cdr\u00e1nsk\u00e9 ministerstvo obrany varovalo sv\u00e9 sousedy, aby nedovolili Izraeli vyu\u017e\u00edt jejich vzdu\u0161n\u00fd prostor k \u00fader\u016fm proti Teher\u00e1nu. \u00cdr\u00e1n vypustil Shahed UAV ze sv\u00e9ho vlastn\u00edho \u00fazem\u00ed a drony zjevn\u011b prolet\u011bly ir\u00e1ck\u00fdm a syrsk\u00fdm vzdu\u0161n\u00fdm prostorem na cest\u011b do Izraele.<\/span><\/p>\n<p><span>Izrael se p\u0159ipravuje na n\u011bkolik dn\u00ed st\u0159et\u016f s \u00cdr\u00e1nem a o\u010dek\u00e1v\u00e1 se izraelsk\u00e1 reakce na sobotn\u00ed n\u00e1lety, uvedla stanice KAN. Mluv\u010d\u00ed Izraelsk\u00fdch obrann\u00fdch sil (IDF) Daniel Hagari v sobotu d\u0159\u00edve varoval, \u017ee \u00cdr\u00e1n\u00a0<\/span><em><span>\u201eponese n\u00e1sledky za to, \u017ee se rozhodl situaci d\u00e1le eskalovat\u201c.<\/span><\/em><\/p>\n<p><img decoding=\"async\" loading=\"lazy\" class=\"alignnone size-full wp-image-1185\" src=\"http:\/\/www.infokuryr.cz\/n\/wp-content\/uploads\/2021\/04\/kuryr-podpis.png\" alt=\"\" width=\"84\" height=\"24\" \/><\/p>\n<p>&nbsp;<\/p>\n","protected":false},"excerpt":{"rendered":"<p>Z\u00e1padn\u00ed Jeruzal\u00e9m a jeho spojenci \u00fadajn\u011b sest\u0159elili v\u00edce ne\u017e 100 UAV USA a dal\u0161\u00ed z\u00e1padn\u00ed&#8230;<\/p>\n","protected":false},"author":2,"featured_media":51575,"comment_status":"closed","ping_status":"closed","sticky":false,"template":"","format":"standard","meta":[],"categories":[7],"tags":[38,107,40],"_links":{"self":[{"href":"https:\/\/www.infokuryr.cz\/n\/wp-json\/wp\/v2\/posts\/51574"}],"collection":[{"href":"https:\/\/www.infokuryr.cz\/n\/wp-json\/wp\/v2\/posts"}],"about":[{"href":"https:\/\/www.infokuryr.cz\/n\/wp-json\/wp\/v2\/types\/post"}],"author":[{"embeddable":true,"href":"https:\/\/www.infokuryr.cz\/n\/wp-json\/wp\/v2\/users\/2"}],"replies":[{"embeddable":true,"href":"https:\/\/www.infokuryr.cz\/n\/wp-json\/wp\/v2\/comments?post=51574"}],"version-history":[{"count":0,"href":"https:\/\/www.infokuryr.cz\/n\/wp-json\/wp\/v2\/posts\/51574\/revisions"}],"wp:featuredmedia":[{"embeddable":true,"href":"https:\/\/www.infokuryr.cz\/n\/wp-json\/wp\/v2\/media\/51575"}],"wp:attachment":[{"href":"https:\/\/www.infokuryr.cz\/n\/wp-json\/wp\/v2\/media?parent=51574"}],"wp:term":[{"taxonomy":"category","embeddable":true,"href":"https:\/\/www.infokuryr.cz\/n\/wp-json\/wp\/v2\/categories?post=51574"},{"taxonomy":"post_tag","embeddable":true,"href":"https:\/\/www.infokuryr.cz\/n\/wp-json\/wp\/v2\/tags?post=51574"}],"curies":[{"name":"wp","href":"https:\/\/api.w.org\/{rel}","templated":true}]}}